{"id":22540,"date":"2025-01-15T07:51:08","date_gmt":"2025-01-15T10:51:08","guid":{"rendered":"https:\/\/minutobahia24h.com.br\/?p=22540"},"modified":"2025-01-15T07:51:10","modified_gmt":"2025-01-15T10:51:10","slug":"dom-francisco-palhano-sera-homenageado-em-petrolina-pelos-50-anos-de-sacerdocio","status":"publish","type":"post","link":"https:\/\/minutobahia24h.com.br\/?p=22540","title":{"rendered":"Dom Francisco Palhano ser\u00e1 homenageado em Petrolina pelos 50 anos de sacerd\u00f3cio"},"content":{"rendered":"<div class=\"wp-block-image\">\n<figure class=\"aligncenter size-full\"><img data-recalc-dims=\"1\" fetchpriority=\"high\" decoding=\"async\" width=\"763\" height=\"546\" src=\"https:\/\/i0.wp.com\/minutobahia24h.com.br\/wp-content\/uploads\/2025\/01\/Sem-titulo-273.jpg?resize=763%2C546&#038;ssl=1\" alt=\"\" class=\"wp-image-22541\" srcset=\"https:\/\/i0.wp.com\/minutobahia24h.com.br\/wp-content\/uploads\/2025\/01\/Sem-titulo-273.jpg?w=763&amp;ssl=1 763w, https:\/\/i0.wp.com\/minutobahia24h.com.br\/wp-content\/uploads\/2025\/01\/Sem-titulo-273.jpg?resize=300%2C215&amp;ssl=1 300w, https:\/\/i0.wp.com\/minutobahia24h.com.br\/wp-content\/uploads\/2025\/01\/Sem-titulo-273.jpg?resize=120%2C86&amp;ssl=1 120w, https:\/\/i0.wp.com\/minutobahia24h.com.br\/wp-content\/uploads\/2025\/01\/Sem-titulo-273.jpg?resize=350%2C250&amp;ssl=1 350w, https:\/\/i0.wp.com\/minutobahia24h.com.br\/wp-content\/uploads\/2025\/01\/Sem-titulo-273.jpg?resize=750%2C537&amp;ssl=1 750w\" sizes=\"(max-width: 763px) 100vw, 763px\" \/><\/figure>\n<\/div>\n\n\n<p>O ex-bispo de Petrolina, Dom Francisco Canind\u00e9 Palhano, ser\u00e1 homenageado em solene celebra\u00e7\u00e3o eucar\u00edstica em a\u00e7\u00e3o de gra\u00e7as pelos 50 anos de sua ordena\u00e7\u00e3o sacerdotal. O evento cat\u00f3lico acontecer\u00e1 no pr\u00f3ximo dia 2 de fevereiro, na Igreja Catedral, Centro da cidade, \u00e0s 17h.<\/p>\n\n\n\n<p>Dom Francisco Palhano tamb\u00e9m receber\u00e1 homenagens nas cidades onde exerceu o minist\u00e9rio sacerdotal: Senhor do Bonfim, Norte da Bahia, (1\/02); Santana de Matos-RN (8\/02); Natal-RN (9\/02); e S\u00e3o Jos\u00e9 de Mipibu-RN (15 e 17\/02).<\/p>\n\n\n\n<p>carlosbritto<\/p>\n","protected":false},"excerpt":{"rendered":"<p>O ex-bispo de Petrolina, Dom Francisco Canind\u00e9 Palhano, ser\u00e1 homenageado em solene celebra\u00e7\u00e3o eucar\u00edstica em a\u00e7\u00e3o de gra\u00e7as pelos 50 anos de sua ordena\u00e7\u00e3o sacerdotal. O evento cat\u00f3lico acontecer\u00e1 no pr\u00f3ximo dia 2 de fevereiro, na Igreja Catedral, Centro da cidade, \u00e0s 17h. Dom Francisco Palhano tamb\u00e9m receber\u00e1 homenagens nas cidades onde exerceu o minist\u00e9rio [&hellip;]<\/p>\n","protected":false},"author":2,"featured_media":22541,"comment_status":"open","ping_status":"open","sticky":false,"template":"","format":"standard","meta":{"_jetpack_memberships_contains_paid_content":false,"footnotes":""},"categories":[3],"tags":[],"class_list":["post-22540","post","type-post","status-publish","format-standard","has-post-thumbnail","hentry","category-regional"],"aioseo_notices":[],"jetpack_featured_media_url":"https:\/\/i0.wp.com\/minutobahia24h.com.br\/wp-content\/uploads\/2025\/01\/Sem-titulo-273.jpg?fit=763%2C546&ssl=1","jetpack_sharing_enabled":true,"_links":{"self":[{"href":"https:\/\/minutobahia24h.com.br\/index.php?rest_route=\/wp\/v2\/posts\/22540","targetHints":{"allow":["GET"]}}],"collection":[{"href":"https:\/\/minutobahia24h.com.br\/index.php?rest_route=\/wp\/v2\/posts"}],"about":[{"href":"https:\/\/minutobahia24h.com.br\/index.php?rest_route=\/wp\/v2\/types\/post"}],"author":[{"embeddable":true,"href":"https:\/\/minutobahia24h.com.br\/index.php?rest_route=\/wp\/v2\/users\/2"}],"replies":[{"embeddable":true,"href":"https:\/\/minutobahia24h.com.br\/index.php?rest_route=%2Fwp%2Fv2%2Fcomments&post=22540"}],"version-history":[{"count":1,"href":"https:\/\/minutobahia24h.com.br\/index.php?rest_route=\/wp\/v2\/posts\/22540\/revisions"}],"predecessor-version":[{"id":22542,"href":"https:\/\/minutobahia24h.com.br\/index.php?rest_route=\/wp\/v2\/posts\/22540\/revisions\/22542"}],"wp:featuredmedia":[{"embeddable":true,"href":"https:\/\/minutobahia24h.com.br\/index.php?rest_route=\/wp\/v2\/media\/22541"}],"wp:attachment":[{"href":"https:\/\/minutobahia24h.com.br\/index.php?rest_route=%2Fwp%2Fv2%2Fmedia&parent=22540"}],"wp:term":[{"taxonomy":"category","embeddable":true,"href":"https:\/\/minutobahia24h.com.br\/index.php?rest_route=%2Fwp%2Fv2%2Fcategories&post=22540"},{"taxonomy":"post_tag","embeddable":true,"href":"https:\/\/minutobahia24h.com.br\/index.php?rest_route=%2Fwp%2Fv2%2Ftags&post=22540"}],"curies":[{"name":"wp","href":"https:\/\/api.w.org\/{rel}","templated":true}]}}