{"id":22522,"date":"2025-01-15T07:32:27","date_gmt":"2025-01-15T10:32:27","guid":{"rendered":"https:\/\/minutobahia24h.com.br\/?p=22522"},"modified":"2025-01-15T07:32:28","modified_gmt":"2025-01-15T10:32:28","slug":"fim-do-misterio-ossada-humana-e-encontrada-em-serra-pertencem-ao-garotinho-davi-diz-analise-cientifica","status":"publish","type":"post","link":"https:\/\/minutobahia24h.com.br\/?p=22522","title":{"rendered":"Fim do mist\u00e9rio: ossada humana \u00e9 encontrada em serra pertencem ao garotinho Davi; diz an\u00e1lise cient\u00edfica"},"content":{"rendered":"<div class=\"wp-block-image\">\n<figure class=\"aligncenter size-full\"><img data-recalc-dims=\"1\" fetchpriority=\"high\" decoding=\"async\" width=\"800\" height=\"600\" src=\"https:\/\/i0.wp.com\/minutobahia24h.com.br\/wp-content\/uploads\/2025\/01\/Sem-titulo-267.jpg?resize=800%2C600&#038;ssl=1\" alt=\"\" class=\"wp-image-22523\" srcset=\"https:\/\/i0.wp.com\/minutobahia24h.com.br\/wp-content\/uploads\/2025\/01\/Sem-titulo-267.jpg?w=1008&amp;ssl=1 1008w, https:\/\/i0.wp.com\/minutobahia24h.com.br\/wp-content\/uploads\/2025\/01\/Sem-titulo-267.jpg?resize=300%2C225&amp;ssl=1 300w, https:\/\/i0.wp.com\/minutobahia24h.com.br\/wp-content\/uploads\/2025\/01\/Sem-titulo-267.jpg?resize=768%2C576&amp;ssl=1 768w, https:\/\/i0.wp.com\/minutobahia24h.com.br\/wp-content\/uploads\/2025\/01\/Sem-titulo-267.jpg?resize=750%2C563&amp;ssl=1 750w\" sizes=\"(max-width: 800px) 100vw, 800px\" \/><\/figure>\n<\/div>\n\n\n<p>Foi encerrado o mist\u00e9rio que h\u00e1 dois meses intrigava a popula\u00e7\u00e3o da regi\u00e3o de Picos, no munic\u00edpio de Iti\u00faba. A ossada encontrada em uma mata foi oficialmente identificada como pertencente ao pequeno Davi Lima, desaparecido h\u00e1 cerca de tr\u00eas anos na localidade de Varzinha das Olarias, tamb\u00e9m em Iti\u00faba.<\/p>\n\n\n\n<p>A confirma\u00e7\u00e3o veio na tarde desta ter\u00e7a-feira, dia 14 de janeiro, ap\u00f3s os ossos terem sido submetidos a exames nas instala\u00e7\u00f5es do Departamento de Pol\u00edcia T\u00e9cnica (DPT) de Senhor do Bonfim. A an\u00e1lise cient\u00edfica confirmou a identidade, encerrando as d\u00favidas que persistiam desde a descoberta da ossada.<\/p>\n\n\n\n<p>Davi Lima desapareceu ainda crian\u00e7a, e sua aus\u00eancia trouxe um misto de ang\u00fastia e esperan\u00e7a \u00e0 fam\u00edlia e \u00e0 comunidade. A localiza\u00e7\u00e3o dos restos mortais, embora traga dor, tamb\u00e9m encerra uma longa busca por respostas. A fam\u00edlia j\u00e1 foi comunicada oficialmente sobre o desfecho.<\/p>\n\n\n\n<p>A trag\u00e9dia do desaparecimento de Davi e as circunst\u00e2ncias que cercaram sua morte ainda est\u00e3o sendo investigadas. O caso deve ganhar novos desdobramentos \u00e0 medida que as autoridades continuam apurando os fatos.<\/p>\n\n\n\n<p><strong>Fonte: Portal Espa\u00e7o Aberto<\/strong><\/p>\n","protected":false},"excerpt":{"rendered":"<p>Foi encerrado o mist\u00e9rio que h\u00e1 dois meses intrigava a popula\u00e7\u00e3o da regi\u00e3o de Picos, no munic\u00edpio de Iti\u00faba. A ossada encontrada em uma mata foi oficialmente identificada como pertencente ao pequeno Davi Lima, desaparecido h\u00e1 cerca de tr\u00eas anos na localidade de Varzinha das Olarias, tamb\u00e9m em Iti\u00faba. A confirma\u00e7\u00e3o veio na tarde desta [&hellip;]<\/p>\n","protected":false},"author":2,"featured_media":22523,"comment_status":"open","ping_status":"open","sticky":false,"template":"","format":"standard","meta":{"_jetpack_memberships_contains_paid_content":false,"footnotes":""},"categories":[3],"tags":[],"class_list":["post-22522","post","type-post","status-publish","format-standard","has-post-thumbnail","hentry","category-regional"],"aioseo_notices":[],"jetpack_featured_media_url":"https:\/\/i0.wp.com\/minutobahia24h.com.br\/wp-content\/uploads\/2025\/01\/Sem-titulo-267.jpg?fit=1008%2C756&ssl=1","jetpack_sharing_enabled":true,"_links":{"self":[{"href":"https:\/\/minutobahia24h.com.br\/index.php?rest_route=\/wp\/v2\/posts\/22522","targetHints":{"allow":["GET"]}}],"collection":[{"href":"https:\/\/minutobahia24h.com.br\/index.php?rest_route=\/wp\/v2\/posts"}],"about":[{"href":"https:\/\/minutobahia24h.com.br\/index.php?rest_route=\/wp\/v2\/types\/post"}],"author":[{"embeddable":true,"href":"https:\/\/minutobahia24h.com.br\/index.php?rest_route=\/wp\/v2\/users\/2"}],"replies":[{"embeddable":true,"href":"https:\/\/minutobahia24h.com.br\/index.php?rest_route=%2Fwp%2Fv2%2Fcomments&post=22522"}],"version-history":[{"count":1,"href":"https:\/\/minutobahia24h.com.br\/index.php?rest_route=\/wp\/v2\/posts\/22522\/revisions"}],"predecessor-version":[{"id":22524,"href":"https:\/\/minutobahia24h.com.br\/index.php?rest_route=\/wp\/v2\/posts\/22522\/revisions\/22524"}],"wp:featuredmedia":[{"embeddable":true,"href":"https:\/\/minutobahia24h.com.br\/index.php?rest_route=\/wp\/v2\/media\/22523"}],"wp:attachment":[{"href":"https:\/\/minutobahia24h.com.br\/index.php?rest_route=%2Fwp%2Fv2%2Fmedia&parent=22522"}],"wp:term":[{"taxonomy":"category","embeddable":true,"href":"https:\/\/minutobahia24h.com.br\/index.php?rest_route=%2Fwp%2Fv2%2Fcategories&post=22522"},{"taxonomy":"post_tag","embeddable":true,"href":"https:\/\/minutobahia24h.com.br\/index.php?rest_route=%2Fwp%2Fv2%2Ftags&post=22522"}],"curies":[{"name":"wp","href":"https:\/\/api.w.org\/{rel}","templated":true}]}}