{"id":22511,"date":"2025-01-14T15:20:07","date_gmt":"2025-01-14T18:20:07","guid":{"rendered":"https:\/\/minutobahia24h.com.br\/?p=22511"},"modified":"2025-01-14T15:20:09","modified_gmt":"2025-01-14T18:20:09","slug":"pe-de-meia-a-universitarios-programa-sera-lancado-hoje","status":"publish","type":"post","link":"https:\/\/minutobahia24h.com.br\/?p=22511","title":{"rendered":"P\u00e9-de-Meia a universit\u00e1rios: programa ser\u00e1 lan\u00e7ado hoje"},"content":{"rendered":"<div class=\"wp-block-image\">\n<figure class=\"aligncenter size-full\"><img data-recalc-dims=\"1\" fetchpriority=\"high\" decoding=\"async\" width=\"700\" height=\"514\" src=\"https:\/\/i0.wp.com\/minutobahia24h.com.br\/wp-content\/uploads\/2025\/01\/Sem-titulo-265.jpg?resize=700%2C514&#038;ssl=1\" alt=\"\" class=\"wp-image-22512\" srcset=\"https:\/\/i0.wp.com\/minutobahia24h.com.br\/wp-content\/uploads\/2025\/01\/Sem-titulo-265.jpg?w=700&amp;ssl=1 700w, https:\/\/i0.wp.com\/minutobahia24h.com.br\/wp-content\/uploads\/2025\/01\/Sem-titulo-265.jpg?resize=300%2C220&amp;ssl=1 300w\" sizes=\"(max-width: 700px) 100vw, 700px\" \/><\/figure>\n<\/div>\n\n\n<p>O Minist\u00e9rio da Educa\u00e7\u00e3o (MEC) lan\u00e7ar\u00e1 nesta ter\u00e7a-feira (14), o programa \u201cP\u00e9-de-Meia Licenciatura\u201d . A iniciativa \u00e9 direcionada aos estudantes matriculados em cursos de forma\u00e7\u00e3o de professores. De acordo com o ministro do MEC, Camilo Santana, os estudantes que realizaram o Exame Nacional do Ensino M\u00e9dio (Enem) em 2024 j\u00e1 ter\u00e3o direito ao benef\u00edcio caso escolham cursos de licenciatura no Sisu. As inscri\u00e7\u00f5es no sistema come\u00e7am nesta sexta-feira (17) e seguem abertas at\u00e9 21 de janeiro.<\/p>\n\n\n\n<p>As informa\u00e7\u00f5es sobre o novo programa do governo foram antecipadas pelo ministro nesta segunda-feira (13) durante coletiva de imprensa para comentar os resultados do Enem. O programa pagar\u00e1 uma mensalidade de R$ 1.050 para estudantes de cursos universit\u00e1rios de forma\u00e7\u00e3o de professores. A iniciativa do governo integra o \u201cMais Professores\u201d, pol\u00edtica p\u00fablica que busca valorizar o magist\u00e9rio. O benef\u00edcio deve ser depositado em uma conta poupan\u00e7a.<\/p>\n\n\n\n<p>Camilo Santana disse que o governo j\u00e1 calculou o impacto or\u00e7ament\u00e1rio do novo programa, mas que o n\u00famero ser\u00e1 divulgado somente no lan\u00e7amento da iniciativa. Em dezembro, a \u00e1rea t\u00e9cnica do Tribunal de Contas da Uni\u00e3o (TCU), pediu o bloqueio de R$ 6 bilh\u00f5es em recursos destinados ao programa \u201cP\u00e9-de-Meia\u201d. O entendimento dos auditores \u00e9 de que o programa desrespeita as regras do arcabou\u00e7o fiscal por estar sendo operado fora do Or\u00e7amento da Uni\u00e3o.<\/p>\n\n\n\n<p><strong>P\u00e9-de-Meia no Ensino M\u00e9dio<\/strong><\/p>\n\n\n\n<p>O novo programa do governo ser\u00e1 lan\u00e7ado cerca de um ano depois do an\u00fancio do P\u00e9-de-Meia para estudantes do ensino m\u00e9dio da rede p\u00fablica de ensino, iniciado em 2024. A medida paga um valor de R$ 200 mensais a estudantes de escola p\u00fablica. Al\u00e9m da parcela mensal, o benefici\u00e1rio do P\u00e9-de-Meia ainda recebe R$ 1.000 ao final de cada ano conclu\u00eddo, que s\u00f3 podem ser retirados da poupan\u00e7a ap\u00f3s a formatura no ensino m\u00e9dio.<\/p>\n\n\n\n<p>Considerando as parcelas de incentivo, os dep\u00f3sitos anuais e o adicional de R$ 200 pela participa\u00e7\u00e3o no Enem, os valores chegam a R$ 9.200 por aluno. Cerca de 4 milh\u00f5es de estudantes s\u00e3o atendidos atualmente com o programa. <\/p>\n\n\n\n<p>(Fonte: CNN Brasil)<\/p>\n","protected":false},"excerpt":{"rendered":"<p>O Minist\u00e9rio da Educa\u00e7\u00e3o (MEC) lan\u00e7ar\u00e1 nesta ter\u00e7a-feira (14), o programa \u201cP\u00e9-de-Meia Licenciatura\u201d . A iniciativa \u00e9 direcionada aos estudantes matriculados em cursos de forma\u00e7\u00e3o de professores. De acordo com o ministro do MEC, Camilo Santana, os estudantes que realizaram o Exame Nacional do Ensino M\u00e9dio (Enem) em 2024 j\u00e1 ter\u00e3o direito ao benef\u00edcio caso [&hellip;]<\/p>\n","protected":false},"author":2,"featured_media":22512,"comment_status":"open","ping_status":"open","sticky":false,"template":"","format":"standard","meta":{"_jetpack_memberships_contains_paid_content":false,"footnotes":""},"categories":[46],"tags":[],"class_list":["post-22511","post","type-post","status-publish","format-standard","has-post-thumbnail","hentry","category-noticia"],"aioseo_notices":[],"jetpack_featured_media_url":"https:\/\/i0.wp.com\/minutobahia24h.com.br\/wp-content\/uploads\/2025\/01\/Sem-titulo-265.jpg?fit=700%2C514&ssl=1","jetpack_sharing_enabled":true,"_links":{"self":[{"href":"https:\/\/minutobahia24h.com.br\/index.php?rest_route=\/wp\/v2\/posts\/22511","targetHints":{"allow":["GET"]}}],"collection":[{"href":"https:\/\/minutobahia24h.com.br\/index.php?rest_route=\/wp\/v2\/posts"}],"about":[{"href":"https:\/\/minutobahia24h.com.br\/index.php?rest_route=\/wp\/v2\/types\/post"}],"author":[{"embeddable":true,"href":"https:\/\/minutobahia24h.com.br\/index.php?rest_route=\/wp\/v2\/users\/2"}],"replies":[{"embeddable":true,"href":"https:\/\/minutobahia24h.com.br\/index.php?rest_route=%2Fwp%2Fv2%2Fcomments&post=22511"}],"version-history":[{"count":1,"href":"https:\/\/minutobahia24h.com.br\/index.php?rest_route=\/wp\/v2\/posts\/22511\/revisions"}],"predecessor-version":[{"id":22513,"href":"https:\/\/minutobahia24h.com.br\/index.php?rest_route=\/wp\/v2\/posts\/22511\/revisions\/22513"}],"wp:featuredmedia":[{"embeddable":true,"href":"https:\/\/minutobahia24h.com.br\/index.php?rest_route=\/wp\/v2\/media\/22512"}],"wp:attachment":[{"href":"https:\/\/minutobahia24h.com.br\/index.php?rest_route=%2Fwp%2Fv2%2Fmedia&parent=22511"}],"wp:term":[{"taxonomy":"category","embeddable":true,"href":"https:\/\/minutobahia24h.com.br\/index.php?rest_route=%2Fwp%2Fv2%2Fcategories&post=22511"},{"taxonomy":"post_tag","embeddable":true,"href":"https:\/\/minutobahia24h.com.br\/index.php?rest_route=%2Fwp%2Fv2%2Ftags&post=22511"}],"curies":[{"name":"wp","href":"https:\/\/api.w.org\/{rel}","templated":true}]}}