{"id":22461,"date":"2025-01-14T07:32:57","date_gmt":"2025-01-14T10:32:57","guid":{"rendered":"https:\/\/minutobahia24h.com.br\/?p=22461"},"modified":"2025-01-14T07:32:59","modified_gmt":"2025-01-14T10:32:59","slug":"mais-medicos-saude-lanca-campanha-sobre-importancia-do-programa","status":"publish","type":"post","link":"https:\/\/minutobahia24h.com.br\/?p=22461","title":{"rendered":"Mais M\u00e9dicos: Sa\u00fade lan\u00e7a campanha sobre import\u00e2ncia do programa"},"content":{"rendered":"<div class=\"wp-block-image\">\n<figure class=\"aligncenter size-full\"><img data-recalc-dims=\"1\" fetchpriority=\"high\" decoding=\"async\" width=\"599\" height=\"420\" src=\"https:\/\/i0.wp.com\/minutobahia24h.com.br\/wp-content\/uploads\/2025\/01\/Sem-titulo-252.jpg?resize=599%2C420&#038;ssl=1\" alt=\"\" class=\"wp-image-22462\" srcset=\"https:\/\/i0.wp.com\/minutobahia24h.com.br\/wp-content\/uploads\/2025\/01\/Sem-titulo-252.jpg?w=599&amp;ssl=1 599w, https:\/\/i0.wp.com\/minutobahia24h.com.br\/wp-content\/uploads\/2025\/01\/Sem-titulo-252.jpg?resize=300%2C210&amp;ssl=1 300w\" sizes=\"(max-width: 599px) 100vw, 599px\" \/><figcaption class=\"wp-element-caption\">Foto: Karina Zambrana\/Minist\u00e9rio da Sa\u00fade<br><\/figcaption><\/figure>\n<\/div>\n\n\n<p>O Minist\u00e9rio da Sa\u00fade lan\u00e7ou nesta segunda-feira (13) uma campanha publicit\u00e1ria sobre o programa Mais M\u00e9dicos, que ser\u00e1 veiculada na televis\u00e3o, r\u00e1dio, m\u00eddias e pain\u00e9is digitais. Chamada de Onde Tem Vida, Tem Mais M\u00e9dicos. E Onde Tem Mais M\u00e9dicos, Tem Governo Federal e um Brasil Bem Cuidado, a campanha pretende sensibilizar a popula\u00e7\u00e3o sobre a import\u00e2ncia do programa, al\u00e9m de incentivar a busca de informa\u00e7\u00f5es sobre os atendimentos pelo portal do Mais M\u00e9dicos. A informa\u00e7\u00e3o \u00e9 de uma reportagem da Ag\u00eancia Brasil.<\/p>\n\n\n\n<p>O programa Mais M\u00e9dicos foi criado em 2013, com o objetivo de ampliar a assist\u00eancia \u00e0 aten\u00e7\u00e3o b\u00e1sica de sa\u00fade levando m\u00e9dicos para atuarem em regi\u00f5es priorit\u00e1rias, remotas, de dif\u00edcil acesso e de alto \u00edndice de vulnerabilidade, onde h\u00e1 escassez ou aus\u00eancia desses profissionais. Em 2023, o programa foi relan\u00e7ado e rebatizado de Mais M\u00e9dicos para o Brasil, passando a incluir outras \u00e1reas de sa\u00fade, como dentistas, enfermeiros e assistentes sociais, e prometendo priorizar profissionais brasileiros.<\/p>\n\n\n\n<p>\u201cO Mais M\u00e9dicos \u00e9 uma realidade, e faz diferen\u00e7a. Na Estrat\u00e9gia de Sa\u00fade da Fam\u00edlia , hoje, o programa permite hor\u00e1rios de atendimento estendidos\u201d, disse a ministra da Sa\u00fade, N\u00edsia Trindade.<\/p>\n\n\n\n<p>A Ag\u00eancia Brasil aponta que de acordo com o Minist\u00e9rio da Sa\u00fade, a aten\u00e7\u00e3o prim\u00e1ria chegou \u00e0 marca de 26.872 vagas preenchidas no Mais M\u00e9dicos no final do ano passado, sendo 601 para atua\u00e7\u00e3o em 34 Distritos Sanit\u00e1rios Especiais Ind\u00edgenas (DSEI) . Destes, 50 profissionais foram encaminhados para o territ\u00f3rio Yanomami. Outro destaque, informou a pasta, foi a abertura de editais com regime de cotas \u00e9tnico-raciais e para pessoas com defici\u00eancia (PCDs), com a oferta de 3,1 mil vagas para profissionais de 1.574 munic\u00edpios brasileiros. A nova campanha poder\u00e1 ser vista no portal do programa.<\/p>\n\n\n\n<p>Bahia.ba<\/p>\n","protected":false},"excerpt":{"rendered":"<p>O Minist\u00e9rio da Sa\u00fade lan\u00e7ou nesta segunda-feira (13) uma campanha publicit\u00e1ria sobre o programa Mais M\u00e9dicos, que ser\u00e1 veiculada na televis\u00e3o, r\u00e1dio, m\u00eddias e pain\u00e9is digitais. Chamada de Onde Tem Vida, Tem Mais M\u00e9dicos. E Onde Tem Mais M\u00e9dicos, Tem Governo Federal e um Brasil Bem Cuidado, a campanha pretende sensibilizar a popula\u00e7\u00e3o sobre a [&hellip;]<\/p>\n","protected":false},"author":2,"featured_media":22462,"comment_status":"open","ping_status":"open","sticky":false,"template":"","format":"standard","meta":{"_jetpack_memberships_contains_paid_content":false,"footnotes":""},"categories":[18],"tags":[],"class_list":["post-22461","post","type-post","status-publish","format-standard","has-post-thumbnail","hentry","category-saude"],"aioseo_notices":[],"jetpack_featured_media_url":"https:\/\/i0.wp.com\/minutobahia24h.com.br\/wp-content\/uploads\/2025\/01\/Sem-titulo-252.jpg?fit=599%2C420&ssl=1","jetpack_sharing_enabled":true,"_links":{"self":[{"href":"https:\/\/minutobahia24h.com.br\/index.php?rest_route=\/wp\/v2\/posts\/22461","targetHints":{"allow":["GET"]}}],"collection":[{"href":"https:\/\/minutobahia24h.com.br\/index.php?rest_route=\/wp\/v2\/posts"}],"about":[{"href":"https:\/\/minutobahia24h.com.br\/index.php?rest_route=\/wp\/v2\/types\/post"}],"author":[{"embeddable":true,"href":"https:\/\/minutobahia24h.com.br\/index.php?rest_route=\/wp\/v2\/users\/2"}],"replies":[{"embeddable":true,"href":"https:\/\/minutobahia24h.com.br\/index.php?rest_route=%2Fwp%2Fv2%2Fcomments&post=22461"}],"version-history":[{"count":1,"href":"https:\/\/minutobahia24h.com.br\/index.php?rest_route=\/wp\/v2\/posts\/22461\/revisions"}],"predecessor-version":[{"id":22463,"href":"https:\/\/minutobahia24h.com.br\/index.php?rest_route=\/wp\/v2\/posts\/22461\/revisions\/22463"}],"wp:featuredmedia":[{"embeddable":true,"href":"https:\/\/minutobahia24h.com.br\/index.php?rest_route=\/wp\/v2\/media\/22462"}],"wp:attachment":[{"href":"https:\/\/minutobahia24h.com.br\/index.php?rest_route=%2Fwp%2Fv2%2Fmedia&parent=22461"}],"wp:term":[{"taxonomy":"category","embeddable":true,"href":"https:\/\/minutobahia24h.com.br\/index.php?rest_route=%2Fwp%2Fv2%2Fcategories&post=22461"},{"taxonomy":"post_tag","embeddable":true,"href":"https:\/\/minutobahia24h.com.br\/index.php?rest_route=%2Fwp%2Fv2%2Ftags&post=22461"}],"curies":[{"name":"wp","href":"https:\/\/api.w.org\/{rel}","templated":true}]}}