{"id":22458,"date":"2025-01-14T07:30:52","date_gmt":"2025-01-14T10:30:52","guid":{"rendered":"https:\/\/minutobahia24h.com.br\/?p=22458"},"modified":"2025-01-14T07:30:54","modified_gmt":"2025-01-14T10:30:54","slug":"adolfo-menezes-viaja-a-brasilia-e-pode-articular-neutralizacao-a-angelo-coronel-em-eleicao-na-al-ba-entenda","status":"publish","type":"post","link":"https:\/\/minutobahia24h.com.br\/?p=22458","title":{"rendered":"Adolfo Menezes viaja \u00e0 Bras\u00edlia e pode articular \u201cneutraliza\u00e7\u00e3o\u201d a Angelo Coronel em elei\u00e7\u00e3o na AL-BA; entenda"},"content":{"rendered":"<div class=\"wp-block-image\">\n<figure class=\"aligncenter size-large\"><img data-recalc-dims=\"1\" fetchpriority=\"high\" decoding=\"async\" width=\"800\" height=\"420\" src=\"https:\/\/i0.wp.com\/minutobahia24h.com.br\/wp-content\/uploads\/2025\/01\/Sem-titulo-251-1024x538.jpg?resize=800%2C420&#038;ssl=1\" alt=\"\" class=\"wp-image-22459\" srcset=\"https:\/\/i0.wp.com\/minutobahia24h.com.br\/wp-content\/uploads\/2025\/01\/Sem-titulo-251.jpg?resize=1024%2C538&amp;ssl=1 1024w, https:\/\/i0.wp.com\/minutobahia24h.com.br\/wp-content\/uploads\/2025\/01\/Sem-titulo-251.jpg?resize=300%2C158&amp;ssl=1 300w, https:\/\/i0.wp.com\/minutobahia24h.com.br\/wp-content\/uploads\/2025\/01\/Sem-titulo-251.jpg?resize=768%2C403&amp;ssl=1 768w, https:\/\/i0.wp.com\/minutobahia24h.com.br\/wp-content\/uploads\/2025\/01\/Sem-titulo-251.jpg?resize=750%2C394&amp;ssl=1 750w, https:\/\/i0.wp.com\/minutobahia24h.com.br\/wp-content\/uploads\/2025\/01\/Sem-titulo-251.jpg?resize=1140%2C599&amp;ssl=1 1140w, https:\/\/i0.wp.com\/minutobahia24h.com.br\/wp-content\/uploads\/2025\/01\/Sem-titulo-251.jpg?w=1200&amp;ssl=1 1200w\" sizes=\"(max-width: 800px) 100vw, 800px\" \/><figcaption class=\"wp-element-caption\">Foto: Vanner Cassaes \/ AL-BA<br><\/figcaption><\/figure>\n<\/div>\n\n\n<p>A elei\u00e7\u00e3o da Mesa Diretora da Assembleia Legislativa da Bahia (AL-BA) deve ganhar novos desdobramentos nas pr\u00f3ximas semanas. O presidente da Casa, Adolfo Menezes (PSD), deve viajar para Bras\u00edlia e pode discutir as articula\u00e7\u00f5es para a elei\u00e7\u00e3o dos cargos na AL-BA. Com diferentes cen\u00e1rios j\u00e1 desenhados, o objetivo principal seria claro: neutralizar a movimenta\u00e7\u00e3o do senador Angelo Coronel (PSD), que movimenta a candidatura de seu filho na disputa pela 1\u00aa vice-presid\u00eancia da Casa.<\/p>\n\n\n\n<p>O presidente da Assembleia deve viajar nesta ter\u00e7a-feira (14) \u00e0 Bras\u00edlia para acompanhar a posse do novo ministro das Comunica\u00e7\u00f5es, o publicit\u00e1rio baiano Sid\u00f4nio Palmeira. No Distrito Federal, Adolfo ir\u00e1 se reunir com lideran\u00e7as pol\u00edticas, entre elas o senador e presidente estadual do PSD, Otto Alencar, e o atual ministro da Casa Civil, Rui Costa para definir as pr\u00f3ximas movimenta\u00e7\u00f5es na Assembleia.<\/p>\n\n\n\n<p>De acordo com informa\u00e7\u00f5es obtidas pelo Bahia Not\u00edcias, Adolfo tem trabalhado com algumas hip\u00f3teses, n\u00e3o descartando retirar sua candidatura, visto que seu eventual novo mandato tem a possibilidade de sofrer uma anula\u00e7\u00e3o pelo Supremo Tribunal Federal (STF). O movimento viria atrelado ao enfraquecimento do projeto do senador \u00c2ngelo Coronel (PSD) em fazer o filho, deputado \u00c2ngelo Filho (PSD) presidente da Casa.\u00a0<\/p>\n\n\n\n<p>O principal nome para o substituir na disputa pela presid\u00eancia seria o da deputada estadual Ivana Bastos (PSD), que j\u00e1 declarou publicamente o desejo de ocupar a cadeira e chegou a recuar de sua candidatura para apoiar Adolfo. A parlamentar, inclusive, contaria com o aval de Otto Alencar. Atualmente, Ivana \u00e9 um dos nomes na disputa pela primeira vice-presid\u00eancia.\u00a0<\/p>\n\n\n\n<p>Caso Ivana \u201cn\u00e3o re\u00fana condi\u00e7\u00f5es\u201d, a outra possibilidade para a disputa seria o deputado Alex da Piat\u00e3 (PSD). A movimenta\u00e7\u00e3o de retirada de candidatura seria uma manobra que visaria enfraquecer o nome de Angelo Coronel Filho (PSD), que tem se articulado nos bastidores, com seu pai, para assumir a 1\u00aa vice-presid\u00eancia.<\/p>\n\n\n\n<p>A terceira possibilidade, em caso de retirada de sua candidatura, Adolfo deixaria \u201co circo pegar fogo\u201d, deixando a disputa entre o l\u00edder do governo na AL-BA, Rosemberg Pinto (PT), e Angelo Filho. Vale destacar que os nomes postos at\u00e9 o momento ainda n\u00e3o foram oficializados, mas correm pelos bastidores da Assembleia.<\/p>\n\n\n\n<p>OLHO POR OLHO<br>A movimenta\u00e7\u00e3o para travar as articula\u00e7\u00f5es de Angelo Coronel teria como precursor as elei\u00e7\u00f5es da Mesa Diretora de 2017, que sagrou o agora senador como presidente da Casa em candidatura \u00fanica.\u00a0<\/p>\n\n\n\n<p>Antes da elei\u00e7\u00e3o, a disputa se encaminhava para um embate entre Adolfo Menezes e o ent\u00e3o presidente, Marcelo Nilo (Republicanos | Ex-PSL), que estava na cadeira h\u00e1 10 anos. Todavia, ap\u00f3s articula\u00e7\u00e3o de Coronel, a candidatura de Adolfo acabou perdendo for\u00e7a, deixando o caminho \u201clivre\u201d para o\u00a0<a href=\"https:\/\/www.bahianoticias.com.br\/noticia\/202352-sem-surpresa-coronel-e-eleito-presidente-da-al-ba-e-poe-fim-a-era-marcelo-nilo\" target=\"_blank\" rel=\"noreferrer noopener\">agora senador assumir o cargo.<\/a><\/p>\n\n\n\n<p>Vale lembrar que antes da disputa, Nilo retirou seu nome da disputa ap\u00f3s uma \u201cavalia\u00e7\u00e3o do cen\u00e1rio pol\u00edtico\u201d e\u00a0<a href=\"https:\/\/www.bahianoticias.com.br\/noticia\/202313-marcelo-nilo-renuncia-a-candidatura-a-presidencia-da-al-ba-apos-perder-apoios.html\" target=\"_blank\" rel=\"noreferrer noopener\">perder apoios da bancada governista<\/a>.<\/p>\n\n\n\n<p><strong>ACORDO DA OPOSI\u00c7\u00c3O<\/strong><\/p>\n\n\n\n<p>Na semana passada, o Bahia Not\u00edcias publicou que alas da AL-BA estariam reticentes com a indica\u00e7\u00e3o de Rosemberg, apostando na indica\u00e7\u00e3o de Angelo Coronel Filho (PSD) como uma poss\u00edvel sa\u00edda. Segundo a reportagem,\u00a0<a href=\"https:\/\/www.bahianoticias.com.br\/noticia\/300187-oposicao-estaria-disposta-a-apoiar-angelo-coronel-filho-para-1a-vice-na-al-ba-como-contragolpe-a-governo-entenda\" target=\"_blank\" rel=\"noreferrer noopener\">o movimento contaria com a ades\u00e3o da bancada de oposi\u00e7\u00e3o<\/a>, que teria ci\u00eancia do movimento.\u00a0<\/p>\n\n\n\n<p>Segundo fontes ouvidas pela reportagem, a possibilidade de apoiar o nome de Rosemberg viria vinculado a uma futura indica\u00e7\u00e3o de Menezes ao posto no Tribunal de Contas dos Munic\u00edpios &#8211; neste caso, a esposa, Denise Menezes, o representaria no \u00e2mbito pol\u00edtico, j\u00e1 que poderia disputar uma cadeira na Assembleia em 2026.<\/p>\n\n\n\n<p>Vale lembrar que a raz\u00e3o para a grande disputa pela 1\u00aa vice se deve a uma incerteza para a recondu\u00e7\u00e3o de Adolfo, j\u00e1 que o Supremo Tribunal Federal (STF) sinalizou negativamente pela reelei\u00e7\u00e3o numa mesma legislatura para presidentes do Poder Legislativo. Com isso, o 1\u00b0 vice-presidente da Casa surge como nome forte para assumir o posto, com algumas possibilidades na mesa.\u00a0<\/p>\n\n\n\n<p>BN<\/p>\n","protected":false},"excerpt":{"rendered":"<p>A elei\u00e7\u00e3o da Mesa Diretora da Assembleia Legislativa da Bahia (AL-BA) deve ganhar novos desdobramentos nas pr\u00f3ximas semanas. O presidente da Casa, Adolfo Menezes (PSD), deve viajar para Bras\u00edlia e pode discutir as articula\u00e7\u00f5es para a elei\u00e7\u00e3o dos cargos na AL-BA. Com diferentes cen\u00e1rios j\u00e1 desenhados, o objetivo principal seria claro: neutralizar a movimenta\u00e7\u00e3o do [&hellip;]<\/p>\n","protected":false},"author":2,"featured_media":22459,"comment_status":"open","ping_status":"open","sticky":false,"template":"","format":"standard","meta":{"_jetpack_memberships_contains_paid_content":false,"footnotes":""},"categories":[39],"tags":[],"class_list":["post-22458","post","type-post","status-publish","format-standard","has-post-thumbnail","hentry","category-politica"],"aioseo_notices":[],"jetpack_featured_media_url":"https:\/\/i0.wp.com\/minutobahia24h.com.br\/wp-content\/uploads\/2025\/01\/Sem-titulo-251.jpg?fit=1200%2C630&ssl=1","jetpack_sharing_enabled":true,"_links":{"self":[{"href":"https:\/\/minutobahia24h.com.br\/index.php?rest_route=\/wp\/v2\/posts\/22458","targetHints":{"allow":["GET"]}}],"collection":[{"href":"https:\/\/minutobahia24h.com.br\/index.php?rest_route=\/wp\/v2\/posts"}],"about":[{"href":"https:\/\/minutobahia24h.com.br\/index.php?rest_route=\/wp\/v2\/types\/post"}],"author":[{"embeddable":true,"href":"https:\/\/minutobahia24h.com.br\/index.php?rest_route=\/wp\/v2\/users\/2"}],"replies":[{"embeddable":true,"href":"https:\/\/minutobahia24h.com.br\/index.php?rest_route=%2Fwp%2Fv2%2Fcomments&post=22458"}],"version-history":[{"count":1,"href":"https:\/\/minutobahia24h.com.br\/index.php?rest_route=\/wp\/v2\/posts\/22458\/revisions"}],"predecessor-version":[{"id":22460,"href":"https:\/\/minutobahia24h.com.br\/index.php?rest_route=\/wp\/v2\/posts\/22458\/revisions\/22460"}],"wp:featuredmedia":[{"embeddable":true,"href":"https:\/\/minutobahia24h.com.br\/index.php?rest_route=\/wp\/v2\/media\/22459"}],"wp:attachment":[{"href":"https:\/\/minutobahia24h.com.br\/index.php?rest_route=%2Fwp%2Fv2%2Fmedia&parent=22458"}],"wp:term":[{"taxonomy":"category","embeddable":true,"href":"https:\/\/minutobahia24h.com.br\/index.php?rest_route=%2Fwp%2Fv2%2Fcategories&post=22458"},{"taxonomy":"post_tag","embeddable":true,"href":"https:\/\/minutobahia24h.com.br\/index.php?rest_route=%2Fwp%2Fv2%2Ftags&post=22458"}],"curies":[{"name":"wp","href":"https:\/\/api.w.org\/{rel}","templated":true}]}}