{"id":22443,"date":"2025-01-14T07:04:40","date_gmt":"2025-01-14T10:04:40","guid":{"rendered":"https:\/\/minutobahia24h.com.br\/?p=22443"},"modified":"2025-01-14T07:04:42","modified_gmt":"2025-01-14T10:04:42","slug":"secretaria-de-educacao-de-jacobina-gera-polemica-ao-chamar-autismo-tdah-e-dislexia-de-modismos","status":"publish","type":"post","link":"https:\/\/minutobahia24h.com.br\/?p=22443","title":{"rendered":"Secret\u00e1ria de Educa\u00e7\u00e3o de Jacobina gera pol\u00eamica ao chamar autismo, TDAH e dislexia de \u201cmodismos\u201d"},"content":{"rendered":"<div class=\"wp-block-image\">\n<figure class=\"aligncenter size-large\"><img data-recalc-dims=\"1\" fetchpriority=\"high\" decoding=\"async\" width=\"800\" height=\"420\" src=\"https:\/\/i0.wp.com\/minutobahia24h.com.br\/wp-content\/uploads\/2025\/01\/Sem-titulo-246-1024x538.jpg?resize=800%2C420&#038;ssl=1\" alt=\"\" class=\"wp-image-22444\" srcset=\"https:\/\/i0.wp.com\/minutobahia24h.com.br\/wp-content\/uploads\/2025\/01\/Sem-titulo-246.jpg?resize=1024%2C538&amp;ssl=1 1024w, https:\/\/i0.wp.com\/minutobahia24h.com.br\/wp-content\/uploads\/2025\/01\/Sem-titulo-246.jpg?resize=300%2C158&amp;ssl=1 300w, https:\/\/i0.wp.com\/minutobahia24h.com.br\/wp-content\/uploads\/2025\/01\/Sem-titulo-246.jpg?resize=768%2C403&amp;ssl=1 768w, https:\/\/i0.wp.com\/minutobahia24h.com.br\/wp-content\/uploads\/2025\/01\/Sem-titulo-246.jpg?resize=750%2C394&amp;ssl=1 750w, https:\/\/i0.wp.com\/minutobahia24h.com.br\/wp-content\/uploads\/2025\/01\/Sem-titulo-246.jpg?resize=1140%2C599&amp;ssl=1 1140w, https:\/\/i0.wp.com\/minutobahia24h.com.br\/wp-content\/uploads\/2025\/01\/Sem-titulo-246.jpg?w=1200&amp;ssl=1 1200w\" sizes=\"(max-width: 800px) 100vw, 800px\" \/><\/figure>\n<\/div>\n\n\n<p>A Secret\u00e1ria de Educa\u00e7\u00e3o da cidade de Jacobina,&nbsp;gerou grande repercuss\u00e3o negativa ao classificar autismo, TDAH e dislexia como \u201cmodismos\u201d em um programa de r\u00e1dio local na \u00faltima quinta-feira (09). O caso foi denunciado como desrespeitoso a estudantes com necessidades educacionais inclusivas.&nbsp;<\/p>\n\n\n\n<p>Em uma den\u00fancia an\u00f4nima&nbsp;ao Bahia Not\u00edcias, a fala \u00e9 classificada como \u201cdesrespeitosa\u201d, demonstrando total desconhecimento sobre as necessidades especiais de crian\u00e7as e adolescentes com essas condi\u00e7\u00f5es. A mesma foi nomeada em dia 2 de janeiro e abre a pasta em uma declara\u00e7\u00e3o infeliz.&nbsp;<\/p>\n\n\n\n<p>Quando questionada no programa Jornal do Dia, da R\u00e1dio Jacobina FM, sobre a possibilidade de um psicopedagogo em cada escola do munic\u00edpio, ela soltou a declara\u00e7\u00e3o que foi registrada e denunciada<\/p>\n\n\n\n<p><strong>\u201c<\/strong>la \u00e9 classificada como \u201cdesrespeitosa\u201d, demonstrando total desconhecimento sobre as necessidades especiais de crian\u00e7as e adolescentes com essas condi\u00e7\u00f5es. A mesma foi nomeada em dia 2 de janeiro e abre a pasta em uma declara\u00e7\u00e3o infeliz.&nbsp;<\/p>\n\n\n<div class=\"wp-block-image\">\n<figure class=\"aligncenter\"><img data-recalc-dims=\"1\" decoding=\"async\" data-src=\"https:\/\/i0.wp.com\/portalespacoaberto.com.br\/wp-content\/uploads\/2025\/01\/Reuniao-17.jpg?w=800&#038;ssl=1\" alt=\"\" class=\"wp-image-4094 lazyload\" src=\"data:image\/gif;base64,R0lGODlhAQABAAAAACH5BAEKAAEALAAAAAABAAEAAAICTAEAOw==\" \/><noscript><img data-recalc-dims=\"1\" decoding=\"async\" src=\"https:\/\/i0.wp.com\/portalespacoaberto.com.br\/wp-content\/uploads\/2025\/01\/Reuniao-17.jpg?w=800&#038;ssl=1\" alt=\"\" class=\"wp-image-4094\"\/><\/noscript><\/figure>\n<\/div>\n\n\n<p>Quando questionada no programa Jornal do Dia, da R\u00e1dio Jacobina FM, sobre a possibilidade de um psicopedagogo em cada escola do munic\u00edpio, ela soltou a declara\u00e7\u00e3o que foi registrada e denunciada<\/p>\n\n\n\n<p><strong>\u201cA gente vive de modismo, de tempos em tempos se enfatiza uma situa\u00e7\u00e3o. J\u00e1 se foi a dislexia, foi o TDAH, e agora o autismo. Esse recorte para educa\u00e7\u00e3o especial \u00e9 um bra\u00e7o da pasta da educa\u00e7\u00e3o especial. A demanda \u00e9 institucional e n\u00e3o clinica\u201d, afirma a secretaria.\u00a0<\/strong>\u00a0<\/p>\n\n\n\n<p>Bahia Noticias<\/p>\n","protected":false},"excerpt":{"rendered":"<p>A Secret\u00e1ria de Educa\u00e7\u00e3o da cidade de Jacobina,&nbsp;gerou grande repercuss\u00e3o negativa ao classificar autismo, TDAH e dislexia como \u201cmodismos\u201d em um programa de r\u00e1dio local na \u00faltima quinta-feira (09). O caso foi denunciado como desrespeitoso a estudantes com necessidades educacionais inclusivas.&nbsp; Em uma den\u00fancia an\u00f4nima&nbsp;ao Bahia Not\u00edcias, a fala \u00e9 classificada como \u201cdesrespeitosa\u201d, demonstrando total [&hellip;]<\/p>\n","protected":false},"author":2,"featured_media":22444,"comment_status":"open","ping_status":"open","sticky":false,"template":"","format":"standard","meta":{"_jetpack_memberships_contains_paid_content":false,"footnotes":""},"categories":[3],"tags":[],"class_list":["post-22443","post","type-post","status-publish","format-standard","has-post-thumbnail","hentry","category-regional"],"aioseo_notices":[],"jetpack_featured_media_url":"https:\/\/i0.wp.com\/minutobahia24h.com.br\/wp-content\/uploads\/2025\/01\/Sem-titulo-246.jpg?fit=1200%2C630&ssl=1","jetpack_sharing_enabled":true,"_links":{"self":[{"href":"https:\/\/minutobahia24h.com.br\/index.php?rest_route=\/wp\/v2\/posts\/22443","targetHints":{"allow":["GET"]}}],"collection":[{"href":"https:\/\/minutobahia24h.com.br\/index.php?rest_route=\/wp\/v2\/posts"}],"about":[{"href":"https:\/\/minutobahia24h.com.br\/index.php?rest_route=\/wp\/v2\/types\/post"}],"author":[{"embeddable":true,"href":"https:\/\/minutobahia24h.com.br\/index.php?rest_route=\/wp\/v2\/users\/2"}],"replies":[{"embeddable":true,"href":"https:\/\/minutobahia24h.com.br\/index.php?rest_route=%2Fwp%2Fv2%2Fcomments&post=22443"}],"version-history":[{"count":1,"href":"https:\/\/minutobahia24h.com.br\/index.php?rest_route=\/wp\/v2\/posts\/22443\/revisions"}],"predecessor-version":[{"id":22445,"href":"https:\/\/minutobahia24h.com.br\/index.php?rest_route=\/wp\/v2\/posts\/22443\/revisions\/22445"}],"wp:featuredmedia":[{"embeddable":true,"href":"https:\/\/minutobahia24h.com.br\/index.php?rest_route=\/wp\/v2\/media\/22444"}],"wp:attachment":[{"href":"https:\/\/minutobahia24h.com.br\/index.php?rest_route=%2Fwp%2Fv2%2Fmedia&parent=22443"}],"wp:term":[{"taxonomy":"category","embeddable":true,"href":"https:\/\/minutobahia24h.com.br\/index.php?rest_route=%2Fwp%2Fv2%2Fcategories&post=22443"},{"taxonomy":"post_tag","embeddable":true,"href":"https:\/\/minutobahia24h.com.br\/index.php?rest_route=%2Fwp%2Fv2%2Ftags&post=22443"}],"curies":[{"name":"wp","href":"https:\/\/api.w.org\/{rel}","templated":true}]}}