{"id":22406,"date":"2025-01-13T16:49:30","date_gmt":"2025-01-13T19:49:30","guid":{"rendered":"https:\/\/minutobahia24h.com.br\/?p=22406"},"modified":"2025-01-13T16:49:32","modified_gmt":"2025-01-13T19:49:32","slug":"mpba-recomenda-a-prefeito-de-juazeiro-que-avalie-viabilidade-da-realizacao-do-carnaval-2025","status":"publish","type":"post","link":"https:\/\/minutobahia24h.com.br\/?p=22406","title":{"rendered":"MPBA recomenda a prefeito de Juazeiro que avalie viabilidade da realiza\u00e7\u00e3o do Carnaval 2025"},"content":{"rendered":"<div class=\"wp-block-image\">\n<figure class=\"aligncenter size-large\"><img data-recalc-dims=\"1\" fetchpriority=\"high\" decoding=\"async\" width=\"800\" height=\"534\" src=\"https:\/\/i0.wp.com\/minutobahia24h.com.br\/wp-content\/uploads\/2025\/01\/Sem-titulo-236-1024x683.jpg?resize=800%2C534&#038;ssl=1\" alt=\"\" class=\"wp-image-22407\" srcset=\"https:\/\/i0.wp.com\/minutobahia24h.com.br\/wp-content\/uploads\/2025\/01\/Sem-titulo-236.jpg?resize=1024%2C683&amp;ssl=1 1024w, https:\/\/i0.wp.com\/minutobahia24h.com.br\/wp-content\/uploads\/2025\/01\/Sem-titulo-236.jpg?resize=300%2C200&amp;ssl=1 300w, https:\/\/i0.wp.com\/minutobahia24h.com.br\/wp-content\/uploads\/2025\/01\/Sem-titulo-236.jpg?resize=768%2C512&amp;ssl=1 768w, https:\/\/i0.wp.com\/minutobahia24h.com.br\/wp-content\/uploads\/2025\/01\/Sem-titulo-236.jpg?resize=750%2C500&amp;ssl=1 750w, https:\/\/i0.wp.com\/minutobahia24h.com.br\/wp-content\/uploads\/2025\/01\/Sem-titulo-236.jpg?resize=1140%2C760&amp;ssl=1 1140w, https:\/\/i0.wp.com\/minutobahia24h.com.br\/wp-content\/uploads\/2025\/01\/Sem-titulo-236.jpg?w=1200&amp;ssl=1 1200w\" sizes=\"(max-width: 800px) 100vw, 800px\" \/><figcaption class=\"wp-element-caption\">Foto:\u00a0Amanda Franco<\/figcaption><\/figure>\n<\/div>\n\n\n<p>O Minist\u00e9rio P\u00fablico do Estado da Bahia recomendou ontem, dia 9, ao prefeito de Juazeiro que avalie a viabilidade da realiza\u00e7\u00e3o do Carnaval 2025 com despesas pagas pelo pr\u00f3prio Munic\u00edpio enquanto perdurar o estado de calamidade financeira, que foi decretado pelo gestor este m\u00eas. O evento est\u00e1 previsto para ocorrer no per\u00edodo de 13 a 16 de fevereiro.<\/p>\n\n\n\n<p>Na recomenda\u00e7\u00e3o, o MPBA lembra que a realiza\u00e7\u00e3o do Carnaval acarreta incalcul\u00e1veis custos diretos, decorrentes, principalmente, do sobrecarregamento dos servi\u00e7os de sa\u00fade, seguran\u00e7a p\u00fablica, ilumina\u00e7\u00e3o p\u00fablica e limpeza urbana, \u201cque j\u00e1 s\u00e3o deficit\u00e1rios\u201d, aliado aos custos com a contrata\u00e7\u00e3o de bandas, loca\u00e7\u00e3o de servi\u00e7os de som, palco, banheiros, dentre outros. A Institui\u00e7\u00e3o ressalta ao prefeito a responsabilidade que lhe recai por priorizar a realiza\u00e7\u00e3o de despesas com o Carnaval em detrimento do pagamento das despesas correntes e das demandas de atendimento prim\u00e1rio da popula\u00e7\u00e3o, como as que decorrem da sa\u00fade, educa\u00e7\u00e3o, limpeza urbana e seguran\u00e7a. O pr\u00f3prio Munic\u00edpio afirmou, por meio do Decreto n\u00ba 035\/2025, que passa por expressiva perda da capacidade em manter continuidade da presta\u00e7\u00e3o de servi\u00e7os p\u00fablicos, fundado em \u201caprofundado endividamento\u201d, registram os promotores de Justi\u00e7a Joseane Nunes, Alexandre Lamas, Andrea Costa, Heline Esteves, M\u00e1rcio Henrique Oliveira, Mayumi Kawabe, Raimundo Moinhos, Renata Aguiar, Roberta Masunari e Sammuel Luna.<\/p>\n\n\n\n<p>Os promotores de Justi\u00e7a recomendam ao gestor que, caso opte pela realiza\u00e7\u00e3o da festa no presente momento, apresente ao MPBA, no prazo de dez dias, um cronograma do Carnaval de 2025, com identifica\u00e7\u00e3o de todas as apresenta\u00e7\u00f5es art\u00edsticas. Al\u00e9m disso, um plano de seguran\u00e7a p\u00fablica para o evento, indicando toda a log\u00edstica de funcionamento dos \u00f3rg\u00e3os estaduais e municipais que atuar\u00e3o na seguran\u00e7a p\u00fablica e no sistema de garantias de direitos da pol\u00edtica municipal da inf\u00e2ncia e da juventude; e a rela\u00e7\u00e3o de todos os custos do evento e fontes de custeio, observando-se estritamente os termos previstos na Lei Or\u00e7ament\u00e1ria Anual de 2025. O MPBA recomenda ainda que seja realizado estudo pr\u00e9vio do impacto financeiro do festejo e de eventual retorno a n\u00edvel de desenvolvimento econ\u00f4mico e social para o Munic\u00edpio. Em dezembro, durante reuni\u00f5es entre as equipes de transi\u00e7\u00e3o com participa\u00e7\u00e3o do Minist\u00e9rio P\u00fablico, foi destacada a urg\u00eancia do plano de log\u00edstica do Carnaval de 2025 de Juazeiro.<\/p>\n\n\n\n<p>MP &#8211; Redator: Maiama Cardoso MTb\/BA &#8211; 2335<\/p>\n\n\n\n<p>blogdonettomaravilha<\/p>\n","protected":false},"excerpt":{"rendered":"<p>O Minist\u00e9rio P\u00fablico do Estado da Bahia recomendou ontem, dia 9, ao prefeito de Juazeiro que avalie a viabilidade da realiza\u00e7\u00e3o do Carnaval 2025 com despesas pagas pelo pr\u00f3prio Munic\u00edpio enquanto perdurar o estado de calamidade financeira, que foi decretado pelo gestor este m\u00eas. O evento est\u00e1 previsto para ocorrer no per\u00edodo de 13 a [&hellip;]<\/p>\n","protected":false},"author":2,"featured_media":22407,"comment_status":"open","ping_status":"open","sticky":false,"template":"","format":"standard","meta":{"_jetpack_memberships_contains_paid_content":false,"footnotes":""},"categories":[46],"tags":[],"class_list":["post-22406","post","type-post","status-publish","format-standard","has-post-thumbnail","hentry","category-noticia"],"aioseo_notices":[],"jetpack_featured_media_url":"https:\/\/i0.wp.com\/minutobahia24h.com.br\/wp-content\/uploads\/2025\/01\/Sem-titulo-236.jpg?fit=1200%2C800&ssl=1","jetpack_sharing_enabled":true,"_links":{"self":[{"href":"https:\/\/minutobahia24h.com.br\/index.php?rest_route=\/wp\/v2\/posts\/22406","targetHints":{"allow":["GET"]}}],"collection":[{"href":"https:\/\/minutobahia24h.com.br\/index.php?rest_route=\/wp\/v2\/posts"}],"about":[{"href":"https:\/\/minutobahia24h.com.br\/index.php?rest_route=\/wp\/v2\/types\/post"}],"author":[{"embeddable":true,"href":"https:\/\/minutobahia24h.com.br\/index.php?rest_route=\/wp\/v2\/users\/2"}],"replies":[{"embeddable":true,"href":"https:\/\/minutobahia24h.com.br\/index.php?rest_route=%2Fwp%2Fv2%2Fcomments&post=22406"}],"version-history":[{"count":1,"href":"https:\/\/minutobahia24h.com.br\/index.php?rest_route=\/wp\/v2\/posts\/22406\/revisions"}],"predecessor-version":[{"id":22408,"href":"https:\/\/minutobahia24h.com.br\/index.php?rest_route=\/wp\/v2\/posts\/22406\/revisions\/22408"}],"wp:featuredmedia":[{"embeddable":true,"href":"https:\/\/minutobahia24h.com.br\/index.php?rest_route=\/wp\/v2\/media\/22407"}],"wp:attachment":[{"href":"https:\/\/minutobahia24h.com.br\/index.php?rest_route=%2Fwp%2Fv2%2Fmedia&parent=22406"}],"wp:term":[{"taxonomy":"category","embeddable":true,"href":"https:\/\/minutobahia24h.com.br\/index.php?rest_route=%2Fwp%2Fv2%2Fcategories&post=22406"},{"taxonomy":"post_tag","embeddable":true,"href":"https:\/\/minutobahia24h.com.br\/index.php?rest_route=%2Fwp%2Fv2%2Ftags&post=22406"}],"curies":[{"name":"wp","href":"https:\/\/api.w.org\/{rel}","templated":true}]}}