{"id":22369,"date":"2025-01-13T07:26:32","date_gmt":"2025-01-13T10:26:32","guid":{"rendered":"https:\/\/minutobahia24h.com.br\/?p=22369"},"modified":"2025-01-13T07:26:33","modified_gmt":"2025-01-13T10:26:33","slug":"adolfo-menezes-nega-acordo-para-reeleicao-na-assembleia","status":"publish","type":"post","link":"https:\/\/minutobahia24h.com.br\/?p=22369","title":{"rendered":"Adolfo Menezes nega acordo para reelei\u00e7\u00e3o na Assembleia"},"content":{"rendered":"<div class=\"wp-block-image\">\n<figure class=\"aligncenter size-full\"><img data-recalc-dims=\"1\" fetchpriority=\"high\" decoding=\"async\" width=\"598\" height=\"420\" src=\"https:\/\/i0.wp.com\/minutobahia24h.com.br\/wp-content\/uploads\/2025\/01\/Sem-titulo-228.jpg?resize=598%2C420&#038;ssl=1\" alt=\"\" class=\"wp-image-22370\" srcset=\"https:\/\/i0.wp.com\/minutobahia24h.com.br\/wp-content\/uploads\/2025\/01\/Sem-titulo-228.jpg?w=598&amp;ssl=1 598w, https:\/\/i0.wp.com\/minutobahia24h.com.br\/wp-content\/uploads\/2025\/01\/Sem-titulo-228.jpg?resize=300%2C211&amp;ssl=1 300w\" sizes=\"(max-width: 598px) 100vw, 598px\" \/><figcaption class=\"wp-element-caption\">Foto: Jorge Jesus\/bahia.ba<br><\/figcaption><\/figure>\n<\/div>\n\n\n<p>O presidente da Assembleia Legislativa da Bahia, deputado estadual Adolfo Menezes (PSD), negou neste domingo (12), ao ser procurado pela imprensa, que tenha feito um acordo com o PT para disputar a reelei\u00e7\u00e3o, no pr\u00f3ximo dia 3 de fevereiro. Ele pregou ainda o consenso visando a escolha do pr\u00f3ximo 1\u00b0 vice-presidente da Casa.<\/p>\n\n\n\n<p>\u201cN\u00e3o seria nada demais fazer um acordo, porque isso \u00e9 da pol\u00edtica, mas eu n\u00e3o fiz. Quem me conhece sabe que este n\u00e3o \u00e9 o meu perfil. Meu estilo \u00e9 da paz, do di\u00e1logo, da busca pelo consenso. Evito brigar at\u00e9 com meus advers\u00e1rios. Inclusive, como sempre coloquei, s\u00f3 serei candidato \u00e0 reelei\u00e7\u00e3o por um apelo da Casa, por falta de um outro nome natural. Dos outros 62 deputados, recebi o apoio de 61, pelo reconhecimento do trabalho que temos feito e da qualidade das nossas rela\u00e7\u00f5es\u201d, disse Adolfo.<\/p>\n\n\n\n<p>As especula\u00e7\u00f5es de que Adolfo teria feito um acordo com o PT para apoiar o deputado petista Rosemberg Pinto para o posto de 1\u00b0 vice-presidente da Assembleia se intensificaram ap\u00f3s o presidente publicar, nas redes sociais, uma foto antiga ao lado do governador Jer\u00f4nimo Rodrigues (PT), do ministro da Casa Civil, Rui Costa (PT), e dos senadores Jaques Wagner (PT) e Otto Alencar (PSD).<\/p>\n\n\n\n<p>\u201cAo contr\u00e1rio de outros que me antecederam, eu nunca usei o cargo que ocupo, mesmo sabendo que \u00e9 poderoso, para tensionar ou pressionar o Executivo e pedir isso ou aquilo. N\u00e3o \u00e9 do meu feitio. Sobre a vice, eu defendo \u00e9 que haja o consenso entre os interessados, sobretudo se forem do nosso grupo pol\u00edtico, e vou trabalhar para que n\u00e3o haja bate-chapa, o que n\u00e3o seria bom para a Assembleia\u201d, ressaltou o pessedista.<\/p>\n\n\n\n<p>Bahia.ba<\/p>\n","protected":false},"excerpt":{"rendered":"<p>O presidente da Assembleia Legislativa da Bahia, deputado estadual Adolfo Menezes (PSD), negou neste domingo (12), ao ser procurado pela imprensa, que tenha feito um acordo com o PT para disputar a reelei\u00e7\u00e3o, no pr\u00f3ximo dia 3 de fevereiro. Ele pregou ainda o consenso visando a escolha do pr\u00f3ximo 1\u00b0 vice-presidente da Casa. \u201cN\u00e3o seria [&hellip;]<\/p>\n","protected":false},"author":2,"featured_media":22370,"comment_status":"open","ping_status":"open","sticky":false,"template":"","format":"standard","meta":{"_jetpack_memberships_contains_paid_content":false,"footnotes":""},"categories":[39],"tags":[],"class_list":["post-22369","post","type-post","status-publish","format-standard","has-post-thumbnail","hentry","category-politica"],"aioseo_notices":[],"jetpack_featured_media_url":"https:\/\/i0.wp.com\/minutobahia24h.com.br\/wp-content\/uploads\/2025\/01\/Sem-titulo-228.jpg?fit=598%2C420&ssl=1","jetpack_sharing_enabled":true,"_links":{"self":[{"href":"https:\/\/minutobahia24h.com.br\/index.php?rest_route=\/wp\/v2\/posts\/22369","targetHints":{"allow":["GET"]}}],"collection":[{"href":"https:\/\/minutobahia24h.com.br\/index.php?rest_route=\/wp\/v2\/posts"}],"about":[{"href":"https:\/\/minutobahia24h.com.br\/index.php?rest_route=\/wp\/v2\/types\/post"}],"author":[{"embeddable":true,"href":"https:\/\/minutobahia24h.com.br\/index.php?rest_route=\/wp\/v2\/users\/2"}],"replies":[{"embeddable":true,"href":"https:\/\/minutobahia24h.com.br\/index.php?rest_route=%2Fwp%2Fv2%2Fcomments&post=22369"}],"version-history":[{"count":1,"href":"https:\/\/minutobahia24h.com.br\/index.php?rest_route=\/wp\/v2\/posts\/22369\/revisions"}],"predecessor-version":[{"id":22371,"href":"https:\/\/minutobahia24h.com.br\/index.php?rest_route=\/wp\/v2\/posts\/22369\/revisions\/22371"}],"wp:featuredmedia":[{"embeddable":true,"href":"https:\/\/minutobahia24h.com.br\/index.php?rest_route=\/wp\/v2\/media\/22370"}],"wp:attachment":[{"href":"https:\/\/minutobahia24h.com.br\/index.php?rest_route=%2Fwp%2Fv2%2Fmedia&parent=22369"}],"wp:term":[{"taxonomy":"category","embeddable":true,"href":"https:\/\/minutobahia24h.com.br\/index.php?rest_route=%2Fwp%2Fv2%2Fcategories&post=22369"},{"taxonomy":"post_tag","embeddable":true,"href":"https:\/\/minutobahia24h.com.br\/index.php?rest_route=%2Fwp%2Fv2%2Ftags&post=22369"}],"curies":[{"name":"wp","href":"https:\/\/api.w.org\/{rel}","templated":true}]}}