{"id":22357,"date":"2025-01-13T07:14:48","date_gmt":"2025-01-13T10:14:48","guid":{"rendered":"https:\/\/minutobahia24h.com.br\/?p=22357"},"modified":"2025-01-13T07:14:50","modified_gmt":"2025-01-13T10:14:50","slug":"carreta-desgovernada-colide-com-residencias-em-teofilandia","status":"publish","type":"post","link":"https:\/\/minutobahia24h.com.br\/?p=22357","title":{"rendered":"Carreta desgovernada colide com resid\u00eancias em Teofil\u00e2ndia"},"content":{"rendered":"<div class=\"wp-block-image\">\n<figure class=\"aligncenter size-full\"><img data-recalc-dims=\"1\" fetchpriority=\"high\" decoding=\"async\" width=\"600\" height=\"340\" src=\"https:\/\/i0.wp.com\/minutobahia24h.com.br\/wp-content\/uploads\/2025\/01\/Sem-titulo-224.jpg?resize=600%2C340&#038;ssl=1\" alt=\"\" class=\"wp-image-22358\" srcset=\"https:\/\/i0.wp.com\/minutobahia24h.com.br\/wp-content\/uploads\/2025\/01\/Sem-titulo-224.jpg?w=600&amp;ssl=1 600w, https:\/\/i0.wp.com\/minutobahia24h.com.br\/wp-content\/uploads\/2025\/01\/Sem-titulo-224.jpg?resize=300%2C170&amp;ssl=1 300w\" sizes=\"(max-width: 600px) 100vw, 600px\" \/><\/figure>\n<\/div>\n\n\n<p>Uma carreta desgovernada desceu uma ladeira e colidiu contra duas resid\u00eancias localizadas \u00e0s margens da rodovia BR-116, na manh\u00e3 deste domingo (12), em Teofil\u00e2ndia.<\/p>\n\n\n\n<p>De acordo com informa\u00e7\u00f5es de moradores da \u00e1rea,&nbsp;o motorista havia parado o ve\u00edculo para fazer uma pausa em uma barraca de alimenta\u00e7\u00e3o, mas esqueceu de acionar o freio de m\u00e3o. Por causa disso, a carreta desceu sozinha, causando um grande susto na comunidade.<\/p>\n\n\n\n<p>Ningu\u00e9m ficou ferido.<\/p>\n\n\n\n<p>abahiaacontece<\/p>\n","protected":false},"excerpt":{"rendered":"<p>Uma carreta desgovernada desceu uma ladeira e colidiu contra duas resid\u00eancias localizadas \u00e0s margens da rodovia BR-116, na manh\u00e3 deste domingo (12), em Teofil\u00e2ndia. De acordo com informa\u00e7\u00f5es de moradores da \u00e1rea,&nbsp;o motorista havia parado o ve\u00edculo para fazer uma pausa em uma barraca de alimenta\u00e7\u00e3o, mas esqueceu de acionar o freio de m\u00e3o. Por [&hellip;]<\/p>\n","protected":false},"author":2,"featured_media":22358,"comment_status":"open","ping_status":"open","sticky":false,"template":"","format":"standard","meta":{"_jetpack_memberships_contains_paid_content":false,"footnotes":""},"categories":[46],"tags":[],"class_list":["post-22357","post","type-post","status-publish","format-standard","has-post-thumbnail","hentry","category-noticia"],"aioseo_notices":[],"jetpack_featured_media_url":"https:\/\/i0.wp.com\/minutobahia24h.com.br\/wp-content\/uploads\/2025\/01\/Sem-titulo-224.jpg?fit=600%2C340&ssl=1","jetpack_sharing_enabled":true,"_links":{"self":[{"href":"https:\/\/minutobahia24h.com.br\/index.php?rest_route=\/wp\/v2\/posts\/22357","targetHints":{"allow":["GET"]}}],"collection":[{"href":"https:\/\/minutobahia24h.com.br\/index.php?rest_route=\/wp\/v2\/posts"}],"about":[{"href":"https:\/\/minutobahia24h.com.br\/index.php?rest_route=\/wp\/v2\/types\/post"}],"author":[{"embeddable":true,"href":"https:\/\/minutobahia24h.com.br\/index.php?rest_route=\/wp\/v2\/users\/2"}],"replies":[{"embeddable":true,"href":"https:\/\/minutobahia24h.com.br\/index.php?rest_route=%2Fwp%2Fv2%2Fcomments&post=22357"}],"version-history":[{"count":1,"href":"https:\/\/minutobahia24h.com.br\/index.php?rest_route=\/wp\/v2\/posts\/22357\/revisions"}],"predecessor-version":[{"id":22359,"href":"https:\/\/minutobahia24h.com.br\/index.php?rest_route=\/wp\/v2\/posts\/22357\/revisions\/22359"}],"wp:featuredmedia":[{"embeddable":true,"href":"https:\/\/minutobahia24h.com.br\/index.php?rest_route=\/wp\/v2\/media\/22358"}],"wp:attachment":[{"href":"https:\/\/minutobahia24h.com.br\/index.php?rest_route=%2Fwp%2Fv2%2Fmedia&parent=22357"}],"wp:term":[{"taxonomy":"category","embeddable":true,"href":"https:\/\/minutobahia24h.com.br\/index.php?rest_route=%2Fwp%2Fv2%2Fcategories&post=22357"},{"taxonomy":"post_tag","embeddable":true,"href":"https:\/\/minutobahia24h.com.br\/index.php?rest_route=%2Fwp%2Fv2%2Ftags&post=22357"}],"curies":[{"name":"wp","href":"https:\/\/api.w.org\/{rel}","templated":true}]}}