{"id":22300,"date":"2025-01-10T16:41:20","date_gmt":"2025-01-10T19:41:20","guid":{"rendered":"https:\/\/minutobahia24h.com.br\/?p=22300"},"modified":"2025-01-10T16:41:22","modified_gmt":"2025-01-10T19:41:22","slug":"matricula-da-rede-estadual-de-ensino-da-bahia-comeca-segunda-feira-saiba-como-fazer","status":"publish","type":"post","link":"https:\/\/minutobahia24h.com.br\/?p=22300","title":{"rendered":"Matr\u00edcula da rede estadual de ensino da Bahia come\u00e7a segunda-feira; saiba como fazer"},"content":{"rendered":"<div class=\"wp-block-image\">\n<figure class=\"aligncenter size-full\"><img data-recalc-dims=\"1\" fetchpriority=\"high\" decoding=\"async\" width=\"738\" height=\"492\" src=\"https:\/\/i0.wp.com\/minutobahia24h.com.br\/wp-content\/uploads\/2025\/01\/Sem-titulo-207.jpg?resize=738%2C492&#038;ssl=1\" alt=\"\" class=\"wp-image-22301\" srcset=\"https:\/\/i0.wp.com\/minutobahia24h.com.br\/wp-content\/uploads\/2025\/01\/Sem-titulo-207.jpg?w=738&amp;ssl=1 738w, https:\/\/i0.wp.com\/minutobahia24h.com.br\/wp-content\/uploads\/2025\/01\/Sem-titulo-207.jpg?resize=300%2C200&amp;ssl=1 300w\" sizes=\"(max-width: 738px) 100vw, 738px\" \/><figcaption class=\"wp-element-caption\"><sub>Matr\u00edcula da rede estadual de ensino da Bahia come\u00e7a na segunda-feira (13) e segue at\u00e9 21 de janeiro \u2014 Foto: Joseane Rodrigues<\/sub><br><\/figcaption><\/figure>\n<\/div>\n\n\n<p>A matr\u00edcula da rede estadual de ensino para o ano letivo de 2025 come\u00e7a na segunda-feira (13) e segue at\u00e9 21 de janeiro. O processo ser\u00e1 realizado de forma online, por qualquer aparelho eletr\u00f4nico. De acordo com a Secretaria de Educa\u00e7\u00e3o do Estado (SEC), o primeiro dia \u00e9 reservado exclusivamente para a solicita\u00e7\u00e3o de matr\u00edcula de Pessoas com Defici\u00eancia (PcD).<\/p>\n\n\n\n<p>Com o objetivo de agilizar o processo, a pasta orienta aos interessados que criem uma conta na plataforma ba.gov.br em nome do estudante e, no dia reservado para a sua matr\u00edcula, acesse o sistema para solicitar a vaga na escola, especificando a s\u00e9rie e o turno desejados.<\/p>\n\n\n\n<p>Os pais, respons\u00e1veis e estudantes devem ficar atentos \u00e0s datas do cronograma de matr\u00edcula, que est\u00e1 dividido por grupos. O segundo dia, ter\u00e7a-feira (14), ser\u00e1 dedicado para a transfer\u00eancia de estudantes matriculados em escola estadual e com frequ\u00eancia regular no ano letivo de 2024, mas que n\u00e3o renovou a matr\u00edcula ou pretende se transferir para outro col\u00e9gio estadual.<\/p>\n\n\n\n<p>J\u00e1 nos dias 15 e 16, dever\u00e3o ser realizadas as solicita\u00e7\u00f5es de vagas para os alunos que conclu\u00edram o 5\u00ba ano do ensino fundamental em escola municipal e v\u00e3o se matricular no 6\u00ba ano em escola estadual ou conclu\u00edram o 9\u00ba ano do ensino fundamental em escola da rede municipal em 2024 e buscam vaga no 1\u00ba ano do ensino m\u00e9dio.<\/p>\n\n\n\n<p>O dia 17 de janeiro est\u00e1 reservado para a matr\u00edcula de estudantes de todas as rede de ensino em todas as ofertas do ensino fundamental. J\u00e1 nos dias 20 e 21 de janeiro ser\u00e1 a vez dos estudantes de todas as redes solicitarem vaga para o ensino m\u00e9dio.<\/p>\n\n\n\n<p>Ap\u00f3s solicitar a matr\u00edcula no portal ba.gov.br, a pessoa interessada ou seu respons\u00e1vel deve comparecer \u00e0 unidade escolar, em at\u00e9 cinco dias \u00fateis, para apresentar&nbsp;<strong><mark>os seguintes documentos obrigat\u00f3rios:<\/mark><\/strong><\/p>\n\n\n\n<ul class=\"wp-block-list\">\n<li>Hist\u00f3rico escolar (original);<\/li>\n\n\n\n<li>RG ou Certid\u00e3o de Registro Civil;<\/li>\n\n\n\n<li>CPF;<\/li>\n\n\n\n<li>Comprovante de resid\u00eancia atualizado;<\/li>\n\n\n\n<li>Carteira de vacina\u00e7\u00e3o (para alunos at\u00e9 18 anos).<\/li>\n<\/ul>\n\n\n\n<p>A SEC refor\u00e7a a import\u00e2ncia de cumprir os prazos e apresentar a documenta\u00e7\u00e3o completa para garantir a vaga na unidade escolar e turno desejados e, consequentemente, ter acesso aos programas sociais oferecidos pela rede.<\/p>\n\n\n\n<p><strong><mark>Confira o cronograma abaixo:<\/mark><\/strong><\/p>\n\n\n\n<ul class=\"wp-block-list\">\n<li>13 de janeiro: matr\u00edcula para Pessoa com Defici\u00eancia \u2013 PcD<\/li>\n\n\n\n<li>14 de janeiro: transfer\u00eancia de estudantes da rede estadual<\/li>\n\n\n\n<li>15 e 16 de janeiro: matr\u00edcula de concluintes do 5\u00ba ou 9\u00ba ano do Ensino Fundamental em escola municipal para o 6\u00ba ano do Ensino Fundamental ou 1\u00ba ano do Ensino M\u00e9dio em escola estadual<\/li>\n\n\n\n<li>17 de janeiro: matr\u00edcula para estudantes de todas as rede de ensino em todas as ofertas do ensino fundamental<\/li>\n\n\n\n<li>20 e 21 de janeiro: matr\u00edcula para estudantes de todas as redes em todas as ofertas do ensino m\u00e9dio<\/li>\n<\/ul>\n\n\n\n<p>blogdoeloiltoncajuhy<\/p>\n","protected":false},"excerpt":{"rendered":"<p>A matr\u00edcula da rede estadual de ensino para o ano letivo de 2025 come\u00e7a na segunda-feira (13) e segue at\u00e9 21 de janeiro. O processo ser\u00e1 realizado de forma online, por qualquer aparelho eletr\u00f4nico. De acordo com a Secretaria de Educa\u00e7\u00e3o do Estado (SEC), o primeiro dia \u00e9 reservado exclusivamente para a solicita\u00e7\u00e3o de matr\u00edcula [&hellip;]<\/p>\n","protected":false},"author":2,"featured_media":22301,"comment_status":"open","ping_status":"open","sticky":false,"template":"","format":"standard","meta":{"_jetpack_memberships_contains_paid_content":false,"footnotes":""},"categories":[34],"tags":[],"class_list":["post-22300","post","type-post","status-publish","format-standard","has-post-thumbnail","hentry","category-educacao"],"aioseo_notices":[],"jetpack_featured_media_url":"https:\/\/i0.wp.com\/minutobahia24h.com.br\/wp-content\/uploads\/2025\/01\/Sem-titulo-207.jpg?fit=738%2C492&ssl=1","jetpack_sharing_enabled":true,"_links":{"self":[{"href":"https:\/\/minutobahia24h.com.br\/index.php?rest_route=\/wp\/v2\/posts\/22300","targetHints":{"allow":["GET"]}}],"collection":[{"href":"https:\/\/minutobahia24h.com.br\/index.php?rest_route=\/wp\/v2\/posts"}],"about":[{"href":"https:\/\/minutobahia24h.com.br\/index.php?rest_route=\/wp\/v2\/types\/post"}],"author":[{"embeddable":true,"href":"https:\/\/minutobahia24h.com.br\/index.php?rest_route=\/wp\/v2\/users\/2"}],"replies":[{"embeddable":true,"href":"https:\/\/minutobahia24h.com.br\/index.php?rest_route=%2Fwp%2Fv2%2Fcomments&post=22300"}],"version-history":[{"count":1,"href":"https:\/\/minutobahia24h.com.br\/index.php?rest_route=\/wp\/v2\/posts\/22300\/revisions"}],"predecessor-version":[{"id":22302,"href":"https:\/\/minutobahia24h.com.br\/index.php?rest_route=\/wp\/v2\/posts\/22300\/revisions\/22302"}],"wp:featuredmedia":[{"embeddable":true,"href":"https:\/\/minutobahia24h.com.br\/index.php?rest_route=\/wp\/v2\/media\/22301"}],"wp:attachment":[{"href":"https:\/\/minutobahia24h.com.br\/index.php?rest_route=%2Fwp%2Fv2%2Fmedia&parent=22300"}],"wp:term":[{"taxonomy":"category","embeddable":true,"href":"https:\/\/minutobahia24h.com.br\/index.php?rest_route=%2Fwp%2Fv2%2Fcategories&post=22300"},{"taxonomy":"post_tag","embeddable":true,"href":"https:\/\/minutobahia24h.com.br\/index.php?rest_route=%2Fwp%2Fv2%2Ftags&post=22300"}],"curies":[{"name":"wp","href":"https:\/\/api.w.org\/{rel}","templated":true}]}}