{"id":22288,"date":"2025-01-10T16:33:55","date_gmt":"2025-01-10T19:33:55","guid":{"rendered":"https:\/\/minutobahia24h.com.br\/?p=22288"},"modified":"2025-01-10T16:33:56","modified_gmt":"2025-01-10T19:33:56","slug":"chuva-traz-alivio-ao-calor-e-esperanca-para-o-homem-do-campo-em-saude","status":"publish","type":"post","link":"https:\/\/minutobahia24h.com.br\/?p=22288","title":{"rendered":"Chuva traz al\u00edvio ao calor e esperan\u00e7a para o homem do campo em Sa\u00fade"},"content":{"rendered":"<div class=\"wp-block-image\">\n<figure class=\"aligncenter size-full\"><img data-recalc-dims=\"1\" fetchpriority=\"high\" decoding=\"async\" width=\"800\" height=\"447\" src=\"https:\/\/i0.wp.com\/minutobahia24h.com.br\/wp-content\/uploads\/2025\/01\/Sem-titulo-203.jpg?resize=800%2C447&#038;ssl=1\" alt=\"\" class=\"wp-image-22289\" srcset=\"https:\/\/i0.wp.com\/minutobahia24h.com.br\/wp-content\/uploads\/2025\/01\/Sem-titulo-203.jpg?w=1024&amp;ssl=1 1024w, https:\/\/i0.wp.com\/minutobahia24h.com.br\/wp-content\/uploads\/2025\/01\/Sem-titulo-203.jpg?resize=300%2C168&amp;ssl=1 300w, https:\/\/i0.wp.com\/minutobahia24h.com.br\/wp-content\/uploads\/2025\/01\/Sem-titulo-203.jpg?resize=768%2C429&amp;ssl=1 768w, https:\/\/i0.wp.com\/minutobahia24h.com.br\/wp-content\/uploads\/2025\/01\/Sem-titulo-203.jpg?resize=750%2C419&amp;ssl=1 750w\" sizes=\"(max-width: 800px) 100vw, 800px\" \/><\/figure>\n<\/div>\n\n\n<p>Ap\u00f3s dias de intenso calor, com temperaturas ultrapassando os 33 graus, a tarde desta sexta-feira (10) foi marcada por uma chuva providencial no munic\u00edpio de Sa\u00fade. A precipita\u00e7\u00e3o trouxe al\u00edvio n\u00e3o s\u00f3 ao clima, mas tamb\u00e9m \u00e0 popula\u00e7\u00e3o que enfrentava preocupa\u00e7\u00f5es com o fogo que consumia a vegeta\u00e7\u00e3o na Serra da Grota das Oliveiras.<\/p>\n\n\n\n<p>A chuva come\u00e7ou por volta das 14h e, embora moderada, foi suficiente para fazer a \u00e1gua descer pelas ruas cal\u00e7adas, lavando a poeira acumulada e trazendo alegria aos moradores. Para o homem do campo, a chuva renova as esperan\u00e7as de melhorias nas planta\u00e7\u00f5es e pastagens, t\u00e3o prejudicadas pelo calor e pela estiagem.<\/p>\n\n\n\n<p>Al\u00e9m disso, a precipita\u00e7\u00e3o representa um al\u00edvio direto para a situa\u00e7\u00e3o cr\u00edtica na Grota das Oliveiras, onde o fogo vinha destruindo a vegeta\u00e7\u00e3o e colocando em risco a fauna local. Com a chuva, espera-se que o inc\u00eandio seja controlado, reduzindo os danos ambientais e proporcionando mais seguran\u00e7a \u00e0 comunidade.<\/p>\n\n\n\n<p>A chegada da chuva simboliza um momento de renova\u00e7\u00e3o para Sa\u00fade, trazendo n\u00e3o s\u00f3 um clima mais ameno, mas tamb\u00e9m a expectativa de dias melhores para a popula\u00e7\u00e3o urbana e rural.<\/p>\n\n\n\n<p>portalespacoaberto<\/p>\n","protected":false},"excerpt":{"rendered":"<p>Ap\u00f3s dias de intenso calor, com temperaturas ultrapassando os 33 graus, a tarde desta sexta-feira (10) foi marcada por uma chuva providencial no munic\u00edpio de Sa\u00fade. A precipita\u00e7\u00e3o trouxe al\u00edvio n\u00e3o s\u00f3 ao clima, mas tamb\u00e9m \u00e0 popula\u00e7\u00e3o que enfrentava preocupa\u00e7\u00f5es com o fogo que consumia a vegeta\u00e7\u00e3o na Serra da Grota das Oliveiras. A [&hellip;]<\/p>\n","protected":false},"author":2,"featured_media":22289,"comment_status":"open","ping_status":"open","sticky":false,"template":"","format":"standard","meta":{"_jetpack_memberships_contains_paid_content":false,"footnotes":""},"categories":[3],"tags":[],"class_list":["post-22288","post","type-post","status-publish","format-standard","has-post-thumbnail","hentry","category-regional"],"aioseo_notices":[],"jetpack_featured_media_url":"https:\/\/i0.wp.com\/minutobahia24h.com.br\/wp-content\/uploads\/2025\/01\/Sem-titulo-203.jpg?fit=1024%2C572&ssl=1","jetpack_sharing_enabled":true,"_links":{"self":[{"href":"https:\/\/minutobahia24h.com.br\/index.php?rest_route=\/wp\/v2\/posts\/22288","targetHints":{"allow":["GET"]}}],"collection":[{"href":"https:\/\/minutobahia24h.com.br\/index.php?rest_route=\/wp\/v2\/posts"}],"about":[{"href":"https:\/\/minutobahia24h.com.br\/index.php?rest_route=\/wp\/v2\/types\/post"}],"author":[{"embeddable":true,"href":"https:\/\/minutobahia24h.com.br\/index.php?rest_route=\/wp\/v2\/users\/2"}],"replies":[{"embeddable":true,"href":"https:\/\/minutobahia24h.com.br\/index.php?rest_route=%2Fwp%2Fv2%2Fcomments&post=22288"}],"version-history":[{"count":1,"href":"https:\/\/minutobahia24h.com.br\/index.php?rest_route=\/wp\/v2\/posts\/22288\/revisions"}],"predecessor-version":[{"id":22290,"href":"https:\/\/minutobahia24h.com.br\/index.php?rest_route=\/wp\/v2\/posts\/22288\/revisions\/22290"}],"wp:featuredmedia":[{"embeddable":true,"href":"https:\/\/minutobahia24h.com.br\/index.php?rest_route=\/wp\/v2\/media\/22289"}],"wp:attachment":[{"href":"https:\/\/minutobahia24h.com.br\/index.php?rest_route=%2Fwp%2Fv2%2Fmedia&parent=22288"}],"wp:term":[{"taxonomy":"category","embeddable":true,"href":"https:\/\/minutobahia24h.com.br\/index.php?rest_route=%2Fwp%2Fv2%2Fcategories&post=22288"},{"taxonomy":"post_tag","embeddable":true,"href":"https:\/\/minutobahia24h.com.br\/index.php?rest_route=%2Fwp%2Fv2%2Ftags&post=22288"}],"curies":[{"name":"wp","href":"https:\/\/api.w.org\/{rel}","templated":true}]}}