{"id":22270,"date":"2025-01-10T11:27:25","date_gmt":"2025-01-10T14:27:25","guid":{"rendered":"https:\/\/minutobahia24h.com.br\/?p=22270"},"modified":"2025-01-10T11:27:27","modified_gmt":"2025-01-10T14:27:27","slug":"projeto-ferias-na-escola-encerra-inscricoes-nesta-sexta-feira-10","status":"publish","type":"post","link":"https:\/\/minutobahia24h.com.br\/?p=22270","title":{"rendered":"Projeto F\u00e9rias na Escola encerra inscri\u00e7\u00f5es nesta sexta-feira (10)"},"content":{"rendered":"<div class=\"wp-block-image\">\n<figure class=\"aligncenter size-full\"><img data-recalc-dims=\"1\" fetchpriority=\"high\" decoding=\"async\" width=\"600\" height=\"420\" src=\"https:\/\/i0.wp.com\/minutobahia24h.com.br\/wp-content\/uploads\/2025\/01\/Sem-titulo-199.jpg?resize=600%2C420&#038;ssl=1\" alt=\"\" class=\"wp-image-22271\" srcset=\"https:\/\/i0.wp.com\/minutobahia24h.com.br\/wp-content\/uploads\/2025\/01\/Sem-titulo-199.jpg?w=600&amp;ssl=1 600w, https:\/\/i0.wp.com\/minutobahia24h.com.br\/wp-content\/uploads\/2025\/01\/Sem-titulo-199.jpg?resize=300%2C210&amp;ssl=1 300w\" sizes=\"(max-width: 600px) 100vw, 600px\" \/><figcaption class=\"wp-element-caption\">Foto: Mateu Pereira GOV\/BA<br><\/figcaption><\/figure>\n<\/div>\n\n\n<p>O projeto F\u00e9rias na Escola: Com Mais Sabor e Saber, iniciativa da Secretaria da Educa\u00e7\u00e3o do Estado (SEC), promete transformar as f\u00e9rias escolares em uma experi\u00eancia inesquec\u00edvel para os estudantes da rede estadual da Bahia. A partir desta segunda-feira (13) a 31 de janeiro, as escolas participantes do Programa Educa Mais Bahia se tornar\u00e3o espa\u00e7os din\u00e2micos de arte, cultura, esporte, lazer e aprendizado.<\/p>\n\n\n\n<p>Com oficinas gratuitas de futsal, basquete, horta escolar, dan\u00e7a contempor\u00e2nea, croch\u00ea, artes pl\u00e1sticas, anima\u00e7\u00e3o em stop motion, entre outras, al\u00e9m de refor\u00e7o em Matem\u00e1tica e L\u00edngua Portuguesa, o programa busca promover a socializa\u00e7\u00e3o, desenvolvimento e novas aprendizagens.<\/p>\n\n\n\n<p>Os interessados t\u00eam at\u00e9 esta sexta-feira (10) para realizar a inscri\u00e7\u00e3o diretamente na unidade escolar onde estudam. \u00c9 necess\u00e1rio apresentar um documento oficial com foto e escolher a oficina desejada, respeitando a disponibilidade de vagas. As atividades ser\u00e3o conduzidas por volunt\u00e1rios capacitados, que garantir\u00e3o a qualidade das oficinas e a diversidade de op\u00e7\u00f5es para atender os mais variados interesses dos estudantes.<\/p>\n\n\n\n<p>No Col\u00e9gio Estadual Doutor Roberto Santos, em Po\u00e7\u00f5es, ser\u00e3o oferecidas oficinas de design gr\u00e1fico, dan\u00e7a e percuss\u00e3o, fotografia e comunica\u00e7\u00e3o, al\u00e9m de futsal masculino e feminino, v\u00f4lei e basquete.<\/p>\n\n\n\n<p>\u201cO projeto \u00e9 fant\u00e1stico, porque deixa a escola ativa, proporcionando f\u00e9rias com lazer, cultura, esporte. Al\u00e9m disso, mantemos o v\u00ednculo com os nossos estudantes. J\u00e1 temos 120 inscritos e a tend\u00eancia \u00e9 aumentar o n\u00famero de participantes. Vamos atender, tamb\u00e9m, aos alunos do Fundamental II, que est\u00e3o saindo das escolas municipais para as unidades estaduais\u201d, explica o diretor do col\u00e9gio em Po\u00e7\u00f5es, Rodrigo Schettini Caldas.<\/p>\n\n\n\n<p>J\u00e1 no Col\u00e9gio Estadual de Tempo Integral Sin\u00e9sio Costa, em Riacho de Santana, a programa\u00e7\u00e3o inclui futsal, v\u00f4lei, voz e viol\u00e3o e oficinas de acolhimento emocional. Essas atividades demonstram como o projeto busca atender a diferentes \u00e1reas de interesse, garantindo momentos de aprendizado, socializa\u00e7\u00e3o e divers\u00e3o para os estudantes durante o per\u00edodo de f\u00e9rias.<\/p>\n\n\n\n<p>\u201cSabemos que boa parte dos estudantes n\u00e3o tem muitas op\u00e7\u00f5es de lazer, assim como muitas fam\u00edlias n\u00e3o t\u00eam condi\u00e7\u00f5es de oferecer uma alimenta\u00e7\u00e3o de qualidade. Teremos op\u00e7\u00f5es de oficinas, envolvendo atividades f\u00edsicas, culturais e apoio psicol\u00f3gico\u201d, revela o vice-diretor do col\u00e9gio, V\u00e1gner Ara\u00fajo.<\/p>\n\n\n\n<p>A edi\u00e7\u00e3o anterior do F\u00e9rias na Escola j\u00e1 mostrou o impacto positivo da iniciativa, se consolidando como um exemplo de como manter as escolas abertas durante todo o ano pode fortalecer a aprendizagem, o acolhimento emocional e a seguran\u00e7a alimentar dos estudantes. Al\u00e9m de participar das oficinas, os estudantes e volunt\u00e1rios receber\u00e3o certificados ao final do programa, ampliando o reconhecimento pelas viv\u00eancias proporcionadas nesse per\u00edodo especial.<\/p>\n\n\n\n<p>Bahia.ba<\/p>\n","protected":false},"excerpt":{"rendered":"<p>O projeto F\u00e9rias na Escola: Com Mais Sabor e Saber, iniciativa da Secretaria da Educa\u00e7\u00e3o do Estado (SEC), promete transformar as f\u00e9rias escolares em uma experi\u00eancia inesquec\u00edvel para os estudantes da rede estadual da Bahia. A partir desta segunda-feira (13) a 31 de janeiro, as escolas participantes do Programa Educa Mais Bahia se tornar\u00e3o espa\u00e7os [&hellip;]<\/p>\n","protected":false},"author":2,"featured_media":22271,"comment_status":"open","ping_status":"open","sticky":false,"template":"","format":"standard","meta":{"_jetpack_memberships_contains_paid_content":false,"footnotes":""},"categories":[21],"tags":[],"class_list":["post-22270","post","type-post","status-publish","format-standard","has-post-thumbnail","hentry","category-bahia"],"aioseo_notices":[],"jetpack_featured_media_url":"https:\/\/i0.wp.com\/minutobahia24h.com.br\/wp-content\/uploads\/2025\/01\/Sem-titulo-199.jpg?fit=600%2C420&ssl=1","jetpack_sharing_enabled":true,"_links":{"self":[{"href":"https:\/\/minutobahia24h.com.br\/index.php?rest_route=\/wp\/v2\/posts\/22270","targetHints":{"allow":["GET"]}}],"collection":[{"href":"https:\/\/minutobahia24h.com.br\/index.php?rest_route=\/wp\/v2\/posts"}],"about":[{"href":"https:\/\/minutobahia24h.com.br\/index.php?rest_route=\/wp\/v2\/types\/post"}],"author":[{"embeddable":true,"href":"https:\/\/minutobahia24h.com.br\/index.php?rest_route=\/wp\/v2\/users\/2"}],"replies":[{"embeddable":true,"href":"https:\/\/minutobahia24h.com.br\/index.php?rest_route=%2Fwp%2Fv2%2Fcomments&post=22270"}],"version-history":[{"count":1,"href":"https:\/\/minutobahia24h.com.br\/index.php?rest_route=\/wp\/v2\/posts\/22270\/revisions"}],"predecessor-version":[{"id":22272,"href":"https:\/\/minutobahia24h.com.br\/index.php?rest_route=\/wp\/v2\/posts\/22270\/revisions\/22272"}],"wp:featuredmedia":[{"embeddable":true,"href":"https:\/\/minutobahia24h.com.br\/index.php?rest_route=\/wp\/v2\/media\/22271"}],"wp:attachment":[{"href":"https:\/\/minutobahia24h.com.br\/index.php?rest_route=%2Fwp%2Fv2%2Fmedia&parent=22270"}],"wp:term":[{"taxonomy":"category","embeddable":true,"href":"https:\/\/minutobahia24h.com.br\/index.php?rest_route=%2Fwp%2Fv2%2Fcategories&post=22270"},{"taxonomy":"post_tag","embeddable":true,"href":"https:\/\/minutobahia24h.com.br\/index.php?rest_route=%2Fwp%2Fv2%2Ftags&post=22270"}],"curies":[{"name":"wp","href":"https:\/\/api.w.org\/{rel}","templated":true}]}}