{"id":2227,"date":"2023-10-13T07:11:36","date_gmt":"2023-10-13T10:11:36","guid":{"rendered":"https:\/\/minutobahia24h.com.br\/?p=2227"},"modified":"2023-10-13T07:11:37","modified_gmt":"2023-10-13T10:11:37","slug":"chocolate-suco-e-sabonete-veja-produtos-que-ficaram-mais-caros-mas-diminuiram-de-tamanho","status":"publish","type":"post","link":"https:\/\/minutobahia24h.com.br\/?p=2227","title":{"rendered":"Chocolate, suco e sabonete: veja produtos que ficaram mais caros, mas diminu\u00edram de tamanho"},"content":{"rendered":"<div class=\"wp-block-image\">\n<figure class=\"aligncenter size-full\"><img data-recalc-dims=\"1\" fetchpriority=\"high\" decoding=\"async\" width=\"800\" height=\"529\" src=\"https:\/\/i0.wp.com\/minutobahia24h.com.br\/wp-content\/uploads\/2023\/10\/Sem-titulo-91.jpg?resize=800%2C529&#038;ssl=1\" alt=\"\" class=\"wp-image-2229\" srcset=\"https:\/\/i0.wp.com\/minutobahia24h.com.br\/wp-content\/uploads\/2023\/10\/Sem-titulo-91.jpg?w=984&amp;ssl=1 984w, https:\/\/i0.wp.com\/minutobahia24h.com.br\/wp-content\/uploads\/2023\/10\/Sem-titulo-91.jpg?resize=300%2C198&amp;ssl=1 300w, https:\/\/i0.wp.com\/minutobahia24h.com.br\/wp-content\/uploads\/2023\/10\/Sem-titulo-91.jpg?resize=768%2C508&amp;ssl=1 768w, https:\/\/i0.wp.com\/minutobahia24h.com.br\/wp-content\/uploads\/2023\/10\/Sem-titulo-91.jpg?resize=750%2C496&amp;ssl=1 750w\" sizes=\"(max-width: 800px) 100vw, 800px\" \/><figcaption class=\"wp-element-caption\">A an\u00e1lise da Horus foi realizada com as 30 principais categorias de produtos presentes no carrinho de compra do consumidor \u2014 Foto: Pexels<br><\/figcaption><\/figure>\n<\/div>\n\n\n<p>\u201cEu fiquei irritado. Ao chegar no supermercado, senti que os pre\u00e7os dos itens subiram, enquanto o tamanho foi reduzido. Por exemplo, enquanto a maioria dos molhos de tomate tinha 340 gramas um tempo atr\u00e1s, agora est\u00e1 tudo com 300 [gramas] ou at\u00e9 menos\u201d, diz o marceneiro Jefferson Gimenes, de 50 anos, que faz compras mensais para a fam\u00edlia.<\/p>\n\n\n\n<p>O movimento que reflete essa percep\u00e7\u00e3o tem um nome:&nbsp;<strong>redufla\u00e7\u00e3o<\/strong>&nbsp;\u2014 que \u00e9 a manuten\u00e7\u00e3o ou at\u00e9 um aumento dos pre\u00e7os nas g\u00f4ndolas, mesmo diante de um corte no tamanho dos produtos por parte dos fabricantes.<\/p>\n\n\n\n<p>No acumulado dos oito primeiros meses de 2023, por exemplo,&nbsp;o sab\u00e3o em p\u00f3 foi o item vendido em supermercados que mais sofreu redufla\u00e7\u00e3o&nbsp;em compara\u00e7\u00e3o ao intervalo de janeiro a agosto do ano passado. No per\u00edodo, o tamanho do produto&nbsp;<strong>diminuiu quase 10% (de cerca de 1,1 kg para 1kg), enquanto o pre\u00e7o foi de R$ 15,31 para R$ 19,18.<\/strong><\/p>\n\n\n\n<p>Em seguida veio o&nbsp;chocolate, que ficou em segundo lugar entre os itens mais impactados. Na mesma janela de refer\u00eancia, o&nbsp;<strong>produto diminuiu de 167,6 gramas para 143,7 gramas, enquanto o pre\u00e7o foi de R$ 15,85 para R$ 16,78<\/strong>.<\/p>\n\n\n\n<p>Todos os valores constam no levantamento realizado pela consultoria Horus e concedido com exclusividade ao&nbsp;<a class=\"\" href=\"https:\/\/g1.globo.com\/\"><strong>g1<\/strong><\/a>. Foram analisadas as 30 principais categorias de produtos presentes no carrinho de compra do consumidor.<\/p>\n\n\n\n<p><em>Veja abaixo os itens mais afetados pela redufla\u00e7\u00e3o:<\/em><\/p>\n\n\n\n<figure class=\"wp-block-image\"><img data-recalc-dims=\"1\" decoding=\"async\" src=\"https:\/\/i0.wp.com\/s2-g1.glbimg.com\/o25U3B9WW_xWqHyeqpzt3u5px6U%3D\/0x0%3A1200x2649\/984x0\/smart\/filters%3Astrip_icc%28%29\/i.s3.glbimg.com\/v1\/AUTH_59edd422c0c84a879bd37670ae4f538a\/internal_photos\/bs\/2023\/H\/4\/AlvwpnRAqjWHTqBMwLEg\/microsoftteams-image-24-.png?w=800&#038;ssl=1\" alt=\"Infogr\u00e1fico de redufla\u00e7\u00e3o \u2014 Foto: g1\"\/><\/figure>\n\n\n\n<p>Infogr\u00e1fico de redufla\u00e7\u00e3o \u2014 Foto: g1<\/p>\n\n\n\n<h2 class=\"wp-block-heading\">Por que as empresas fazem isso?<\/h2>\n\n\n\n<p>Segundo especialistas, h\u00e1 dois grandes motivos para as empresas praticarem a redufla\u00e7\u00e3o:&nbsp;eventuais aumentos nos pre\u00e7os dos&nbsp;<a class=\"\" href=\"https:\/\/g1.globo.com\/carros\/assuntos\/combustiveis\/\">combust\u00edveis<\/a>&nbsp;\u2014 que, por sua vez, impactam nos custos de transporte dos produtos \u2014 e quest\u00f5es sazonais.<\/p>\n\n\n\n<p>Em rela\u00e7\u00e3o aos combust\u00edveis, por exemplo, o professor da Funda\u00e7\u00e3o Getulio Vargas (<a class=\"\" href=\"https:\/\/g1.globo.com\/tudo-sobre\/fgv\/\">FGV<\/a>) Ulysses Reis, afirma que as empresas precisam constantemente encontrar<strong>&nbsp;sa\u00eddas para reduzir o&nbsp;<\/strong><a class=\"\" href=\"https:\/\/g1.globo.com\/carros\/noticia\/2023\/09\/29\/preco-medio-do-alcool-permanece-igual-pela-segunda-semana-seguida-gasolina-cai-diz-anp.ghtml\"><strong>impacto dos pre\u00e7os da gasolina e do diesel.<\/strong><\/a><\/p>\n\n\n\n<p>Isso porque quanto mais caro \u00e9 o combust\u00edvel, mais a empresa precisa alocar recursos para o transporte de produtos e menor tende a ser o seu lucro. Se um ano atr\u00e1s uma companhia gastava R$ 1 mil nesse processo, por exemplo, atualmente precisa desembolsar aproximadamente R$ 1.205 \u2014&nbsp;<strong>cerca de 21% a mais.<\/strong><\/p>\n\n\n\n<p>Nesses casos, a solu\u00e7\u00e3o encontrada pelas empresas, segundo o especialista, \u00e9 repassar os valores no pre\u00e7o final dos produtos&nbsp;<em>(veja abaixo o pre\u00e7o m\u00e9dio dos combust\u00edveis nos postos em um ano).<\/em><\/p>\n\n\n\n<p>J\u00e1 em rela\u00e7\u00e3o \u00e0s quest\u00f5es sazonais, Josilmar Cordenonssi, professor de economia da Universidade Presbiteriana&nbsp;<a class=\"\" href=\"https:\/\/g1.globo.com\/educacao\/universidade\/mackenzie\/\">Mackenzie<\/a>, afirma que o clima pode afetar a produ\u00e7\u00e3o de diversos itens.<\/p>\n\n\n\n<p>Um exemplo fica com as lavouras de trigo do Rio Grande do Sul, que perderam potencial produtivo ap\u00f3s as tempestades registradas no in\u00edcio de setembro. Como a regi\u00e3o responde por cerca de 90% da colheita de trigo do Brasil, isso pode prejudicar as fabricantes de biscoitos \u2014&nbsp;<strong>quarto item que mais sofreu redufla\u00e7\u00e3o, segundo o levantamento da Horus.<\/strong><\/p>\n\n\n\n<p>Dessa forma, as empresas precisam encontrar maneiras de reduzir os impactos no caixa em meio ao aumento de pre\u00e7os da commodity. E, segundo os especialistas, a redufla\u00e7\u00e3o \u00e9 mais uma vez a sa\u00edda escolhida&nbsp;j\u00e1 que, na pr\u00e1tica, os produtos tendem a continuar com o mesmo pre\u00e7o de venda, enquanto as companhias produzem itens menores.<\/p>\n\n\n\n<p>Em entrevista \u00e0 BBC, Cammy Crolic, professora da Universidade de&nbsp;<a class=\"\" href=\"http:\/\/g1.globo.com\/mundo\/gra-bretanha\/cidade\/oxford.html\">Oxford<\/a>, afirmou que<a class=\"\" href=\"https:\/\/g1.globo.com\/economia\/noticia\/2023\/09\/26\/reduflacao-por-que-produtos-menores-com-precos-iguais-vieram-para-ficar.ghtml\">&nbsp;essa \u00e9 a grande sacada para que os clientes n\u00e3o parem de consumir<\/a>. Ela diz que a&nbsp;popula\u00e7\u00e3o tende a se preocupar mais com o impacto do pre\u00e7o das compras do que com a quantidade.<\/p>\n\n\n\n<figure class=\"wp-block-image\"><img data-recalc-dims=\"1\" decoding=\"async\" src=\"https:\/\/i0.wp.com\/s2-g1.glbimg.com\/4pLq2HF-4qUcGq-U8bqVSaDW1l8%3D\/0x0%3A1920x1080\/984x0\/smart\/filters%3Astrip_icc%28%29\/i.s3.glbimg.com\/v1\/AUTH_59edd422c0c84a879bd37670ae4f538a\/internal_photos\/bs\/2022\/W\/R\/XnB6kcTju5ua8LD935vg\/fotos1.jpg?w=800&#038;ssl=1\" alt=\"Embalagens ficam menores nos mercados em meio \u00e0 disparada de pre\u00e7os \u2014 Foto: Montagem g1\"\/><\/figure>\n\n\n\n<p>Embalagens ficam menores nos mercados em meio \u00e0 disparada de pre\u00e7os \u2014 Foto: Montagem g1<\/p>\n\n\n\n<h2 class=\"wp-block-heading\">Qual o direito do consumidor?<\/h2>\n\n\n\n<p>Segundo os especialistas, os consumidores que se sentirem afetados pela redufla\u00e7\u00e3o&nbsp;devem procurar o Procon. Isso porque, legalmente, as empresas precisam informar se houve altera\u00e7\u00f5es na gramatura de um produto.<\/p>\n\n\n\n<blockquote class=\"wp-block-quote is-layout-flow wp-block-quote-is-layout-flow\">\n<p>\u201cEssa informa\u00e7\u00e3o dever\u00e1 constar no t\u00edtulo do produto, de forma destacada e clara\u201d, diz o Procon. Os fornecedores que descumprirem as normas poder\u00e3o ser multados.<\/p>\n<\/blockquote>\n\n\n\n<p>Em 11 de setembro, o supermercado&nbsp;<a class=\"\" href=\"https:\/\/g1.globo.com\/tudo-sobre\/carrefour\/\">Carrefour<\/a>, por exemplo, anunciou que colocaria nos estabelecimentos localizados na Fran\u00e7a&nbsp;<strong>um adesivo nos produtos que sofreram redufla\u00e7\u00e3o<\/strong>. O<a class=\"\" href=\"https:\/\/g1.globo.com\/\"><strong>&nbsp;g1<\/strong><\/a>&nbsp;entrou em contato com a empresa para saber se o mesmo ser\u00e1 feito no Brasil, mas n\u00e3o teve retorno at\u00e9 a publica\u00e7\u00e3o da reportagem.<\/p>\n\n\n\n<p>A Portaria n\u00ba 392\/2021, do&nbsp;<a class=\"\" href=\"https:\/\/g1.globo.com\/tudo-sobre\/ministerio-da-justica\/\">Minist\u00e9rio da Justi\u00e7a<\/a>&nbsp;e Seguran\u00e7a P\u00fablica do Brasil, disp\u00f5e sobre a obrigatoriedade de informar ao consumidor em rela\u00e7\u00e3o \u00e0 ocorr\u00eancia de altera\u00e7\u00e3o quantitativa de um produto embalado. Entre os principais pontos, a declara\u00e7\u00e3o precisa ser:<\/p>\n\n\n\n<ul class=\"wp-block-list\">\n<li>em caixa alta;<\/li>\n\n\n\n<li>em negrito;<\/li>\n\n\n\n<li>e em uma cor que contrataste com o fundo.<\/li>\n<\/ul>\n\n\n\n<p><em>Veja um exemplo abaixo:<\/em><\/p>\n\n\n\n<figure class=\"wp-block-image\"><img data-recalc-dims=\"1\" decoding=\"async\" src=\"https:\/\/i0.wp.com\/s2-g1.glbimg.com\/cEjV6cAI1h88CpKVCYeBrKyJprk%3D\/0x0%3A612x676\/984x0\/smart\/filters%3Astrip_icc%28%29\/i.s3.glbimg.com\/v1\/AUTH_59edd422c0c84a879bd37670ae4f538a\/internal_photos\/bs\/2022\/9\/o\/DfVJeST067K9y2vh6dXg\/toddy.png?w=800&#038;ssl=1\" alt=\"Pacote pequeno de cookie Toddy teve redu\u00e7\u00e3o de 5%,  \u2014 Foto: g1\"\/><\/figure>\n\n\n\n<p>Pacote pequeno de cookie Toddy teve redu\u00e7\u00e3o de 5%, \u2014 Foto: g1<\/p>\n\n\n\n<blockquote class=\"wp-block-quote is-layout-flow wp-block-quote-is-layout-flow\">\n<p>\u201cO objetivo \u00e9 tornar mais efetiva a declara\u00e7\u00e3o sobre a altera\u00e7\u00e3o quantitativa do produto, no sentido de assegurar que a informa\u00e7\u00e3o seja de fato percebida pelos consumidores. Nesse sentido, o fornecedor deve dispor de modo claro, adequado e ostensivo todas as informa\u00e7\u00f5es sobre o pre\u00e7o e caracter\u00edsticas do produto\u201d, informou a pasta em nota.<\/p>\n<\/blockquote>\n\n\n\n<p>O professor da FGV tamb\u00e9m diz que a pr\u00e1tica da redufla\u00e7\u00e3o n\u00e3o se limita apenas a reduzir o tamanho do produto.&nbsp;\u201cAs empresas mudarem os itens de fabrica\u00e7\u00e3o, como o chocolate ser feito achocolatado, ou trocarem o leite por produtos l\u00e1cteos tamb\u00e9m se encaixa nessa situa\u00e7\u00e3o\u201d.<\/p>\n\n\n\n<p>Al\u00e9m do Carrefour, o\u00a0<a class=\"\" href=\"https:\/\/g1.globo.com\/\"><strong>g1<\/strong><\/a>\u00a0tamb\u00e9m procurou outras redes de supermercados para saber se houve redufla\u00e7\u00e3o nas g\u00f4ndolas de produtos, mas n\u00e3o teve retorno at\u00e9 a publica\u00e7\u00e3o. As principais fabricantes de produtos aliment\u00edcios tamb\u00e9m foram procuradas, mas n\u00e3o se posicionaram.<\/p>\n\n\n\n<h2 class=\"wp-block-heading\">Impacto no bolso do consumidor<\/h2>\n\n\n\n<p>Para Anna Carolina, chefe de percep\u00e7\u00f5es de consumo da Horus, a redufla\u00e7\u00e3o n\u00e3o \u00e9 vantajosa para o consumidor, visto que, em muitos casos, pode lev\u00e1-lo a aumentar as idas ao supermercado diante da necessidade de repor um produto que acabou mais r\u00e1pido.<\/p>\n\n\n\n<blockquote class=\"wp-block-quote is-layout-flow wp-block-quote-is-layout-flow\">\n<p>\u201cAntigamente, eu ia ao mercado duas vezes ao m\u00eas. Hoje, eu vou cerca de quatro a cinco vezes, para repor o corte na gramatura que os produtos tiveram. Al\u00e9m disso, eu gastava R$ 700 [mensais], e hoje minhas despesas com comida s\u00e3o quase o dobro\u201d, conta o marceneiro Gimenes.<\/p>\n<\/blockquote>\n\n\n\n<p>Por isso, para o professor de economia da Universidade Presbiteriana Mackenzie, o consumidor deve ficar atento \u00e0 redufla\u00e7\u00e3o, pois essa estrat\u00e9gia n\u00e3o sumir\u00e1 t\u00e3o cedo.<\/p>\n\n\n\n<blockquote class=\"wp-block-quote is-layout-flow wp-block-quote-is-layout-flow\">\n<p>\u201cO efeito s\u00f3 vai mudar quando o consumidor perceber esse truque. Enquanto isso n\u00e3o acontecer, o cliente continuar\u00e1 sendo enganado\u201d, diz.<\/p>\n<\/blockquote>\n","protected":false},"excerpt":{"rendered":"<p>\u201cEu fiquei irritado. Ao chegar no supermercado, senti que os pre\u00e7os dos itens subiram, enquanto o tamanho foi reduzido. Por exemplo, enquanto a maioria dos molhos de tomate tinha 340 gramas um tempo atr\u00e1s, agora est\u00e1 tudo com 300 [gramas] ou at\u00e9 menos\u201d, diz o marceneiro Jefferson Gimenes, de 50 anos, que faz compras mensais [&hellip;]<\/p>\n","protected":false},"author":2,"featured_media":2229,"comment_status":"open","ping_status":"open","sticky":false,"template":"","format":"standard","meta":{"_jetpack_memberships_contains_paid_content":false,"footnotes":""},"categories":[19],"tags":[],"class_list":["post-2227","post","type-post","status-publish","format-standard","has-post-thumbnail","hentry","category-economia"],"aioseo_notices":[],"jetpack_featured_media_url":"https:\/\/i0.wp.com\/minutobahia24h.com.br\/wp-content\/uploads\/2023\/10\/Sem-titulo-91.jpg?fit=984%2C651&ssl=1","jetpack_sharing_enabled":true,"_links":{"self":[{"href":"https:\/\/minutobahia24h.com.br\/index.php?rest_route=\/wp\/v2\/posts\/2227","targetHints":{"allow":["GET"]}}],"collection":[{"href":"https:\/\/minutobahia24h.com.br\/index.php?rest_route=\/wp\/v2\/posts"}],"about":[{"href":"https:\/\/minutobahia24h.com.br\/index.php?rest_route=\/wp\/v2\/types\/post"}],"author":[{"embeddable":true,"href":"https:\/\/minutobahia24h.com.br\/index.php?rest_route=\/wp\/v2\/users\/2"}],"replies":[{"embeddable":true,"href":"https:\/\/minutobahia24h.com.br\/index.php?rest_route=%2Fwp%2Fv2%2Fcomments&post=2227"}],"version-history":[{"count":1,"href":"https:\/\/minutobahia24h.com.br\/index.php?rest_route=\/wp\/v2\/posts\/2227\/revisions"}],"predecessor-version":[{"id":2230,"href":"https:\/\/minutobahia24h.com.br\/index.php?rest_route=\/wp\/v2\/posts\/2227\/revisions\/2230"}],"wp:featuredmedia":[{"embeddable":true,"href":"https:\/\/minutobahia24h.com.br\/index.php?rest_route=\/wp\/v2\/media\/2229"}],"wp:attachment":[{"href":"https:\/\/minutobahia24h.com.br\/index.php?rest_route=%2Fwp%2Fv2%2Fmedia&parent=2227"}],"wp:term":[{"taxonomy":"category","embeddable":true,"href":"https:\/\/minutobahia24h.com.br\/index.php?rest_route=%2Fwp%2Fv2%2Fcategories&post=2227"},{"taxonomy":"post_tag","embeddable":true,"href":"https:\/\/minutobahia24h.com.br\/index.php?rest_route=%2Fwp%2Fv2%2Ftags&post=2227"}],"curies":[{"name":"wp","href":"https:\/\/api.w.org\/{rel}","templated":true}]}}