{"id":22267,"date":"2025-01-10T11:26:19","date_gmt":"2025-01-10T14:26:19","guid":{"rendered":"https:\/\/minutobahia24h.com.br\/?p=22267"},"modified":"2025-01-10T11:26:20","modified_gmt":"2025-01-10T14:26:20","slug":"mp-ba-abre-inquerito-civil-para-investigar-possiveis-irregularidades-em-concurso-publico","status":"publish","type":"post","link":"https:\/\/minutobahia24h.com.br\/?p=22267","title":{"rendered":"MP-BA abre inqu\u00e9rito civil para investigar poss\u00edveis irregularidades em concurso p\u00fablico"},"content":{"rendered":"<div class=\"wp-block-image\">\n<figure class=\"aligncenter size-full\"><img data-recalc-dims=\"1\" fetchpriority=\"high\" decoding=\"async\" width=\"600\" height=\"420\" src=\"https:\/\/i0.wp.com\/minutobahia24h.com.br\/wp-content\/uploads\/2025\/01\/Sem-titulo-198.jpg?resize=600%2C420&#038;ssl=1\" alt=\"\" class=\"wp-image-22268\" srcset=\"https:\/\/i0.wp.com\/minutobahia24h.com.br\/wp-content\/uploads\/2025\/01\/Sem-titulo-198.jpg?w=600&amp;ssl=1 600w, https:\/\/i0.wp.com\/minutobahia24h.com.br\/wp-content\/uploads\/2025\/01\/Sem-titulo-198.jpg?resize=300%2C210&amp;ssl=1 300w\" sizes=\"(max-width: 600px) 100vw, 600px\" \/><figcaption class=\"wp-element-caption\">Foto: Reprodu\u00e7\u00e3o\/ assessoria<br><\/figcaption><\/figure>\n<\/div>\n\n\n<p>Em nota divulgada nesta sexta-feira (10), o Minist\u00e9rio P\u00fablico do Estado da Bahia (MP-BA) comunica a abertura de um inqu\u00e9rito civil para apurar poss\u00edveis irregularidades no concurso p\u00fablico municipal da cidade de Feira de Santana, realizado pela banca do Instituto Brasileiro de Forma\u00e7\u00e3o e Capacita\u00e7\u00e3o (IBFC), em 30 de julho de 2024.<\/p>\n\n\n\n<p><strong>Confira a nota na \u00edntegra:&nbsp;<\/strong><\/p>\n\n\n\n<p><em>O Minist\u00e9rio P\u00fablico do Estado da Bahia, representado pela Promotora de Justi\u00e7a infra-assinada, no uso de suas atribui\u00e7\u00f5es legais que lhe s\u00e3o conferidas pelos arts. 129, inciso VI, da Constitui\u00e7\u00e3o Federal, 26, inciso I, da Lei Federal n\u00ba: 8.625\/93, e art. 30 e seguintes da Resolu\u00e7\u00e3o n\u00ba: 11, de 11 de abril de 2022, do Minist\u00e9rio P\u00fablico do Estado da Bahia, RESOLVE comunicar a quem interessa possa acerca da instaura\u00e7\u00e3o do presente INQU\u00c9RITO CIVIL, que tem por objeto \u201capurar not\u00edcia de supostas irregularidades no concurso p\u00fablico municipal de Feira de Santana\/BA realizado pela banca do IBFC (EDITAL N\u00ba 01, DE 30 DE JULHO DE 2024), dentre os quais se encontravam erros de prova; atraso no resultado; erros nos resultados; ind\u00edcios de fraudes, dentre outras irregularidades.\u201d<\/em><\/p>\n\n\n\n<p><em>Feira de Santana, 09 de janeiro de 2025.<\/em><\/p>\n\n\n\n<p><em>DANIELA BAQUEIRO VARGAS LEAL<\/em><\/p>\n\n\n\n<p><em>Promotora de Justi\u00e7a em Substitui\u00e7\u00e3o<\/em><\/p>\n\n\n\n<p>Bahia.ba<\/p>\n","protected":false},"excerpt":{"rendered":"<p>Em nota divulgada nesta sexta-feira (10), o Minist\u00e9rio P\u00fablico do Estado da Bahia (MP-BA) comunica a abertura de um inqu\u00e9rito civil para apurar poss\u00edveis irregularidades no concurso p\u00fablico municipal da cidade de Feira de Santana, realizado pela banca do Instituto Brasileiro de Forma\u00e7\u00e3o e Capacita\u00e7\u00e3o (IBFC), em 30 de julho de 2024. Confira a nota [&hellip;]<\/p>\n","protected":false},"author":2,"featured_media":22268,"comment_status":"open","ping_status":"open","sticky":false,"template":"","format":"standard","meta":{"_jetpack_memberships_contains_paid_content":false,"footnotes":""},"categories":[23],"tags":[],"class_list":["post-22267","post","type-post","status-publish","format-standard","has-post-thumbnail","hentry","category-justica"],"aioseo_notices":[],"jetpack_featured_media_url":"https:\/\/i0.wp.com\/minutobahia24h.com.br\/wp-content\/uploads\/2025\/01\/Sem-titulo-198.jpg?fit=600%2C420&ssl=1","jetpack_sharing_enabled":true,"_links":{"self":[{"href":"https:\/\/minutobahia24h.com.br\/index.php?rest_route=\/wp\/v2\/posts\/22267","targetHints":{"allow":["GET"]}}],"collection":[{"href":"https:\/\/minutobahia24h.com.br\/index.php?rest_route=\/wp\/v2\/posts"}],"about":[{"href":"https:\/\/minutobahia24h.com.br\/index.php?rest_route=\/wp\/v2\/types\/post"}],"author":[{"embeddable":true,"href":"https:\/\/minutobahia24h.com.br\/index.php?rest_route=\/wp\/v2\/users\/2"}],"replies":[{"embeddable":true,"href":"https:\/\/minutobahia24h.com.br\/index.php?rest_route=%2Fwp%2Fv2%2Fcomments&post=22267"}],"version-history":[{"count":1,"href":"https:\/\/minutobahia24h.com.br\/index.php?rest_route=\/wp\/v2\/posts\/22267\/revisions"}],"predecessor-version":[{"id":22269,"href":"https:\/\/minutobahia24h.com.br\/index.php?rest_route=\/wp\/v2\/posts\/22267\/revisions\/22269"}],"wp:featuredmedia":[{"embeddable":true,"href":"https:\/\/minutobahia24h.com.br\/index.php?rest_route=\/wp\/v2\/media\/22268"}],"wp:attachment":[{"href":"https:\/\/minutobahia24h.com.br\/index.php?rest_route=%2Fwp%2Fv2%2Fmedia&parent=22267"}],"wp:term":[{"taxonomy":"category","embeddable":true,"href":"https:\/\/minutobahia24h.com.br\/index.php?rest_route=%2Fwp%2Fv2%2Fcategories&post=22267"},{"taxonomy":"post_tag","embeddable":true,"href":"https:\/\/minutobahia24h.com.br\/index.php?rest_route=%2Fwp%2Fv2%2Ftags&post=22267"}],"curies":[{"name":"wp","href":"https:\/\/api.w.org\/{rel}","templated":true}]}}