{"id":22225,"date":"2025-01-10T07:40:45","date_gmt":"2025-01-10T10:40:45","guid":{"rendered":"https:\/\/minutobahia24h.com.br\/?p=22225"},"modified":"2025-01-10T07:40:47","modified_gmt":"2025-01-10T10:40:47","slug":"governo-lanca-acoes-para-se-antecipar-a-periodo-de-alta-da-dengue","status":"publish","type":"post","link":"https:\/\/minutobahia24h.com.br\/?p=22225","title":{"rendered":"Governo lan\u00e7a a\u00e7\u00f5es para se antecipar a per\u00edodo de alta da dengue"},"content":{"rendered":"<div class=\"wp-block-image\">\n<figure class=\"aligncenter size-full\"><img data-recalc-dims=\"1\" fetchpriority=\"high\" decoding=\"async\" width=\"700\" height=\"418\" src=\"https:\/\/i0.wp.com\/minutobahia24h.com.br\/wp-content\/uploads\/2025\/01\/Sem-titulo-189.jpg?resize=700%2C418&#038;ssl=1\" alt=\"\" class=\"wp-image-22226\" srcset=\"https:\/\/i0.wp.com\/minutobahia24h.com.br\/wp-content\/uploads\/2025\/01\/Sem-titulo-189.jpg?w=700&amp;ssl=1 700w, https:\/\/i0.wp.com\/minutobahia24h.com.br\/wp-content\/uploads\/2025\/01\/Sem-titulo-189.jpg?resize=300%2C179&amp;ssl=1 300w\" sizes=\"(max-width: 700px) 100vw, 700px\" \/><figcaption class=\"wp-element-caption\">\u00a9 Marcelo Camargo\/Ag\u00eancia Brasil<\/figcaption><\/figure>\n<\/div>\n\n\n<p>O Minist\u00e9rio da Sa\u00fade instalou nesta quinta-feira (9) o Centro de Opera\u00e7\u00f5es de Emerg\u00eancia (COE) para dengue e outras arboviroses. De acordo com a ministra da Sa\u00fade, N\u00edsia Trindade, a ideia \u00e9 coordenar o planejamento e a reposta por meio do di\u00e1logo constante com estados, munic\u00edpios, pesquisadores e institui\u00e7\u00f5es cient\u00edficas, al\u00e9m de outras pastas.<\/p>\n\n\n\n<p>Dentre as a\u00e7\u00f5es previstas est\u00e3o se antecipar ao per\u00edodo sazonal da dengue para adequar as redes de sa\u00fade; mitigar riscos para evitar casos e \u00f3bitos; ampliar medidas preventivas para melhor preparar estados e munic\u00edpios; e uma articula\u00e7\u00e3o nacional para resposta a eventuais situa\u00e7\u00f5es classificadas como cr\u00edticas.<\/p>\n\n\n\n<p>N\u00edsia anunciou ainda o lan\u00e7amento de um novo Plano de Conting\u00eancia Nacional para Dengue, Chikungunya e Zika, composto por seis eixos, no intuito de ampliar medidas preventivas, preparar a rede assistencial e conter o avan\u00e7o de casos de dessas doen\u00e7as no pa\u00eds. A vers\u00e3o anterior do plano havia sido lan\u00e7ada em 2022 e, portanto, antes da\u00a0<a href=\"https:\/\/agenciabrasil.ebc.com.br\/saude\/noticia\/2025-01\/casos-de-dengue-em-2024-passam-de-64-milhoes-mortes-somam-59-mil\" target=\"_blank\" rel=\"noreferrer noopener\">maior epidemia de dengue<\/a>\u00a0j\u00e1 registrada no Brasil, em 2024.<\/p>\n\n\n\n<p>Dentre as a\u00e7\u00f5es destacadas pela pasta est\u00e3o:<\/p>\n\n\n\n<ul class=\"wp-block-list\">\n<li>expans\u00e3o do\u00a0<a href=\"https:\/\/agenciabrasil.ebc.com.br\/saude\/noticia\/2024-02\/metodo-wolbachia-reduz-casos-de-dengue-em-niteroi\" target=\"_blank\" rel=\"noreferrer noopener\">m\u00e9todo Wolbachia<\/a>\u00a0de tr\u00eas para 40 cidades ainda em 2025;<\/li>\n\n\n\n<li>implanta\u00e7\u00e3o de insetos est\u00e9reis em aldeias ind\u00edgenas;<\/li>\n\n\n\n<li>borrifa\u00e7\u00e3o residual intradomiciliar em \u00e1reas de grande circula\u00e7\u00e3o de pessoas, como creches, escolas e asilos;<\/li>\n\n\n\n<li>esta\u00e7\u00f5es disseminadoras de larvicidas, com previs\u00e3o de implanta\u00e7\u00e3o de 150 mil unidades na primeira fase no projeto;<\/li>\n\n\n\n<li>uso de\u00a0<em>Bacillus Thuringiensis Israelensis<\/em>\u00a0(BTI) para monitorar e controlar a dissemina\u00e7\u00e3o do mosquito;<\/li>\n\n\n\n<li>instala\u00e7\u00e3o de cerca de 3 mil esta\u00e7\u00f5es disseminadoras de larvicida no Distrito Federal, na regi\u00e3o do Sol Nascente, com expans\u00e3o prevista para outras \u00e1reas perif\u00e9ricas do pa\u00eds.<\/li>\n<\/ul>\n\n\n\n<h2 class=\"wp-block-heading\">Vacina<\/h2>\n\n\n\n<p>De acordo com a secret\u00e1ria de Vigil\u00e2ncia em Sa\u00fade, Ethel Maciel, a pasta j\u00e1 adquiriu todo o estoque de vacinas contra a dengue disponibilizado pelo fabricante para 2025: 9,5 milh\u00f5es de doses.<\/p>\n\n\n\n<p>A estrat\u00e9gia do governo federal, segundo Ethel, \u00e9 intensificar a imuniza\u00e7\u00e3o contra a dengue entre crian\u00e7as e adolescentes de 10 a 14 anos neste ano, sobretudo diante de um estoque de cerca de 3 milh\u00f5es de doses distribu\u00eddas aos estados e munic\u00edpios em 2024 e que ainda n\u00e3o foram aplicadas.<\/p>\n\n\n\n<h2 class=\"wp-block-heading\">Cen\u00e1rio epidemiol\u00f3gico<\/h2>\n\n\n\n<p>Em 2024, o Brasil registrou 6,4 milh\u00f5es de casos prov\u00e1veis de dengue e 6 mil \u00f3bitos, de acordo com o painel de atualiza\u00e7\u00e3o de casos de arboviroses do minist\u00e9rio.<\/p>\n\n\n\n<p>J\u00e1 em 2025, at\u00e9 esta quarta-feira (8), foram notificados 10,1 mil casos prov\u00e1veis e 10 mortes em investiga\u00e7\u00e3o por dengue.<\/p>\n\n\n\n<p>gazetadosmunicipios<\/p>\n","protected":false},"excerpt":{"rendered":"<p>O Minist\u00e9rio da Sa\u00fade instalou nesta quinta-feira (9) o Centro de Opera\u00e7\u00f5es de Emerg\u00eancia (COE) para dengue e outras arboviroses. De acordo com a ministra da Sa\u00fade, N\u00edsia Trindade, a ideia \u00e9 coordenar o planejamento e a reposta por meio do di\u00e1logo constante com estados, munic\u00edpios, pesquisadores e institui\u00e7\u00f5es cient\u00edficas, al\u00e9m de outras pastas. Dentre [&hellip;]<\/p>\n","protected":false},"author":2,"featured_media":22226,"comment_status":"open","ping_status":"open","sticky":false,"template":"","format":"standard","meta":{"_jetpack_memberships_contains_paid_content":false,"footnotes":""},"categories":[18],"tags":[],"class_list":["post-22225","post","type-post","status-publish","format-standard","has-post-thumbnail","hentry","category-saude"],"aioseo_notices":[],"jetpack_featured_media_url":"https:\/\/i0.wp.com\/minutobahia24h.com.br\/wp-content\/uploads\/2025\/01\/Sem-titulo-189.jpg?fit=700%2C418&ssl=1","jetpack_sharing_enabled":true,"_links":{"self":[{"href":"https:\/\/minutobahia24h.com.br\/index.php?rest_route=\/wp\/v2\/posts\/22225","targetHints":{"allow":["GET"]}}],"collection":[{"href":"https:\/\/minutobahia24h.com.br\/index.php?rest_route=\/wp\/v2\/posts"}],"about":[{"href":"https:\/\/minutobahia24h.com.br\/index.php?rest_route=\/wp\/v2\/types\/post"}],"author":[{"embeddable":true,"href":"https:\/\/minutobahia24h.com.br\/index.php?rest_route=\/wp\/v2\/users\/2"}],"replies":[{"embeddable":true,"href":"https:\/\/minutobahia24h.com.br\/index.php?rest_route=%2Fwp%2Fv2%2Fcomments&post=22225"}],"version-history":[{"count":1,"href":"https:\/\/minutobahia24h.com.br\/index.php?rest_route=\/wp\/v2\/posts\/22225\/revisions"}],"predecessor-version":[{"id":22227,"href":"https:\/\/minutobahia24h.com.br\/index.php?rest_route=\/wp\/v2\/posts\/22225\/revisions\/22227"}],"wp:featuredmedia":[{"embeddable":true,"href":"https:\/\/minutobahia24h.com.br\/index.php?rest_route=\/wp\/v2\/media\/22226"}],"wp:attachment":[{"href":"https:\/\/minutobahia24h.com.br\/index.php?rest_route=%2Fwp%2Fv2%2Fmedia&parent=22225"}],"wp:term":[{"taxonomy":"category","embeddable":true,"href":"https:\/\/minutobahia24h.com.br\/index.php?rest_route=%2Fwp%2Fv2%2Fcategories&post=22225"},{"taxonomy":"post_tag","embeddable":true,"href":"https:\/\/minutobahia24h.com.br\/index.php?rest_route=%2Fwp%2Fv2%2Ftags&post=22225"}],"curies":[{"name":"wp","href":"https:\/\/api.w.org\/{rel}","templated":true}]}}