{"id":22215,"date":"2025-01-10T07:27:11","date_gmt":"2025-01-10T10:27:11","guid":{"rendered":"https:\/\/minutobahia24h.com.br\/?p=22215"},"modified":"2025-01-10T07:27:20","modified_gmt":"2025-01-10T10:27:20","slug":"curaca-recebe-20-toneladas-de-cestas-basicas-do-programa-bahia-sem-fome","status":"publish","type":"post","link":"https:\/\/minutobahia24h.com.br\/?p=22215","title":{"rendered":"Cura\u00e7\u00e1 recebe 20 toneladas de cestas b\u00e1sicas do programa Bahia Sem Fome"},"content":{"rendered":"<div class=\"wp-block-image\">\n<figure class=\"aligncenter size-full\"><img data-recalc-dims=\"1\" fetchpriority=\"high\" decoding=\"async\" width=\"700\" height=\"391\" src=\"https:\/\/i0.wp.com\/minutobahia24h.com.br\/wp-content\/uploads\/2025\/01\/Sem-titulo-186.jpg?resize=700%2C391&#038;ssl=1\" alt=\"\" class=\"wp-image-22216\" srcset=\"https:\/\/i0.wp.com\/minutobahia24h.com.br\/wp-content\/uploads\/2025\/01\/Sem-titulo-186.jpg?w=700&amp;ssl=1 700w, https:\/\/i0.wp.com\/minutobahia24h.com.br\/wp-content\/uploads\/2025\/01\/Sem-titulo-186.jpg?resize=300%2C168&amp;ssl=1 300w\" sizes=\"(max-width: 700px) 100vw, 700px\" \/><\/figure>\n<\/div>\n\n\n<p><\/p>\n\n\n\n<p class=\"has-text-align-justify\">Nesta quinta (09), o munic\u00edpio de Cura\u00e7\u00e1 recebeu um importante apoio do programa Bahia Sem Fome. Ao lado do coordenador do programa, Tiago Pereira, o prefeito Murilo Bomfim anunciou a chegada de 20 toneladas de alimentos destinados \u00e0s fam\u00edlias em situa\u00e7\u00e3o de vulnerabilidade extrema.<\/p>\n\n\n\n<p>&#8220;Este \u00e9 apenas o in\u00edcio de uma s\u00e9rie de a\u00e7\u00f5es que estamos planejando, incluindo a distribui\u00e7\u00e3o de leite e kits de horta. Depois da reuni\u00e3o com o governador Jer\u00f4nimo em Salvador, ele nos garantiu diversos tipos de ajuda para nosso munic\u00edpio, e essa parceria \u00e9 essencial para que possamos cuidar de quem mais precisa&#8221;, destacou o prefeito.<\/p>\n\n\n\n<p>&#8220;Algumas estruturas de Estado est\u00e3o mobilizadas a dar uma aten\u00e7\u00e3o especial para Cura\u00e7\u00e1. J\u00e1 tivemos aqui a presen\u00e7a e a\u00e7\u00f5es da Secretaria de Sa\u00fade, da Secretaria de Educa\u00e7\u00e3o, da Secretaria de Infraestrutura e agora n\u00f3s que coordenamos o programa Bahia Sem Fome estamos aqui ajudando tamb\u00e9m o munic\u00edpio a pensar o Cura\u00e7\u00e1 Sem Fome, que vai cuidar das fam\u00edlias que se encontram em situa\u00e7\u00e3o de inseguran\u00e7a alimentar&#8221;, ressaltou o coordenador do programa.<\/p>\n\n\n\n<p>Jo\u00e3o Teles, secret\u00e1rio de desenvolvimento social de Cura\u00e7\u00e1, comentou sobre a log\u00edstica de distribui\u00e7\u00e3o das cestas b\u00e1sicas. &#8220;Nosso foco \u00e9 garantir que os alimentos cheguem \u00e0s m\u00e3os das fam\u00edlias que mais precisam de forma r\u00e1pida. Estamos organizando equipes para realizar a distribui\u00e7\u00e3o j\u00e1 nos pr\u00f3ximos dias, priorizando as \u00e1reas mais afetadas pela inseguran\u00e7a alimentar&#8221;, concluiu.<\/p>\n\n\n\n<p>ASCOM\/PMC<\/p>\n","protected":false},"excerpt":{"rendered":"<p>Nesta quinta (09), o munic\u00edpio de Cura\u00e7\u00e1 recebeu um importante apoio do programa Bahia Sem Fome. Ao lado do coordenador do programa, Tiago Pereira, o prefeito Murilo Bomfim anunciou a chegada de 20 toneladas de alimentos destinados \u00e0s fam\u00edlias em situa\u00e7\u00e3o de vulnerabilidade extrema. &#8220;Este \u00e9 apenas o in\u00edcio de uma s\u00e9rie de a\u00e7\u00f5es que [&hellip;]<\/p>\n","protected":false},"author":2,"featured_media":22216,"comment_status":"open","ping_status":"open","sticky":false,"template":"","format":"standard","meta":{"_jetpack_memberships_contains_paid_content":false,"footnotes":""},"categories":[3],"tags":[],"class_list":["post-22215","post","type-post","status-publish","format-standard","has-post-thumbnail","hentry","category-regional"],"aioseo_notices":[],"jetpack_featured_media_url":"https:\/\/i0.wp.com\/minutobahia24h.com.br\/wp-content\/uploads\/2025\/01\/Sem-titulo-186.jpg?fit=700%2C391&ssl=1","jetpack_sharing_enabled":true,"_links":{"self":[{"href":"https:\/\/minutobahia24h.com.br\/index.php?rest_route=\/wp\/v2\/posts\/22215","targetHints":{"allow":["GET"]}}],"collection":[{"href":"https:\/\/minutobahia24h.com.br\/index.php?rest_route=\/wp\/v2\/posts"}],"about":[{"href":"https:\/\/minutobahia24h.com.br\/index.php?rest_route=\/wp\/v2\/types\/post"}],"author":[{"embeddable":true,"href":"https:\/\/minutobahia24h.com.br\/index.php?rest_route=\/wp\/v2\/users\/2"}],"replies":[{"embeddable":true,"href":"https:\/\/minutobahia24h.com.br\/index.php?rest_route=%2Fwp%2Fv2%2Fcomments&post=22215"}],"version-history":[{"count":2,"href":"https:\/\/minutobahia24h.com.br\/index.php?rest_route=\/wp\/v2\/posts\/22215\/revisions"}],"predecessor-version":[{"id":22218,"href":"https:\/\/minutobahia24h.com.br\/index.php?rest_route=\/wp\/v2\/posts\/22215\/revisions\/22218"}],"wp:featuredmedia":[{"embeddable":true,"href":"https:\/\/minutobahia24h.com.br\/index.php?rest_route=\/wp\/v2\/media\/22216"}],"wp:attachment":[{"href":"https:\/\/minutobahia24h.com.br\/index.php?rest_route=%2Fwp%2Fv2%2Fmedia&parent=22215"}],"wp:term":[{"taxonomy":"category","embeddable":true,"href":"https:\/\/minutobahia24h.com.br\/index.php?rest_route=%2Fwp%2Fv2%2Fcategories&post=22215"},{"taxonomy":"post_tag","embeddable":true,"href":"https:\/\/minutobahia24h.com.br\/index.php?rest_route=%2Fwp%2Fv2%2Ftags&post=22215"}],"curies":[{"name":"wp","href":"https:\/\/api.w.org\/{rel}","templated":true}]}}