{"id":22203,"date":"2025-01-10T07:18:17","date_gmt":"2025-01-10T10:18:17","guid":{"rendered":"https:\/\/minutobahia24h.com.br\/?p=22203"},"modified":"2025-01-10T07:18:19","modified_gmt":"2025-01-10T10:18:19","slug":"paroquia-sao-sebastiao-em-filadelfia-realiza-tradicional-carreata-de-abertura-da-programacao-em-homenagem-ao-padroeiro","status":"publish","type":"post","link":"https:\/\/minutobahia24h.com.br\/?p=22203","title":{"rendered":"Par\u00f3quia S\u00e3o Sebasti\u00e3o em Filad\u00e9lfia realiza tradicional carreata de Abertura da Programa\u00e7\u00e3o em Homenagem ao Padroeiro"},"content":{"rendered":"<div class=\"wp-block-image\">\n<figure class=\"aligncenter size-large\"><img data-recalc-dims=\"1\" fetchpriority=\"high\" decoding=\"async\" width=\"719\" height=\"1024\" src=\"https:\/\/i0.wp.com\/minutobahia24h.com.br\/wp-content\/uploads\/2025\/01\/Sem-titulo-182-719x1024.jpg?resize=719%2C1024&#038;ssl=1\" alt=\"\" class=\"wp-image-22204\" srcset=\"https:\/\/i0.wp.com\/minutobahia24h.com.br\/wp-content\/uploads\/2025\/01\/Sem-titulo-182.jpg?resize=719%2C1024&amp;ssl=1 719w, https:\/\/i0.wp.com\/minutobahia24h.com.br\/wp-content\/uploads\/2025\/01\/Sem-titulo-182.jpg?resize=211%2C300&amp;ssl=1 211w, https:\/\/i0.wp.com\/minutobahia24h.com.br\/wp-content\/uploads\/2025\/01\/Sem-titulo-182.jpg?resize=768%2C1093&amp;ssl=1 768w, https:\/\/i0.wp.com\/minutobahia24h.com.br\/wp-content\/uploads\/2025\/01\/Sem-titulo-182.jpg?resize=750%2C1068&amp;ssl=1 750w, https:\/\/i0.wp.com\/minutobahia24h.com.br\/wp-content\/uploads\/2025\/01\/Sem-titulo-182.jpg?w=900&amp;ssl=1 900w\" sizes=\"(max-width: 719px) 100vw, 719px\" \/><\/figure>\n<\/div>\n\n\n<p class=\"has-text-align-justify\">Nesta sexta-feira, 10, a Par\u00f3quia S\u00e3o Sebasti\u00e3o realiza a tradicional Carreata, em homenagem ao Padroeiro da Cidade S\u00e3o Sebasti\u00e3o, o cortejo seguir\u00e1 pelas principais ruas e avenidas de Filad\u00e9lfia. O evento tem in\u00edcio \u00e0s 18h00, com a concentra\u00e7\u00e3o dos ve\u00edculos, em frente a Par\u00f3quia, o encerramento s\u00e9 realizado com : Hasteamento das bandeiras celebra\u00e7\u00e3o da Missa de Abertura dos Festejos, com apresenta\u00e7\u00e3o do tema geral da festa: \u201cS\u00e3o Sebasti\u00e3o testemunho de FIDELIDADE a Cristo\u201d com a celebra\u00e7\u00e3o do Padre Jos\u00e9 Alan, a Respons\u00e1vel ser\u00e1 a Pastoral do D\u00edzimo e Pascom, e os cnvidados ser\u00e3o toda a Par\u00f3quia S\u00e3o Sebasti\u00e3o, Todas as Par\u00f3quias da Diocese e Todo o Povo de Deus! Haver\u00e1 Quermess com todas as Pastorais, Movimentos e Apostolados.<\/p>\n\n\n\n<p>A atividade d\u00e1 in\u00edcio \u00e0 programa\u00e7\u00e3o cultural da Novena e Festa do Padroeiro 2024. Confira a Programa\u00e7\u00e3o Geral:<\/p>\n\n\n<div class=\"wp-block-image\">\n<figure class=\"aligncenter\"><img data-recalc-dims=\"1\" decoding=\"async\" data-src=\"https:\/\/i0.wp.com\/www.filadelfiaemnoticias.com.br\/arquivos\/img-uploads\/imagem_19.jpg?w=800&#038;ssl=1\" alt=\"\" src=\"data:image\/gif;base64,R0lGODlhAQABAAAAACH5BAEKAAEALAAAAAABAAEAAAICTAEAOw==\" class=\"lazyload\" \/><noscript><img data-recalc-dims=\"1\" decoding=\"async\" src=\"https:\/\/i0.wp.com\/www.filadelfiaemnoticias.com.br\/arquivos\/img-uploads\/imagem_19.jpg?w=800&#038;ssl=1\" alt=\"\"\/><\/noscript><\/figure>\n<\/div>\n\n<div class=\"wp-block-image\">\n<figure class=\"aligncenter\"><img data-recalc-dims=\"1\" decoding=\"async\" data-src=\"https:\/\/i0.wp.com\/www.filadelfiaemnoticias.com.br\/arquivos\/img-uploads\/imagem_20.jpg?w=800&#038;ssl=1\" alt=\"\" src=\"data:image\/gif;base64,R0lGODlhAQABAAAAACH5BAEKAAEALAAAAAABAAEAAAICTAEAOw==\" class=\"lazyload\" \/><noscript><img data-recalc-dims=\"1\" decoding=\"async\" src=\"https:\/\/i0.wp.com\/www.filadelfiaemnoticias.com.br\/arquivos\/img-uploads\/imagem_20.jpg?w=800&#038;ssl=1\" alt=\"\"\/><\/noscript><\/figure>\n<\/div>\n\n\n<p>FILAD\u00c9LFIA EM NOT\u00cdCIAS<\/p>\n","protected":false},"excerpt":{"rendered":"<p>Nesta sexta-feira, 10, a Par\u00f3quia S\u00e3o Sebasti\u00e3o realiza a tradicional Carreata, em homenagem ao Padroeiro da Cidade S\u00e3o Sebasti\u00e3o, o cortejo seguir\u00e1 pelas principais ruas e avenidas de Filad\u00e9lfia. O evento tem in\u00edcio \u00e0s 18h00, com a concentra\u00e7\u00e3o dos ve\u00edculos, em frente a Par\u00f3quia, o encerramento s\u00e9 realizado com : Hasteamento das bandeiras celebra\u00e7\u00e3o da [&hellip;]<\/p>\n","protected":false},"author":2,"featured_media":22204,"comment_status":"open","ping_status":"open","sticky":false,"template":"","format":"standard","meta":{"_jetpack_memberships_contains_paid_content":false,"footnotes":""},"categories":[3],"tags":[],"class_list":["post-22203","post","type-post","status-publish","format-standard","has-post-thumbnail","hentry","category-regional"],"aioseo_notices":[],"jetpack_featured_media_url":"https:\/\/i0.wp.com\/minutobahia24h.com.br\/wp-content\/uploads\/2025\/01\/Sem-titulo-182.jpg?fit=900%2C1281&ssl=1","jetpack_sharing_enabled":true,"_links":{"self":[{"href":"https:\/\/minutobahia24h.com.br\/index.php?rest_route=\/wp\/v2\/posts\/22203","targetHints":{"allow":["GET"]}}],"collection":[{"href":"https:\/\/minutobahia24h.com.br\/index.php?rest_route=\/wp\/v2\/posts"}],"about":[{"href":"https:\/\/minutobahia24h.com.br\/index.php?rest_route=\/wp\/v2\/types\/post"}],"author":[{"embeddable":true,"href":"https:\/\/minutobahia24h.com.br\/index.php?rest_route=\/wp\/v2\/users\/2"}],"replies":[{"embeddable":true,"href":"https:\/\/minutobahia24h.com.br\/index.php?rest_route=%2Fwp%2Fv2%2Fcomments&post=22203"}],"version-history":[{"count":1,"href":"https:\/\/minutobahia24h.com.br\/index.php?rest_route=\/wp\/v2\/posts\/22203\/revisions"}],"predecessor-version":[{"id":22205,"href":"https:\/\/minutobahia24h.com.br\/index.php?rest_route=\/wp\/v2\/posts\/22203\/revisions\/22205"}],"wp:featuredmedia":[{"embeddable":true,"href":"https:\/\/minutobahia24h.com.br\/index.php?rest_route=\/wp\/v2\/media\/22204"}],"wp:attachment":[{"href":"https:\/\/minutobahia24h.com.br\/index.php?rest_route=%2Fwp%2Fv2%2Fmedia&parent=22203"}],"wp:term":[{"taxonomy":"category","embeddable":true,"href":"https:\/\/minutobahia24h.com.br\/index.php?rest_route=%2Fwp%2Fv2%2Fcategories&post=22203"},{"taxonomy":"post_tag","embeddable":true,"href":"https:\/\/minutobahia24h.com.br\/index.php?rest_route=%2Fwp%2Fv2%2Ftags&post=22203"}],"curies":[{"name":"wp","href":"https:\/\/api.w.org\/{rel}","templated":true}]}}