{"id":2219,"date":"2023-10-13T07:07:14","date_gmt":"2023-10-13T10:07:14","guid":{"rendered":"https:\/\/minutobahia24h.com.br\/?p=2219"},"modified":"2023-10-13T07:07:15","modified_gmt":"2023-10-13T10:07:15","slug":"as-mensagens-apagadas-do-celular-do-general-cid","status":"publish","type":"post","link":"https:\/\/minutobahia24h.com.br\/?p=2219","title":{"rendered":"As mensagens apagadas do celular do general Cid"},"content":{"rendered":"<div class=\"wp-block-image\">\n<figure class=\"aligncenter size-full\"><img data-recalc-dims=\"1\" fetchpriority=\"high\" decoding=\"async\" width=\"800\" height=\"531\" src=\"https:\/\/i0.wp.com\/minutobahia24h.com.br\/wp-content\/uploads\/2023\/10\/Sem-titulo-89.jpg?resize=800%2C531&#038;ssl=1\" alt=\"\" class=\"wp-image-2221\" srcset=\"https:\/\/i0.wp.com\/minutobahia24h.com.br\/wp-content\/uploads\/2023\/10\/Sem-titulo-89.jpg?w=884&amp;ssl=1 884w, https:\/\/i0.wp.com\/minutobahia24h.com.br\/wp-content\/uploads\/2023\/10\/Sem-titulo-89.jpg?resize=300%2C199&amp;ssl=1 300w, https:\/\/i0.wp.com\/minutobahia24h.com.br\/wp-content\/uploads\/2023\/10\/Sem-titulo-89.jpg?resize=768%2C510&amp;ssl=1 768w, https:\/\/i0.wp.com\/minutobahia24h.com.br\/wp-content\/uploads\/2023\/10\/Sem-titulo-89.jpg?resize=750%2C498&amp;ssl=1 750w\" sizes=\"(max-width: 800px) 100vw, 800px\" \/><figcaption class=\"wp-element-caption\">O general da reserva Mauro Cesar Lourena Cid, pai de Mauro Cid \u2014 Foto: Reprodu\u00e7\u00e3o\/ YouTube<br><\/figcaption><\/figure>\n<\/div>\n\n\n<p>Assessores de\u00a0<a class=\"\" href=\"https:\/\/oglobo.globo.com\/tudo-sobre\/politico\/jair-messias-bolsonaro\">Jair Bolsonaro<\/a>\u00a0e ex-membros da ala militar do governo respiraram aliviados com a informa\u00e7\u00e3o que receberam a respeito do celular do general Mauro Lourena Cid, apreendido pela Pol\u00edcia Federal. Cauteloso, o militar da reserva evitou armazenar as mensagens de seu aparelho, diferentemente de seu filho, o tenente-coronel\u00a0<a class=\"\" href=\"http:\/\/oglobo.globo.com\/tudo-sobre\/politico\/mauro-cid\/\">Mauro Cid<\/a>. As conversas que Lourena Cid manteve por meio de seu celular foram apagadas e o telefone que est\u00e1 em posse dos investigadores n\u00e3o apresenta conte\u00fados que contribuam para as apura\u00e7\u00f5es, pelo menos at\u00e9 agora.<\/p>\n\n\n\n<p>A PF, no entanto, tem meios de recuperar mensagens deletadas e atua nessa frente. O telefone do general da reserva foi apreendido pelos policiais em agosto, quando ele foi alvo de uma opera\u00e7\u00e3o sobre as joias da Ar\u00e1bia Saudita. Lourena Cid ajudou a vender, nos Estados Unidos, itens que o ent\u00e3o presidente Jair Bolsonaro havia recebido com chefe de Estado e que n\u00e3o podiam ser comercializados. Ele colaborou na operacionaliza\u00e7\u00e3o da venda, a pedido do filho Mauro Cid, que era ajudante de ordens da Presid\u00eancia. Como informou a coluna, o<a class=\"\" href=\"https:\/\/oglobo.globo.com\/blogs\/bela-megale\/post\/2023\/10\/general-cid-troca-numero-de-celular-e-some-apos-delacao-do-filho.ghtml\">\u00a0general trocou o n\u00famero de celular e submergiu<\/a>\u00a0por completo depois que o filho fez dela\u00e7\u00e3o premiada, afastando-se, especialmente, de Bolsonaro e seu entorno.<\/p>\n","protected":false},"excerpt":{"rendered":"<p>Assessores de\u00a0Jair Bolsonaro\u00a0e ex-membros da ala militar do governo respiraram aliviados com a informa\u00e7\u00e3o que receberam a respeito do celular do general Mauro Lourena Cid, apreendido pela Pol\u00edcia Federal. Cauteloso, o militar da reserva evitou armazenar as mensagens de seu aparelho, diferentemente de seu filho, o tenente-coronel\u00a0Mauro Cid. As conversas que Lourena Cid manteve por [&hellip;]<\/p>\n","protected":false},"author":2,"featured_media":2221,"comment_status":"open","ping_status":"open","sticky":false,"template":"","format":"standard","meta":{"_jetpack_memberships_contains_paid_content":false,"footnotes":""},"categories":[39],"tags":[],"class_list":["post-2219","post","type-post","status-publish","format-standard","has-post-thumbnail","hentry","category-politica"],"aioseo_notices":[],"jetpack_featured_media_url":"https:\/\/i0.wp.com\/minutobahia24h.com.br\/wp-content\/uploads\/2023\/10\/Sem-titulo-89.jpg?fit=884%2C587&ssl=1","jetpack_sharing_enabled":true,"_links":{"self":[{"href":"https:\/\/minutobahia24h.com.br\/index.php?rest_route=\/wp\/v2\/posts\/2219","targetHints":{"allow":["GET"]}}],"collection":[{"href":"https:\/\/minutobahia24h.com.br\/index.php?rest_route=\/wp\/v2\/posts"}],"about":[{"href":"https:\/\/minutobahia24h.com.br\/index.php?rest_route=\/wp\/v2\/types\/post"}],"author":[{"embeddable":true,"href":"https:\/\/minutobahia24h.com.br\/index.php?rest_route=\/wp\/v2\/users\/2"}],"replies":[{"embeddable":true,"href":"https:\/\/minutobahia24h.com.br\/index.php?rest_route=%2Fwp%2Fv2%2Fcomments&post=2219"}],"version-history":[{"count":1,"href":"https:\/\/minutobahia24h.com.br\/index.php?rest_route=\/wp\/v2\/posts\/2219\/revisions"}],"predecessor-version":[{"id":2222,"href":"https:\/\/minutobahia24h.com.br\/index.php?rest_route=\/wp\/v2\/posts\/2219\/revisions\/2222"}],"wp:featuredmedia":[{"embeddable":true,"href":"https:\/\/minutobahia24h.com.br\/index.php?rest_route=\/wp\/v2\/media\/2221"}],"wp:attachment":[{"href":"https:\/\/minutobahia24h.com.br\/index.php?rest_route=%2Fwp%2Fv2%2Fmedia&parent=2219"}],"wp:term":[{"taxonomy":"category","embeddable":true,"href":"https:\/\/minutobahia24h.com.br\/index.php?rest_route=%2Fwp%2Fv2%2Fcategories&post=2219"},{"taxonomy":"post_tag","embeddable":true,"href":"https:\/\/minutobahia24h.com.br\/index.php?rest_route=%2Fwp%2Fv2%2Ftags&post=2219"}],"curies":[{"name":"wp","href":"https:\/\/api.w.org\/{rel}","templated":true}]}}