{"id":2215,"date":"2023-10-13T07:05:12","date_gmt":"2023-10-13T10:05:12","guid":{"rendered":"https:\/\/minutobahia24h.com.br\/?p=2215"},"modified":"2023-10-13T07:05:13","modified_gmt":"2023-10-13T10:05:13","slug":"nao-e-lugar-de-aposentado-palmeiras-traca-perfil-de-reforcos-pontuais-e-com-lucro-futuro","status":"publish","type":"post","link":"https:\/\/minutobahia24h.com.br\/?p=2215","title":{"rendered":"&#8220;N\u00e3o \u00e9 lugar de aposentado&#8221;: Palmeiras tra\u00e7a perfil de refor\u00e7os pontuais e com lucro futuro"},"content":{"rendered":"\n<p>&#8220;O&nbsp;<a class=\"\" href=\"https:\/\/globoesporte.globo.com\/futebol\/times\/palmeiras\/\">Palmeiras<\/a>&nbsp;n\u00e3o \u00e9 lugar de aposentado&#8221;. Foram essas palavras que a presidente Leila Pereira escolheu para descrever a dificuldade do clube com contrata\u00e7\u00f5es nesta temporada, e s\u00e3o essas palavras que traduzem o pensamento da diretoria e comiss\u00e3o t\u00e9cnica para 2024.<\/p>\n\n\n\n<p>Em meio \u00e0 disputa do Brasileir\u00e3o, o\u00a0<a class=\"\" href=\"https:\/\/globoesporte.globo.com\/futebol\/times\/palmeiras\/\">Palmeiras<\/a>\u00a0tra\u00e7ou o perfil de refor\u00e7os para o pr\u00f3ximo ano e entregou as necessidades de Abel Ferreira ao departamento de an\u00e1lise: refor\u00e7os pontuais, no limite de investimento do clube e com possibilidade de lucro futuro.<\/p>\n\n\n\n<p>A busca do departamento de an\u00e1lise, por sua vez, ser\u00e1 por\u00a0<a class=\"\" href=\"https:\/\/ge.globo.com\/futebol\/times\/palmeiras\/noticia\/2023\/10\/11\/com-bruno-henrique-na-mira-leila-quer-ate-4-reforcos-no-palmeiras-jogadores-que-podem-resolver.ghtml\">tr\u00eas a quatro contrata\u00e7\u00f5es<\/a>\u00a0e obedecendo a algumas premissas &#8211; com rela\u00e7\u00e3o \u00e0 idade, por exemplo. Leila, ali\u00e1s, fez quest\u00e3o de ressaltar por mais de uma vez a necessidade de atletas de perfil mais jovem &#8211; fazendo refer\u00eancia aos termos &#8220;aposentar&#8221; e &#8220;aposentado&#8221; pelo menos cinco vezes ao longo de sua \u00faltima entrevista.<\/p>\n\n\n\n<p>\u2013 O\u00a0<a class=\"\" href=\"https:\/\/globoesporte.globo.com\/futebol\/times\/palmeiras\/\">Palmeiras<\/a>\u00a0n\u00e3o \u00e9 lugar de aposentado. Contrata\u00e7\u00e3o \u00e9 caro, ent\u00e3o quero jogadores que podem resolver. N\u00e3o vou contratar atleta aposentado em atividade. N\u00e3o \u00e9 nossa mentalidade, n\u00e3o quero. N\u00e3o quero uma performance de um ano, eu quero continuidade \u2013 afirma.<\/p>\n\n\n\n<p>Em 2022, o\u00a0<a class=\"\" href=\"https:\/\/globoesporte.globo.com\/futebol\/times\/palmeiras\/\">Palmeiras<\/a>\u00a0fez 10 contrata\u00e7\u00f5es ao longo da temporada e terminou emprestando atletas que n\u00e3o se adaptaram. Em 2023, diz a presidente, a op\u00e7\u00e3o foi por ter &#8220;um pouco mais de cuidado&#8221; para n\u00e3o sobrecarregar o clube financeiramente.<\/p>\n\n\n\n<p>\u2013 Quem paga essa contrata\u00e7\u00e3o \u00e9 o clube e eu n\u00e3o posso sobrecarregar acima do que \u00e9 poss\u00edvel pagar. Eu penso o Palmeira a longo prazo. Quero que o\u00a0<a class=\"\" href=\"https:\/\/globoesporte.globo.com\/futebol\/times\/palmeiras\/\">Palmeiras<\/a>\u00a0continue sendo protagonista sempre &#8211; explica.<\/p>\n\n\n<div class=\"wp-block-image\">\n<figure class=\"aligncenter size-full\"><img data-recalc-dims=\"1\" fetchpriority=\"high\" decoding=\"async\" width=\"800\" height=\"451\" src=\"https:\/\/i0.wp.com\/minutobahia24h.com.br\/wp-content\/uploads\/2023\/10\/Sem-titulo-88.jpg?resize=800%2C451&#038;ssl=1\" alt=\"\" class=\"wp-image-2217\" srcset=\"https:\/\/i0.wp.com\/minutobahia24h.com.br\/wp-content\/uploads\/2023\/10\/Sem-titulo-88.jpg?w=966&amp;ssl=1 966w, https:\/\/i0.wp.com\/minutobahia24h.com.br\/wp-content\/uploads\/2023\/10\/Sem-titulo-88.jpg?resize=300%2C169&amp;ssl=1 300w, https:\/\/i0.wp.com\/minutobahia24h.com.br\/wp-content\/uploads\/2023\/10\/Sem-titulo-88.jpg?resize=768%2C432&amp;ssl=1 768w, https:\/\/i0.wp.com\/minutobahia24h.com.br\/wp-content\/uploads\/2023\/10\/Sem-titulo-88.jpg?resize=750%2C422&amp;ssl=1 750w\" sizes=\"(max-width: 800px) 100vw, 800px\" \/><figcaption class=\"wp-element-caption\">Anderson Barros e Abel Ferreira conversam em treino do Palmeiras \u2014 Foto: Cesar Greco\/Palmeiras<br><\/figcaption><\/figure>\n<\/div>\n\n\n<p>O excesso de cautela, contudo, terminou com apenas dois refor\u00e7os contratados ao longo de 2023 &#8211; com o atacante Artur e o volante Richard R\u00edos &#8211; e a movimenta\u00e7\u00e3o virou motivo de cr\u00edticas da torcida, que pediu refor\u00e7os e viu o Verd\u00e3o passar em branco na segunda janela de transfer\u00eancias do ano.<\/p>\n\n\n\n<p>O desafio para 2024, portanto, ser\u00e1 conciliar planos e expectativas.<\/p>\n\n\n\n<p>A prioridade do clube ser\u00e1 pelas contrata\u00e7\u00f5es de um primeiro volante &#8211; uma vez que n\u00e3o conseguiu suprir a sa\u00edda de Danilo depois da sa\u00edda para o Nottingham Forest (ING) &#8211; e tamb\u00e9m por op\u00e7\u00f5es no ataque, que tem sua maior car\u00eancia pelo lado esquerdo do campo devido \u00e0 les\u00e3o de Dudu.<\/p>\n\n\n\n<p>Se n\u00e3o alcan\u00e7ar as op\u00e7\u00f5es desejadas, contudo, a tend\u00eancia \u00e9 de que o\u00a0<a class=\"\" href=\"https:\/\/globoesporte.globo.com\/futebol\/times\/palmeiras\/\">Palmeiras<\/a>\u00a0repita a postura de 2023. Leila Pereira refor\u00e7a que n\u00e3o mudar\u00e1 os planos por press\u00e3o externa e mant\u00e9m a ideia de contratar menos, mas gastar para valorizar o elenco, se assim for preciso.<\/p>\n\n\n\n<p>\u2013 Se dentro do planejamento, analistas apresentarem atletas que n\u00e3o queiram vir para o Brasil e n\u00e3o tivermos outras op\u00e7\u00f5es, vamos trabalhar com o que temos \u2013 diz a presidente.<\/p>\n\n\n\n<p>\u2013 Se n\u00e3o \u00e9 aquele atleta que v\u00e1 suprir as necessidades do nosso treinador, eu prefiro n\u00e3o trazer. Prefiro dar espa\u00e7o a nossa base, que \u00e9 a melhor do Brasil, prefiro priorizar as renova\u00e7\u00f5es \u2013 completa.<\/p>\n","protected":false},"excerpt":{"rendered":"<p>&#8220;O&nbsp;Palmeiras&nbsp;n\u00e3o \u00e9 lugar de aposentado&#8221;. Foram essas palavras que a presidente Leila Pereira escolheu para descrever a dificuldade do clube com contrata\u00e7\u00f5es nesta temporada, e s\u00e3o essas palavras que traduzem o pensamento da diretoria e comiss\u00e3o t\u00e9cnica para 2024. Em meio \u00e0 disputa do Brasileir\u00e3o, o\u00a0Palmeiras\u00a0tra\u00e7ou o perfil de refor\u00e7os para o pr\u00f3ximo ano e [&hellip;]<\/p>\n","protected":false},"author":2,"featured_media":2217,"comment_status":"open","ping_status":"open","sticky":false,"template":"","format":"standard","meta":{"_jetpack_memberships_contains_paid_content":false,"footnotes":""},"categories":[20],"tags":[],"class_list":["post-2215","post","type-post","status-publish","format-standard","has-post-thumbnail","hentry","category-esporte"],"aioseo_notices":[],"jetpack_featured_media_url":"https:\/\/i0.wp.com\/minutobahia24h.com.br\/wp-content\/uploads\/2023\/10\/Sem-titulo-88.jpg?fit=966%2C544&ssl=1","jetpack_sharing_enabled":true,"_links":{"self":[{"href":"https:\/\/minutobahia24h.com.br\/index.php?rest_route=\/wp\/v2\/posts\/2215","targetHints":{"allow":["GET"]}}],"collection":[{"href":"https:\/\/minutobahia24h.com.br\/index.php?rest_route=\/wp\/v2\/posts"}],"about":[{"href":"https:\/\/minutobahia24h.com.br\/index.php?rest_route=\/wp\/v2\/types\/post"}],"author":[{"embeddable":true,"href":"https:\/\/minutobahia24h.com.br\/index.php?rest_route=\/wp\/v2\/users\/2"}],"replies":[{"embeddable":true,"href":"https:\/\/minutobahia24h.com.br\/index.php?rest_route=%2Fwp%2Fv2%2Fcomments&post=2215"}],"version-history":[{"count":1,"href":"https:\/\/minutobahia24h.com.br\/index.php?rest_route=\/wp\/v2\/posts\/2215\/revisions"}],"predecessor-version":[{"id":2218,"href":"https:\/\/minutobahia24h.com.br\/index.php?rest_route=\/wp\/v2\/posts\/2215\/revisions\/2218"}],"wp:featuredmedia":[{"embeddable":true,"href":"https:\/\/minutobahia24h.com.br\/index.php?rest_route=\/wp\/v2\/media\/2217"}],"wp:attachment":[{"href":"https:\/\/minutobahia24h.com.br\/index.php?rest_route=%2Fwp%2Fv2%2Fmedia&parent=2215"}],"wp:term":[{"taxonomy":"category","embeddable":true,"href":"https:\/\/minutobahia24h.com.br\/index.php?rest_route=%2Fwp%2Fv2%2Fcategories&post=2215"},{"taxonomy":"post_tag","embeddable":true,"href":"https:\/\/minutobahia24h.com.br\/index.php?rest_route=%2Fwp%2Fv2%2Ftags&post=2215"}],"curies":[{"name":"wp","href":"https:\/\/api.w.org\/{rel}","templated":true}]}}