{"id":22049,"date":"2025-01-08T07:30:18","date_gmt":"2025-01-08T10:30:18","guid":{"rendered":"https:\/\/minutobahia24h.com.br\/?p=22049"},"modified":"2025-01-08T07:30:20","modified_gmt":"2025-01-08T10:30:20","slug":"prefeitura-de-senhor-do-bonfim-anuncia-processo-seletivo-para-contratacao-de-professores","status":"publish","type":"post","link":"https:\/\/minutobahia24h.com.br\/?p=22049","title":{"rendered":"Prefeitura de Senhor do Bonfim anuncia processo seletivo para contrata\u00e7\u00e3o de professores"},"content":{"rendered":"<div class=\"wp-block-image\">\n<figure class=\"aligncenter size-full\"><img data-recalc-dims=\"1\" fetchpriority=\"high\" decoding=\"async\" width=\"800\" height=\"566\" src=\"https:\/\/i0.wp.com\/minutobahia24h.com.br\/wp-content\/uploads\/2025\/01\/Sem-titulo-140.jpg?resize=800%2C566&#038;ssl=1\" alt=\"\" class=\"wp-image-22050\" srcset=\"https:\/\/i0.wp.com\/minutobahia24h.com.br\/wp-content\/uploads\/2025\/01\/Sem-titulo-140.jpg?w=800&amp;ssl=1 800w, https:\/\/i0.wp.com\/minutobahia24h.com.br\/wp-content\/uploads\/2025\/01\/Sem-titulo-140.jpg?resize=300%2C212&amp;ssl=1 300w, https:\/\/i0.wp.com\/minutobahia24h.com.br\/wp-content\/uploads\/2025\/01\/Sem-titulo-140.jpg?resize=768%2C543&amp;ssl=1 768w, https:\/\/i0.wp.com\/minutobahia24h.com.br\/wp-content\/uploads\/2025\/01\/Sem-titulo-140.jpg?resize=120%2C86&amp;ssl=1 120w, https:\/\/i0.wp.com\/minutobahia24h.com.br\/wp-content\/uploads\/2025\/01\/Sem-titulo-140.jpg?resize=750%2C531&amp;ssl=1 750w\" sizes=\"(max-width: 800px) 100vw, 800px\" \/><figcaption class=\"wp-element-caption\"><sub>Prefeitura de Senhor do Bonfim lan\u00e7a processo seletivo para professores<\/sub><br><\/figcaption><\/figure>\n<\/div>\n\n\n<p>A Prefeitura de Senhor do Bonfim anunciou a abertura do Processo Seletivo Simplificado para a contrata\u00e7\u00e3o tempor\u00e1ria de professores para atuar na Educa\u00e7\u00e3o de Pessoas Jovens, Adultas e Idosas (EPJAI). Este processo visa recrutar profissionais qualificados para atender \u00e0s demandas educacionais dessa modalidade de ensino. Portaria e edital foram publicados no Di\u00e1rio Oficial do munic\u00edpio, edi\u00e7\u00e3o desta segunda-feira (06).<\/p>\n\n\n\n<h4 class=\"wp-block-heading\"><strong><mark>Sobre as vagas<\/mark><\/strong><\/h4>\n\n\n\n<p>Os professores contratados ter\u00e3o a miss\u00e3o de formar turmas de EPJAI, realizando a busca ativa de alunos na comunidade. Para isso, os candidatos dever\u00e3o atender a requisitos espec\u00edficos:<\/p>\n\n\n\n<ul class=\"wp-block-list\">\n<li><strong><mark>Forma\u00e7\u00e3o:<\/mark><\/strong>\u00a0N\u00edvel m\u00e9dio completo ou superior.<\/li>\n\n\n\n<li><strong><mark>Experi\u00eancia:<\/mark><\/strong>\u00a0Preferencialmente, em Educa\u00e7\u00e3o de Jovens e Adultos.<\/li>\n\n\n\n<li><strong><mark>Disponibilidade:<\/mark><\/strong>\u00a0Participa\u00e7\u00e3o em cursos de capacita\u00e7\u00e3o e forma\u00e7\u00f5es continuadas, bem como atendimento \u00e0s convoca\u00e7\u00f5es da coordena\u00e7\u00e3o da EPJAI, dentre outros.<\/li>\n<\/ul>\n\n\n\n<p>O edital n\u00e3o menciona o n\u00famero de vagas.<\/p>\n\n\n\n<h4 class=\"wp-block-heading\"><strong><mark>Inscri\u00e7\u00f5es<\/mark><\/strong><\/h4>\n\n\n\n<p>As inscri\u00e7\u00f5es estar\u00e3o abertas de 9 a 13 de janeiro de 2025 e dever\u00e3o ser realizadas atrav\u00e9s do preenchimento de um formul\u00e1rio dispon\u00edvel no link:&nbsp;<a href=\"http:\/\/h%20t%20t%20p%20s%20:%20\/%20\/%20f%20o%20r%20m%20s%20.%20g%20l%20e%20\/%20m%20K%20j%20d%20E%20p%20q%206%20X%206%20g%203%20b%20L%20S%20G\"><strong><mark>Formul\u00e1rio de Inscri\u00e7\u00e3o<\/mark><\/strong><\/a>.<\/p>\n\n\n\n<h4 class=\"wp-block-heading\"><strong><mark>Avalia\u00e7\u00e3o<\/mark><\/strong><\/h4>\n\n\n\n<p>Os candidatos passar\u00e3o por uma prova objetiva composta por 40 quest\u00f5es de m\u00faltipla escolha, abrangendo:<\/p>\n\n\n\n<ul class=\"wp-block-list\">\n<li>Conhecimentos espec\u00edficos da \u00e1rea de atua\u00e7\u00e3o.<\/li>\n\n\n\n<li>Temas pedag\u00f3gicos, como metodologias de ensino, avalia\u00e7\u00e3o educacional e psicologia da aprendizagem.<\/li>\n\n\n\n<li>Legisla\u00e7\u00e3o educacional, incluindo normas e pol\u00edticas p\u00fablicas voltadas para a Educa\u00e7\u00e3o de Jovens e Adultos.<\/li>\n<\/ul>\n\n\n\n<h4 class=\"wp-block-heading\"><strong><mark>Cronograma e resultados<\/mark><\/strong><\/h4>\n\n\n\n<ul class=\"wp-block-list\">\n<li>O resultado final ser\u00e1 divulgado no site oficial da Prefeitura Municipal de Senhor do Bonfim.<\/li>\n\n\n\n<li>Haver\u00e1 um prazo de 24 horas para interposi\u00e7\u00e3o de recursos ap\u00f3s a publica\u00e7\u00e3o do resultado.<\/li>\n<\/ul>\n\n\n\n<h4 class=\"wp-block-heading\"><strong><mark>Validade<\/mark><\/strong><\/h4>\n\n\n\n<p>O processo seletivo ter\u00e1 validade de 2 anos a partir da homologa\u00e7\u00e3o do resultado final, podendo ser prorrogado por igual per\u00edodo.<\/p>\n\n\n\n<h4 class=\"wp-block-heading\"><strong><mark>Cronograma<\/mark><\/strong><\/h4>\n\n\n\n<ul class=\"wp-block-list\">\n<li><strong><mark>Per\u00edodo de inscri\u00e7\u00f5es:<\/mark><\/strong>\u00a009\/01a13\/01\/2025<\/li>\n\n\n\n<li><strong><mark>Divulga\u00e7\u00e3o da rela\u00e7\u00e3o das inscri\u00e7\u00f5es:<\/mark><\/strong>\u00a014\/01\/2025<\/li>\n\n\n\n<li><strong><mark>Resultado do recurso:<\/mark><\/strong>\u00a015\/01 a 16\/01\/2024<\/li>\n\n\n\n<li><strong><mark>Divulga\u00e7\u00e3o final dos inscritos:<\/mark><\/strong>\u00a017\/01\/2025<\/li>\n\n\n\n<li><strong><mark>Publica\u00e7\u00e3o do local e hor\u00e1rio para realiza\u00e7\u00e3o da prova objetiva:<\/mark><\/strong>\u00a020\/01\/2025<\/li>\n\n\n\n<li><strong><mark>Aplica\u00e7\u00e3o da prova objetiva:<\/mark><\/strong>\u00a026\/01\/2025<\/li>\n\n\n\n<li><strong><mark>Divulga\u00e7\u00e3o do gabarito preliminar da prova objetiva:<\/mark><\/strong>\u00a027\/01\/2025<\/li>\n\n\n\n<li><strong><mark>Prazo para interposi\u00e7\u00e3o de recursos quanto ao gabarito preliminar da prova objetiva:<\/mark><\/strong>\u00a028\/01\/2025<\/li>\n\n\n\n<li><strong><mark>Divulga\u00e7\u00e3o das respostas aos recursos interpostos:<\/mark><\/strong>\u00a029\/01\/2025<\/li>\n\n\n\n<li><strong><mark>Divulga\u00e7\u00e3o do hor\u00e1rio e local da segunda etapa (entrevista):<\/mark><\/strong>\u00a030\/01\/2025<\/li>\n\n\n\n<li><strong><mark>Entrevista (matutino e vespertino):<\/mark><\/strong>\u00a031\/01\/2025<\/li>\n\n\n\n<li><strong><mark>Divulga\u00e7\u00e3o final do resultado:<\/mark><\/strong>\u00a004\/02\/2025<\/li>\n\n\n\n<li><strong><mark>Entrega de documenta\u00e7\u00e3o na Secretaria de Educa\u00e7\u00e3o:<\/mark><\/strong>\u00a005 e 06\/02\/2025<\/li>\n<\/ul>\n\n\n\n<p><strong>Confira todos os detalhes acessando o edital no link abaixo:<\/strong><\/p>\n\n\n\n<p><a href=\"https:\/\/doem.org.br\/ba\/senhordobonfim\/diarios\/previsualizar\/AVDQg4Nq\">https:\/\/doem.org.br\/ba\/senhordobonfim\/diarios\/previsualizar\/AVDQg4Nq<\/a><\/p>\n\n\n\n<p>blogdoeloiltoncajuhy<\/p>\n","protected":false},"excerpt":{"rendered":"<p>A Prefeitura de Senhor do Bonfim anunciou a abertura do Processo Seletivo Simplificado para a contrata\u00e7\u00e3o tempor\u00e1ria de professores para atuar na Educa\u00e7\u00e3o de Pessoas Jovens, Adultas e Idosas (EPJAI). Este processo visa recrutar profissionais qualificados para atender \u00e0s demandas educacionais dessa modalidade de ensino. Portaria e edital foram publicados no Di\u00e1rio Oficial do munic\u00edpio, [&hellip;]<\/p>\n","protected":false},"author":2,"featured_media":22050,"comment_status":"open","ping_status":"open","sticky":false,"template":"","format":"standard","meta":{"_jetpack_memberships_contains_paid_content":false,"footnotes":""},"categories":[3],"tags":[],"class_list":["post-22049","post","type-post","status-publish","format-standard","has-post-thumbnail","hentry","category-regional"],"aioseo_notices":[],"jetpack_featured_media_url":"https:\/\/i0.wp.com\/minutobahia24h.com.br\/wp-content\/uploads\/2025\/01\/Sem-titulo-140.jpg?fit=800%2C566&ssl=1","jetpack_sharing_enabled":true,"_links":{"self":[{"href":"https:\/\/minutobahia24h.com.br\/index.php?rest_route=\/wp\/v2\/posts\/22049","targetHints":{"allow":["GET"]}}],"collection":[{"href":"https:\/\/minutobahia24h.com.br\/index.php?rest_route=\/wp\/v2\/posts"}],"about":[{"href":"https:\/\/minutobahia24h.com.br\/index.php?rest_route=\/wp\/v2\/types\/post"}],"author":[{"embeddable":true,"href":"https:\/\/minutobahia24h.com.br\/index.php?rest_route=\/wp\/v2\/users\/2"}],"replies":[{"embeddable":true,"href":"https:\/\/minutobahia24h.com.br\/index.php?rest_route=%2Fwp%2Fv2%2Fcomments&post=22049"}],"version-history":[{"count":1,"href":"https:\/\/minutobahia24h.com.br\/index.php?rest_route=\/wp\/v2\/posts\/22049\/revisions"}],"predecessor-version":[{"id":22051,"href":"https:\/\/minutobahia24h.com.br\/index.php?rest_route=\/wp\/v2\/posts\/22049\/revisions\/22051"}],"wp:featuredmedia":[{"embeddable":true,"href":"https:\/\/minutobahia24h.com.br\/index.php?rest_route=\/wp\/v2\/media\/22050"}],"wp:attachment":[{"href":"https:\/\/minutobahia24h.com.br\/index.php?rest_route=%2Fwp%2Fv2%2Fmedia&parent=22049"}],"wp:term":[{"taxonomy":"category","embeddable":true,"href":"https:\/\/minutobahia24h.com.br\/index.php?rest_route=%2Fwp%2Fv2%2Fcategories&post=22049"},{"taxonomy":"post_tag","embeddable":true,"href":"https:\/\/minutobahia24h.com.br\/index.php?rest_route=%2Fwp%2Fv2%2Ftags&post=22049"}],"curies":[{"name":"wp","href":"https:\/\/api.w.org\/{rel}","templated":true}]}}