{"id":21941,"date":"2025-01-06T15:23:32","date_gmt":"2025-01-06T18:23:32","guid":{"rendered":"https:\/\/minutobahia24h.com.br\/?p=21941"},"modified":"2025-01-06T15:23:34","modified_gmt":"2025-01-06T18:23:34","slug":"prefeito-dr-andre-assina-ordem-de-servico-para-ampliacao-do-bercario-na-creche-sonho-de-crianca","status":"publish","type":"post","link":"https:\/\/minutobahia24h.com.br\/?p=21941","title":{"rendered":"Prefeito Dr. Andr\u00e9 assina ordem de servi\u00e7o para amplia\u00e7\u00e3o do ber\u00e7\u00e1rio na Creche Sonho de Crian\u00e7a"},"content":{"rendered":"<div class=\"wp-block-image\">\n<figure class=\"aligncenter size-large\"><img data-recalc-dims=\"1\" fetchpriority=\"high\" decoding=\"async\" width=\"800\" height=\"450\" src=\"https:\/\/i0.wp.com\/minutobahia24h.com.br\/wp-content\/uploads\/2025\/01\/WhatsApp-Image-2025-01-06-at-14.52.02-1024x576.jpeg?resize=800%2C450&#038;ssl=1\" alt=\"\" class=\"wp-image-21942\" srcset=\"https:\/\/i0.wp.com\/minutobahia24h.com.br\/wp-content\/uploads\/2025\/01\/WhatsApp-Image-2025-01-06-at-14.52.02-scaled.jpeg?resize=1024%2C576&amp;ssl=1 1024w, https:\/\/i0.wp.com\/minutobahia24h.com.br\/wp-content\/uploads\/2025\/01\/WhatsApp-Image-2025-01-06-at-14.52.02-scaled.jpeg?resize=300%2C169&amp;ssl=1 300w, https:\/\/i0.wp.com\/minutobahia24h.com.br\/wp-content\/uploads\/2025\/01\/WhatsApp-Image-2025-01-06-at-14.52.02-scaled.jpeg?resize=768%2C432&amp;ssl=1 768w, https:\/\/i0.wp.com\/minutobahia24h.com.br\/wp-content\/uploads\/2025\/01\/WhatsApp-Image-2025-01-06-at-14.52.02-scaled.jpeg?resize=1536%2C864&amp;ssl=1 1536w, https:\/\/i0.wp.com\/minutobahia24h.com.br\/wp-content\/uploads\/2025\/01\/WhatsApp-Image-2025-01-06-at-14.52.02-scaled.jpeg?resize=2048%2C1152&amp;ssl=1 2048w, https:\/\/i0.wp.com\/minutobahia24h.com.br\/wp-content\/uploads\/2025\/01\/WhatsApp-Image-2025-01-06-at-14.52.02-scaled.jpeg?resize=750%2C422&amp;ssl=1 750w, https:\/\/i0.wp.com\/minutobahia24h.com.br\/wp-content\/uploads\/2025\/01\/WhatsApp-Image-2025-01-06-at-14.52.02-scaled.jpeg?resize=1140%2C641&amp;ssl=1 1140w, https:\/\/i0.wp.com\/minutobahia24h.com.br\/wp-content\/uploads\/2025\/01\/WhatsApp-Image-2025-01-06-at-14.52.02-scaled.jpeg?w=1600 1600w, https:\/\/i0.wp.com\/minutobahia24h.com.br\/wp-content\/uploads\/2025\/01\/WhatsApp-Image-2025-01-06-at-14.52.02-scaled.jpeg?w=2400 2400w\" sizes=\"(max-width: 800px) 100vw, 800px\" \/><\/figure>\n<\/div>\n\n\n<p>Na manh\u00e3 desta segunda-feira, 6 de janeiro, o prefeito de Filad\u00e9lfia, Dr. Andr\u00e9, assinou uma importante Ordem de Servi\u00e7o que autoriza a adequa\u00e7\u00e3o de quatro salas na Creche Sonho de Crian\u00e7a, transformando-as em ber\u00e7\u00e1rio para atender crian\u00e7as a partir de 4 meses de idade. A iniciativa refor\u00e7a o compromisso da gest\u00e3o municipal em oferecer um espa\u00e7o seguro e acolhedor nos primeiros meses de vida dos beb\u00eas.<\/p>\n\n\n\n<p>Com essa medida, os pais e respons\u00e1veis ter\u00e3o mais tranquilidade ao deixar seus filhos em um ambiente preparado para proporcionar conforto, seguran\u00e7a e est\u00edmulo ao desenvolvimento das crian\u00e7as. A amplia\u00e7\u00e3o do ber\u00e7\u00e1rio tamb\u00e9m trar\u00e1 impactos positivos para a economia local, com a gera\u00e7\u00e3o de novos empregos, como cuidadores, auxiliares e outros profissionais da \u00e1rea de educa\u00e7\u00e3o.<\/p>\n\n\n\n<p>\u201cEste \u00e9 um momento especial para a nossa gest\u00e3o e para as fam\u00edlias de Filad\u00e9lfia. Com a amplia\u00e7\u00e3o do ber\u00e7\u00e1rio, vamos atender uma necessidade importante da nossa popula\u00e7\u00e3o, criando um espa\u00e7o moderno e seguro para as nossas crian\u00e7as e ajudando os pais a retomarem suas atividades com mais tranquilidade,\u201d destacou o prefeito Dr. Andr\u00e9.<\/p>\n\n\n\n<p>As obras ser\u00e3o conduzidas pelo Setor de Obras e Servi\u00e7os de Engenharia da Prefeitura e come\u00e7ar\u00e3o nos pr\u00f3ximos dias. O novo ber\u00e7\u00e1rio ser\u00e1 projetado para atender crian\u00e7as a partir dos 4 meses, seguindo todas as normas de seguran\u00e7a e infraestrutura necess\u00e1rias para garantir o bem-estar e o desenvolvimento dos pequenos.<\/p>\n\n\n\n<p>Essa iniciativa \u00e9 mais um exemplo do compromisso da gest\u00e3o municipal com a melhoria da qualidade de vida em Filad\u00e9lfia. \u201cInvestir nas nossas crian\u00e7as \u00e9 investir no futuro da nossa cidade. Estamos trabalhando para que cada fam\u00edlia se sinta acolhida e para que Filad\u00e9lfia continue avan\u00e7ando,\u201d concluiu Dr. Andr\u00e9.<\/p>\n","protected":false},"excerpt":{"rendered":"<p>Na manh\u00e3 desta segunda-feira, 6 de janeiro, o prefeito de Filad\u00e9lfia, Dr. Andr\u00e9, assinou uma importante Ordem de Servi\u00e7o que autoriza a adequa\u00e7\u00e3o de quatro salas na Creche Sonho de Crian\u00e7a, transformando-as em ber\u00e7\u00e1rio para atender crian\u00e7as a partir de 4 meses de idade. A iniciativa refor\u00e7a o compromisso da gest\u00e3o municipal em oferecer um [&hellip;]<\/p>\n","protected":false},"author":2,"featured_media":21942,"comment_status":"open","ping_status":"open","sticky":false,"template":"","format":"standard","meta":{"_jetpack_memberships_contains_paid_content":false,"footnotes":""},"categories":[3],"tags":[],"class_list":["post-21941","post","type-post","status-publish","format-standard","has-post-thumbnail","hentry","category-regional"],"aioseo_notices":[],"jetpack_featured_media_url":"https:\/\/i0.wp.com\/minutobahia24h.com.br\/wp-content\/uploads\/2025\/01\/WhatsApp-Image-2025-01-06-at-14.52.02-scaled.jpeg?fit=2560%2C1440&ssl=1","jetpack_sharing_enabled":true,"_links":{"self":[{"href":"https:\/\/minutobahia24h.com.br\/index.php?rest_route=\/wp\/v2\/posts\/21941","targetHints":{"allow":["GET"]}}],"collection":[{"href":"https:\/\/minutobahia24h.com.br\/index.php?rest_route=\/wp\/v2\/posts"}],"about":[{"href":"https:\/\/minutobahia24h.com.br\/index.php?rest_route=\/wp\/v2\/types\/post"}],"author":[{"embeddable":true,"href":"https:\/\/minutobahia24h.com.br\/index.php?rest_route=\/wp\/v2\/users\/2"}],"replies":[{"embeddable":true,"href":"https:\/\/minutobahia24h.com.br\/index.php?rest_route=%2Fwp%2Fv2%2Fcomments&post=21941"}],"version-history":[{"count":1,"href":"https:\/\/minutobahia24h.com.br\/index.php?rest_route=\/wp\/v2\/posts\/21941\/revisions"}],"predecessor-version":[{"id":21943,"href":"https:\/\/minutobahia24h.com.br\/index.php?rest_route=\/wp\/v2\/posts\/21941\/revisions\/21943"}],"wp:featuredmedia":[{"embeddable":true,"href":"https:\/\/minutobahia24h.com.br\/index.php?rest_route=\/wp\/v2\/media\/21942"}],"wp:attachment":[{"href":"https:\/\/minutobahia24h.com.br\/index.php?rest_route=%2Fwp%2Fv2%2Fmedia&parent=21941"}],"wp:term":[{"taxonomy":"category","embeddable":true,"href":"https:\/\/minutobahia24h.com.br\/index.php?rest_route=%2Fwp%2Fv2%2Fcategories&post=21941"},{"taxonomy":"post_tag","embeddable":true,"href":"https:\/\/minutobahia24h.com.br\/index.php?rest_route=%2Fwp%2Fv2%2Ftags&post=21941"}],"curies":[{"name":"wp","href":"https:\/\/api.w.org\/{rel}","templated":true}]}}