{"id":21876,"date":"2025-01-06T07:01:27","date_gmt":"2025-01-06T10:01:27","guid":{"rendered":"https:\/\/minutobahia24h.com.br\/?p=21876"},"modified":"2025-01-06T07:01:29","modified_gmt":"2025-01-06T10:01:29","slug":"acusada-de-injuria-racial-em-pet-shop-e-demitida-de-hospital-de-salvador","status":"publish","type":"post","link":"https:\/\/minutobahia24h.com.br\/?p=21876","title":{"rendered":"Acusada de inj\u00faria racial em pet shop \u00e9 demitida de hospital de Salvador"},"content":{"rendered":"<div class=\"wp-block-image\">\n<figure class=\"aligncenter size-full\"><img data-recalc-dims=\"1\" fetchpriority=\"high\" decoding=\"async\" width=\"245\" height=\"322\" src=\"https:\/\/i0.wp.com\/minutobahia24h.com.br\/wp-content\/uploads\/2025\/01\/Sem-titulo-86.jpg?resize=245%2C322&#038;ssl=1\" alt=\"\" class=\"wp-image-21877\" srcset=\"https:\/\/i0.wp.com\/minutobahia24h.com.br\/wp-content\/uploads\/2025\/01\/Sem-titulo-86.jpg?w=245&amp;ssl=1 245w, https:\/\/i0.wp.com\/minutobahia24h.com.br\/wp-content\/uploads\/2025\/01\/Sem-titulo-86.jpg?resize=228%2C300&amp;ssl=1 228w\" sizes=\"(max-width: 245px) 100vw, 245px\" \/><\/figure>\n<\/div>\n\n\n<p>Foi demitida neste domingo (05) a gerente de opera\u00e7\u00f5es do Hospital Mater Dei Salvador, Camilla Ferraz Barros, acusada de inj\u00faria racial em um pet shop, em Salvador, Bahia. O caso aconteceu no \u00faltimo s\u00e1bado (04).<\/p>\n\n\n\n<p>Em nota, a Rede Mater Dei de Sa\u00fade informou que o desligamento da funcion\u00e1ria se deu ap\u00f3s os atos divulgados na redes sociais e que n\u00e3o tolera qualquer ato discriminat\u00f3rio por parte de seus integrantes, assim como reafirma seu compromisso com a igualdade e a inclus\u00e3o.<\/p>\n\n\n\n<p>V\u00eddeos que circulam nas redes sociais mostram Camila Ferraz, que se autointitulava ju\u00edza, elevando o tom de voz para as funcion\u00e1rias da loja, proferindo frases como \u201ceu poderia te dar ordem de pris\u00e3o\u201d e \u201cvoc\u00eas v\u00e3o sofrer as consequ\u00eancias\u201d, al\u00e9m de utilizar termos \u201cpetista, baixa e preta.<\/p>\n\n\n\n<p>Segundo a Pol\u00edcia, a gerente e duas funcion\u00e1rias alegam ter sido v\u00edtimas de amea\u00e7as, agress\u00f5es e inj\u00farias raciais por parte da cliente. Uma das profissionais relatou que a mulher proferiu palavras racistas contra ela.<a><\/a><\/p>\n\n\n\n<p>Em contrapartida, a cliente que praticou as inj\u00farias alega ter sido xingada, agredida fisicamente por diversos funcion\u00e1rios e dois seguran\u00e7as da loja, al\u00e9m de ter sido filmada sem autoriza\u00e7\u00e3o.<\/p>\n\n\n\n<p>A Associa\u00e7\u00e3o dos Magistrados da Bahia (AMAB) emitiu uma nota esclarecendo que a mulher envolvida no caso n\u00e3o \u00e9 Ju\u00edza, n\u00e3o faz parte da Magistratura Baiana e reiterou o rep\u00fadio da entidade e do Tribunal de Justi\u00e7a do Estado da Bahia (TJBA) a qualquer pr\u00e1tica de racismo.<\/p>\n\n\n\n<p>O Grupo Petz, propriet\u00e1rio do pet shop onde o incidente ocorreu, tamb\u00e9m emitiu uma nota de rep\u00fadio a qualquer atitude de discrimina\u00e7\u00e3o racial, de classe social e pol\u00edtica e, informou que acionou os setores Jur\u00eddico e de Recursos Humanos para atuar e apoiar as colaboradoras nas quest\u00f5es jur\u00eddicas e psicol\u00f3gicas da unidade.<\/p>\n\n\n\n<p>O caso foi registrado como inj\u00faria racial, les\u00e3o corporal culposa e amea\u00e7a. A 9\u00aa Delegacia Territorial da Boca do Rio da Pol\u00edcia Civil, investiga o ocorrido.<\/p>\n\n\n\n<p>CNN<\/p>\n","protected":false},"excerpt":{"rendered":"<p>Foi demitida neste domingo (05) a gerente de opera\u00e7\u00f5es do Hospital Mater Dei Salvador, Camilla Ferraz Barros, acusada de inj\u00faria racial em um pet shop, em Salvador, Bahia. O caso aconteceu no \u00faltimo s\u00e1bado (04). Em nota, a Rede Mater Dei de Sa\u00fade informou que o desligamento da funcion\u00e1ria se deu ap\u00f3s os atos divulgados [&hellip;]<\/p>\n","protected":false},"author":2,"featured_media":21877,"comment_status":"open","ping_status":"open","sticky":false,"template":"","format":"standard","meta":{"_jetpack_memberships_contains_paid_content":false,"footnotes":""},"categories":[3],"tags":[],"class_list":["post-21876","post","type-post","status-publish","format-standard","has-post-thumbnail","hentry","category-regional"],"aioseo_notices":[],"jetpack_featured_media_url":"https:\/\/i0.wp.com\/minutobahia24h.com.br\/wp-content\/uploads\/2025\/01\/Sem-titulo-86.jpg?fit=245%2C322&ssl=1","jetpack_sharing_enabled":true,"_links":{"self":[{"href":"https:\/\/minutobahia24h.com.br\/index.php?rest_route=\/wp\/v2\/posts\/21876","targetHints":{"allow":["GET"]}}],"collection":[{"href":"https:\/\/minutobahia24h.com.br\/index.php?rest_route=\/wp\/v2\/posts"}],"about":[{"href":"https:\/\/minutobahia24h.com.br\/index.php?rest_route=\/wp\/v2\/types\/post"}],"author":[{"embeddable":true,"href":"https:\/\/minutobahia24h.com.br\/index.php?rest_route=\/wp\/v2\/users\/2"}],"replies":[{"embeddable":true,"href":"https:\/\/minutobahia24h.com.br\/index.php?rest_route=%2Fwp%2Fv2%2Fcomments&post=21876"}],"version-history":[{"count":1,"href":"https:\/\/minutobahia24h.com.br\/index.php?rest_route=\/wp\/v2\/posts\/21876\/revisions"}],"predecessor-version":[{"id":21878,"href":"https:\/\/minutobahia24h.com.br\/index.php?rest_route=\/wp\/v2\/posts\/21876\/revisions\/21878"}],"wp:featuredmedia":[{"embeddable":true,"href":"https:\/\/minutobahia24h.com.br\/index.php?rest_route=\/wp\/v2\/media\/21877"}],"wp:attachment":[{"href":"https:\/\/minutobahia24h.com.br\/index.php?rest_route=%2Fwp%2Fv2%2Fmedia&parent=21876"}],"wp:term":[{"taxonomy":"category","embeddable":true,"href":"https:\/\/minutobahia24h.com.br\/index.php?rest_route=%2Fwp%2Fv2%2Fcategories&post=21876"},{"taxonomy":"post_tag","embeddable":true,"href":"https:\/\/minutobahia24h.com.br\/index.php?rest_route=%2Fwp%2Fv2%2Ftags&post=21876"}],"curies":[{"name":"wp","href":"https:\/\/api.w.org\/{rel}","templated":true}]}}