{"id":21854,"date":"2025-01-04T13:08:47","date_gmt":"2025-01-04T16:08:47","guid":{"rendered":"https:\/\/minutobahia24h.com.br\/?p=21854"},"modified":"2025-01-04T13:08:49","modified_gmt":"2025-01-04T16:08:49","slug":"moraes-alerta-para-o-risco-de-nova-tentativa-de-golpe-no-pais","status":"publish","type":"post","link":"https:\/\/minutobahia24h.com.br\/?p=21854","title":{"rendered":"Moraes alerta para o risco de nova tentativa de golpe no pa\u00eds"},"content":{"rendered":"<div class=\"wp-block-image\">\n<figure class=\"aligncenter size-full\"><img data-recalc-dims=\"1\" fetchpriority=\"high\" decoding=\"async\" width=\"768\" height=\"432\" src=\"https:\/\/i0.wp.com\/minutobahia24h.com.br\/wp-content\/uploads\/2025\/01\/Sem-titulo-79.jpg?resize=768%2C432&#038;ssl=1\" alt=\"\" class=\"wp-image-21855\" srcset=\"https:\/\/i0.wp.com\/minutobahia24h.com.br\/wp-content\/uploads\/2025\/01\/Sem-titulo-79.jpg?w=768&amp;ssl=1 768w, https:\/\/i0.wp.com\/minutobahia24h.com.br\/wp-content\/uploads\/2025\/01\/Sem-titulo-79.jpg?resize=300%2C169&amp;ssl=1 300w, https:\/\/i0.wp.com\/minutobahia24h.com.br\/wp-content\/uploads\/2025\/01\/Sem-titulo-79.jpg?resize=750%2C422&amp;ssl=1 750w\" sizes=\"(max-width: 768px) 100vw, 768px\" \/><figcaption class=\"wp-element-caption\"><sub>O ministro Alexandre de Moraes aponta a a\u00e7\u00e3o do \u2018Gabinete do \u00f3dio\u2019 \u2013 Foto: Reprodu\u00e7\u00e3o \/ Correio do Brasil<\/sub><br><\/figcaption><\/figure>\n<\/div>\n\n\n<p>Ministro do Supremo Tribunal Federal (STF), Alexandre de Moraes recebeu uma delega\u00e7\u00e3o de oito integrantes do Movimento Delegados pela Democracia (MDD) em dezembro de 2024, em seu gabinete. Os delegados homenagearam o magistrado por sua \u201ccoragem\u201d na defesa das institui\u00e7\u00f5es democr\u00e1ticas durante os \u00faltimos anos.<\/p>\n\n\n\n<p>Durante o encontro, segundo a jornalista M\u00f4nica Bergamo, em sua coluna no di\u00e1rio conservador paulistano&nbsp;<strong>Folha de S. Paulo<\/strong>, Moraes fez declara\u00e7\u00f5es contundentes sobre os perigos que rondaram a democracia brasileira em 2022, destacando que muitas institui\u00e7\u00f5es ainda n\u00e3o compreenderam plenamente a gravidade do momento vivido pelo pa\u00eds.<\/p>\n\n\n\n<h4 class=\"wp-block-heading\"><strong><mark>Ditadura<\/mark><\/strong><\/h4>\n\n\n\n<p>Moraes destacou a \u201chisteria coletiva\u201d que tomou conta de parte da sociedade, citando epis\u00f3dios de bolsonaristas cantando o hino nacional para pneus e acreditando em not\u00edcias falsas, incluindo boatos de que ele pr\u00f3prio havia sido preso. O magistrado alertou para a continuidade de uma amea\u00e7a latente.<\/p>\n\n\n\n<p>\u2014 Tanto na pol\u00edcia quanto no Minist\u00e9rio P\u00fablico e no Judici\u00e1rio, tem gente que n\u00e3o entendeu ainda o que n\u00f3s passamos. E o perigo de isso ressurgir \u2014 observou.<\/p>\n\n\n\n<p>Durante a conversa, Moraes refor\u00e7ou a necessidade de reflex\u00e3o sobre o papel das institui\u00e7\u00f5es em regimes autorit\u00e1rios.<\/p>\n\n\n\n<p>\u2014 Pol\u00edcia, na ditadura, n\u00e3o \u00e9 pol\u00edcia. \u00c9 bra\u00e7o armado do ditador. Minist\u00e9rio P\u00fablico, Judici\u00e1rio, na ditadura, n\u00e3o t\u00eam independ\u00eancia nenhuma, autonomia nenhuma. Tamb\u00e9m s\u00e3o os bra\u00e7os jur\u00eddicos do autoritarismo \u2014 alertou.<\/p>\n\n\n\n<p>As declara\u00e7\u00f5es de Moraes ocorreram pouco antes da pris\u00e3o do general Walter Braga Netto, acusado de tentar obstruir investiga\u00e7\u00f5es sobre a tentativa de golpe de Estado.<\/p>\n\n\n\n<p>blogdoeloiltoncajuhy<\/p>\n","protected":false},"excerpt":{"rendered":"<p>Ministro do Supremo Tribunal Federal (STF), Alexandre de Moraes recebeu uma delega\u00e7\u00e3o de oito integrantes do Movimento Delegados pela Democracia (MDD) em dezembro de 2024, em seu gabinete. Os delegados homenagearam o magistrado por sua \u201ccoragem\u201d na defesa das institui\u00e7\u00f5es democr\u00e1ticas durante os \u00faltimos anos. Durante o encontro, segundo a jornalista M\u00f4nica Bergamo, em sua [&hellip;]<\/p>\n","protected":false},"author":2,"featured_media":21855,"comment_status":"open","ping_status":"open","sticky":false,"template":"","format":"standard","meta":{"_jetpack_memberships_contains_paid_content":false,"footnotes":""},"categories":[39],"tags":[],"class_list":["post-21854","post","type-post","status-publish","format-standard","has-post-thumbnail","hentry","category-politica"],"aioseo_notices":[],"jetpack_featured_media_url":"https:\/\/i0.wp.com\/minutobahia24h.com.br\/wp-content\/uploads\/2025\/01\/Sem-titulo-79.jpg?fit=768%2C432&ssl=1","jetpack_sharing_enabled":true,"_links":{"self":[{"href":"https:\/\/minutobahia24h.com.br\/index.php?rest_route=\/wp\/v2\/posts\/21854","targetHints":{"allow":["GET"]}}],"collection":[{"href":"https:\/\/minutobahia24h.com.br\/index.php?rest_route=\/wp\/v2\/posts"}],"about":[{"href":"https:\/\/minutobahia24h.com.br\/index.php?rest_route=\/wp\/v2\/types\/post"}],"author":[{"embeddable":true,"href":"https:\/\/minutobahia24h.com.br\/index.php?rest_route=\/wp\/v2\/users\/2"}],"replies":[{"embeddable":true,"href":"https:\/\/minutobahia24h.com.br\/index.php?rest_route=%2Fwp%2Fv2%2Fcomments&post=21854"}],"version-history":[{"count":1,"href":"https:\/\/minutobahia24h.com.br\/index.php?rest_route=\/wp\/v2\/posts\/21854\/revisions"}],"predecessor-version":[{"id":21856,"href":"https:\/\/minutobahia24h.com.br\/index.php?rest_route=\/wp\/v2\/posts\/21854\/revisions\/21856"}],"wp:featuredmedia":[{"embeddable":true,"href":"https:\/\/minutobahia24h.com.br\/index.php?rest_route=\/wp\/v2\/media\/21855"}],"wp:attachment":[{"href":"https:\/\/minutobahia24h.com.br\/index.php?rest_route=%2Fwp%2Fv2%2Fmedia&parent=21854"}],"wp:term":[{"taxonomy":"category","embeddable":true,"href":"https:\/\/minutobahia24h.com.br\/index.php?rest_route=%2Fwp%2Fv2%2Fcategories&post=21854"},{"taxonomy":"post_tag","embeddable":true,"href":"https:\/\/minutobahia24h.com.br\/index.php?rest_route=%2Fwp%2Fv2%2Ftags&post=21854"}],"curies":[{"name":"wp","href":"https:\/\/api.w.org\/{rel}","templated":true}]}}