{"id":21716,"date":"2025-01-02T18:02:31","date_gmt":"2025-01-02T21:02:31","guid":{"rendered":"https:\/\/minutobahia24h.com.br\/?p=21716"},"modified":"2025-01-02T18:02:33","modified_gmt":"2025-01-02T21:02:33","slug":"pacheco-marca-para-um-sabado-a-eleicao-do-novo-presidente-do-senado-davi-alcolumbre-e-o-favorito","status":"publish","type":"post","link":"https:\/\/minutobahia24h.com.br\/?p=21716","title":{"rendered":"Pacheco marca para um s\u00e1bado a elei\u00e7\u00e3o do novo presidente do Senado; Davi Alcolumbre \u00e9 o favorito"},"content":{"rendered":"<div class=\"wp-block-image\">\n<figure class=\"aligncenter size-large\"><img data-recalc-dims=\"1\" fetchpriority=\"high\" decoding=\"async\" width=\"800\" height=\"420\" src=\"https:\/\/i0.wp.com\/minutobahia24h.com.br\/wp-content\/uploads\/2025\/01\/Sem-titulo-37-1024x538.jpg?resize=800%2C420&#038;ssl=1\" alt=\"\" class=\"wp-image-21717\" srcset=\"https:\/\/i0.wp.com\/minutobahia24h.com.br\/wp-content\/uploads\/2025\/01\/Sem-titulo-37.jpg?resize=1024%2C538&amp;ssl=1 1024w, https:\/\/i0.wp.com\/minutobahia24h.com.br\/wp-content\/uploads\/2025\/01\/Sem-titulo-37.jpg?resize=300%2C158&amp;ssl=1 300w, https:\/\/i0.wp.com\/minutobahia24h.com.br\/wp-content\/uploads\/2025\/01\/Sem-titulo-37.jpg?resize=768%2C403&amp;ssl=1 768w, https:\/\/i0.wp.com\/minutobahia24h.com.br\/wp-content\/uploads\/2025\/01\/Sem-titulo-37.jpg?resize=750%2C394&amp;ssl=1 750w, https:\/\/i0.wp.com\/minutobahia24h.com.br\/wp-content\/uploads\/2025\/01\/Sem-titulo-37.jpg?resize=1140%2C599&amp;ssl=1 1140w, https:\/\/i0.wp.com\/minutobahia24h.com.br\/wp-content\/uploads\/2025\/01\/Sem-titulo-37.jpg?w=1200&amp;ssl=1 1200w\" sizes=\"(max-width: 800px) 100vw, 800px\" \/><figcaption class=\"wp-element-caption\">Foto: Saulo Cruz\/Ag\u00eancia Senado<br><\/figcaption><\/figure>\n<\/div>\n\n\n<p>O presidente do Senado, Rodrigo Pacheco (PSD-MG), marcou para o s\u00e1bado, dia 1\u00ba de fevereiro, a primeira sess\u00e3o do ano de 2025, na qual acontecer\u00e1 a elei\u00e7\u00e3o do seu sucessor. A sess\u00e3o, marcada para as 10h, chamada de &#8220;Sess\u00e3o Preparat\u00f3ria&#8221;, est\u00e1 destinada somente para eleger o novo presidente, que permanecer\u00e1 no cargo at\u00e9 1\u00ba de fevereiro de 2027.\u00a0<\/p>\n\n\n\n<p>Pacheco tamb\u00e9m agendou para o mesmo dia a realiza\u00e7\u00e3o de uma outra sess\u00e3o do Senado, na qual ser\u00e3o eleitos o 1\u00ba e o 2\u00ba Vice-Presidente. Essa sess\u00e3o j\u00e1 conduzida pelo novo presidente eleito, que comandar\u00e1 tamb\u00e9m a escola do 1\u00ba, 2\u00ba, 3\u00ba e 4\u00ba Secret\u00e1rios, al\u00e9m do 1\u00ba, 2\u00ba, 3\u00ba e 4\u00ba Suplentes de Secret\u00e1rio da Mesa do Senado Federal.<\/p>\n\n\n\n<p>At\u00e9 o momento, o favorito para suceder Pacheco na cadeira de presidente \u00e9 o senador Davi Alcolumbre (Uni\u00e3o-AP), que j\u00e1 presidiu a Casa entre os anos de 2019 a 2021. Alcolumbre conta com o apoio declarado do PSD, do MDB, do PT, do PL, do PP, do PDT e do PSB, al\u00e9m de seu partido, o Uni\u00e3o Brasil.\u00a0<\/p>\n\n\n\n<p>At\u00e9 o dia da elei\u00e7\u00e3o ainda podem surgir novos postulantes \u00e0 cadeira do senador Rodrigo Pacheco. At\u00e9 o momento, al\u00e9m de Alcolumbre, anunciaram candidatura \u00e0 presid\u00eancia os senadores Eduardo Gir\u00e3o (Novo-CE) e Marcos do Val (Podemos-ES).\u00a0<\/p>\n\n\n\n<p>J\u00e1 na C\u00e2mara dos Deputados, ainda n\u00e3o foi oficializada a data da elei\u00e7\u00e3o da nova Mesa Diretora. O mais prov\u00e1vel \u00e9 que a elei\u00e7\u00e3o do presidente e dos demais cargos aconte\u00e7a no dia 3 de fevereiro, uma segunda-feira.\u00a0<\/p>\n\n\n\n<p>O favorito para suceder o atual presidente Arthur Lira \u00e9 o deputado Hugo Motta (Republicanos-PB). At\u00e9 o momento, o \u00fanico deputado al\u00e9m de Motta que se apresentou para a disputa foi o Pastor Henrique Vieira (Psol-RJ).\u00a0<\/p>\n\n\n\n<p>BN<\/p>\n","protected":false},"excerpt":{"rendered":"<p>O presidente do Senado, Rodrigo Pacheco (PSD-MG), marcou para o s\u00e1bado, dia 1\u00ba de fevereiro, a primeira sess\u00e3o do ano de 2025, na qual acontecer\u00e1 a elei\u00e7\u00e3o do seu sucessor. A sess\u00e3o, marcada para as 10h, chamada de &#8220;Sess\u00e3o Preparat\u00f3ria&#8221;, est\u00e1 destinada somente para eleger o novo presidente, que permanecer\u00e1 no cargo at\u00e9 1\u00ba de [&hellip;]<\/p>\n","protected":false},"author":2,"featured_media":21717,"comment_status":"open","ping_status":"open","sticky":false,"template":"","format":"standard","meta":{"_jetpack_memberships_contains_paid_content":false,"footnotes":""},"categories":[39],"tags":[],"class_list":["post-21716","post","type-post","status-publish","format-standard","has-post-thumbnail","hentry","category-politica"],"aioseo_notices":[],"jetpack_featured_media_url":"https:\/\/i0.wp.com\/minutobahia24h.com.br\/wp-content\/uploads\/2025\/01\/Sem-titulo-37.jpg?fit=1200%2C630&ssl=1","jetpack_sharing_enabled":true,"_links":{"self":[{"href":"https:\/\/minutobahia24h.com.br\/index.php?rest_route=\/wp\/v2\/posts\/21716","targetHints":{"allow":["GET"]}}],"collection":[{"href":"https:\/\/minutobahia24h.com.br\/index.php?rest_route=\/wp\/v2\/posts"}],"about":[{"href":"https:\/\/minutobahia24h.com.br\/index.php?rest_route=\/wp\/v2\/types\/post"}],"author":[{"embeddable":true,"href":"https:\/\/minutobahia24h.com.br\/index.php?rest_route=\/wp\/v2\/users\/2"}],"replies":[{"embeddable":true,"href":"https:\/\/minutobahia24h.com.br\/index.php?rest_route=%2Fwp%2Fv2%2Fcomments&post=21716"}],"version-history":[{"count":1,"href":"https:\/\/minutobahia24h.com.br\/index.php?rest_route=\/wp\/v2\/posts\/21716\/revisions"}],"predecessor-version":[{"id":21718,"href":"https:\/\/minutobahia24h.com.br\/index.php?rest_route=\/wp\/v2\/posts\/21716\/revisions\/21718"}],"wp:featuredmedia":[{"embeddable":true,"href":"https:\/\/minutobahia24h.com.br\/index.php?rest_route=\/wp\/v2\/media\/21717"}],"wp:attachment":[{"href":"https:\/\/minutobahia24h.com.br\/index.php?rest_route=%2Fwp%2Fv2%2Fmedia&parent=21716"}],"wp:term":[{"taxonomy":"category","embeddable":true,"href":"https:\/\/minutobahia24h.com.br\/index.php?rest_route=%2Fwp%2Fv2%2Fcategories&post=21716"},{"taxonomy":"post_tag","embeddable":true,"href":"https:\/\/minutobahia24h.com.br\/index.php?rest_route=%2Fwp%2Fv2%2Ftags&post=21716"}],"curies":[{"name":"wp","href":"https:\/\/api.w.org\/{rel}","templated":true}]}}