{"id":21615,"date":"2025-01-02T07:03:21","date_gmt":"2025-01-02T10:03:21","guid":{"rendered":"https:\/\/minutobahia24h.com.br\/?p=21615"},"modified":"2025-01-02T07:03:22","modified_gmt":"2025-01-02T10:03:22","slug":"mauro-correia-e-empossado-como-presidente-da-camara-de-vereadores-de-caldeirao-grande-pela-segunda-vez","status":"publish","type":"post","link":"https:\/\/minutobahia24h.com.br\/?p=21615","title":{"rendered":"Mauro Correia \u00e9 empossado como presidente da C\u00e2mara de Vereadores de Caldeir\u00e3o Grande pela segunda vez"},"content":{"rendered":"<div class=\"wp-block-image\">\n<figure class=\"aligncenter size-full\"><img data-recalc-dims=\"1\" fetchpriority=\"high\" decoding=\"async\" width=\"447\" height=\"410\" src=\"https:\/\/i0.wp.com\/minutobahia24h.com.br\/wp-content\/uploads\/2025\/01\/Sem-titulo-4.jpg?resize=447%2C410&#038;ssl=1\" alt=\"\" class=\"wp-image-21616\" srcset=\"https:\/\/i0.wp.com\/minutobahia24h.com.br\/wp-content\/uploads\/2025\/01\/Sem-titulo-4.jpg?w=447&amp;ssl=1 447w, https:\/\/i0.wp.com\/minutobahia24h.com.br\/wp-content\/uploads\/2025\/01\/Sem-titulo-4.jpg?resize=300%2C275&amp;ssl=1 300w\" sizes=\"(max-width: 447px) 100vw, 447px\" \/><\/figure>\n<\/div>\n\n\n<p>Na tarde desta quarta-feira (1\u00ba), o vereador Mauro Correia foi empossado como presidente da C\u00e2mara Municipal de Caldeir\u00e3o Grande para o bi\u00eanio 2025-2026,em Chapa \u00danica. Este \u00e9 o segundo mandato de Mauro \u00e0 frente do Legislativo municipal, consolidando sua lideran\u00e7a e influ\u00eancia na pol\u00edtica local. Vice -presidente.Herbert Santana,Selma Santana 1\u00b0 Secretaria, Segundo Secret\u00e1rio Marivaldo de Souza. <\/p>\n\n\n\n<p>A cerim\u00f4nia de posse aconteceu no plen\u00e1rio da C\u00e2mara e contou com a presen\u00e7a de autoridades, familiares, amigos e lideran\u00e7as pol\u00edticas. Em seu discurso, Mauro agradeceu a confian\u00e7a dos colegas vereadores que o elegeram novamente para o cargo e refor\u00e7ou o compromisso com a transpar\u00eancia, o di\u00e1logo e a busca por melhorias para o munic\u00edpio.<\/p>\n\n\n\n<p>\u201c\u00c9\u00a0<strong>uma honra retornar \u00e0 presid\u00eancia desta Casa Legislativa. Reafirmo meu compromisso de trabalhar em conjunto com todos os vereadores, sempre visando o bem-estar da popula\u00e7\u00e3o de Caldeir\u00e3o Grande e o desenvolvimento de nosso munic\u00edpio\u201d,<\/strong>\u00a0destacou Mauro Correia. Durante a gest\u00e3o anterior como presidente, Mauro implementou projetos que modernizaram o funcionamento da C\u00e2mara e aproximaram os cidad\u00e3os das a\u00e7\u00f5es do Legislativo. <\/p>\n\n\n\n<p>Ele destacou que sua prioridade continuar\u00e1 sendo fortalecer o papel da C\u00e2mara como uma institui\u00e7\u00e3o democr\u00e1tica e promotora de pol\u00edticas p\u00fablicas que beneficiem a comunidade. O prefeito eleito Pedro Henrique e outras lideran\u00e7as locais tamb\u00e9m estiveram presentes na solenidade e parabenizaram Mauro pelo novo desafio<strong>. \u201cTenho certeza de que Mauro Correia far\u00e1 um excelente trabalho, como j\u00e1 demonstrou em sua primeira passagem pela presid\u00eancia. Vamos trabalhar juntos pelo progresso de Caldeir\u00e3o Grande<\/strong>\u201d, afirmou o prefeito. <\/p>\n\n\n\n<p>Com a reelei\u00e7\u00e3o para a presid\u00eancia, Mauro Correia segue como uma das figuras de maior destaque na pol\u00edtica local, comprometido em representar os interesses da popula\u00e7\u00e3o e garantir o bom funcionamento do Legislativo municipal.<\/p>\n\n\n\n<p>portalespacoaberto<\/p>\n","protected":false},"excerpt":{"rendered":"<p>Na tarde desta quarta-feira (1\u00ba), o vereador Mauro Correia foi empossado como presidente da C\u00e2mara Municipal de Caldeir\u00e3o Grande para o bi\u00eanio 2025-2026,em Chapa \u00danica. Este \u00e9 o segundo mandato de Mauro \u00e0 frente do Legislativo municipal, consolidando sua lideran\u00e7a e influ\u00eancia na pol\u00edtica local. Vice -presidente.Herbert Santana,Selma Santana 1\u00b0 Secretaria, Segundo Secret\u00e1rio Marivaldo de [&hellip;]<\/p>\n","protected":false},"author":2,"featured_media":21616,"comment_status":"open","ping_status":"open","sticky":false,"template":"","format":"standard","meta":{"_jetpack_memberships_contains_paid_content":false,"footnotes":""},"categories":[3],"tags":[],"class_list":["post-21615","post","type-post","status-publish","format-standard","has-post-thumbnail","hentry","category-regional"],"aioseo_notices":[],"jetpack_featured_media_url":"https:\/\/i0.wp.com\/minutobahia24h.com.br\/wp-content\/uploads\/2025\/01\/Sem-titulo-4.jpg?fit=447%2C410&ssl=1","jetpack_sharing_enabled":true,"_links":{"self":[{"href":"https:\/\/minutobahia24h.com.br\/index.php?rest_route=\/wp\/v2\/posts\/21615","targetHints":{"allow":["GET"]}}],"collection":[{"href":"https:\/\/minutobahia24h.com.br\/index.php?rest_route=\/wp\/v2\/posts"}],"about":[{"href":"https:\/\/minutobahia24h.com.br\/index.php?rest_route=\/wp\/v2\/types\/post"}],"author":[{"embeddable":true,"href":"https:\/\/minutobahia24h.com.br\/index.php?rest_route=\/wp\/v2\/users\/2"}],"replies":[{"embeddable":true,"href":"https:\/\/minutobahia24h.com.br\/index.php?rest_route=%2Fwp%2Fv2%2Fcomments&post=21615"}],"version-history":[{"count":1,"href":"https:\/\/minutobahia24h.com.br\/index.php?rest_route=\/wp\/v2\/posts\/21615\/revisions"}],"predecessor-version":[{"id":21617,"href":"https:\/\/minutobahia24h.com.br\/index.php?rest_route=\/wp\/v2\/posts\/21615\/revisions\/21617"}],"wp:featuredmedia":[{"embeddable":true,"href":"https:\/\/minutobahia24h.com.br\/index.php?rest_route=\/wp\/v2\/media\/21616"}],"wp:attachment":[{"href":"https:\/\/minutobahia24h.com.br\/index.php?rest_route=%2Fwp%2Fv2%2Fmedia&parent=21615"}],"wp:term":[{"taxonomy":"category","embeddable":true,"href":"https:\/\/minutobahia24h.com.br\/index.php?rest_route=%2Fwp%2Fv2%2Fcategories&post=21615"},{"taxonomy":"post_tag","embeddable":true,"href":"https:\/\/minutobahia24h.com.br\/index.php?rest_route=%2Fwp%2Fv2%2Ftags&post=21615"}],"curies":[{"name":"wp","href":"https:\/\/api.w.org\/{rel}","templated":true}]}}