{"id":21612,"date":"2025-01-02T06:59:54","date_gmt":"2025-01-02T09:59:54","guid":{"rendered":"https:\/\/minutobahia24h.com.br\/?p=21612"},"modified":"2025-01-02T06:59:55","modified_gmt":"2025-01-02T09:59:55","slug":"vereador-neguinho-do-grigorio-e-o-novo-presidente-da-camara-municipal-de-andorinha","status":"publish","type":"post","link":"https:\/\/minutobahia24h.com.br\/?p=21612","title":{"rendered":"Vereador Neguinho do Grig\u00f3rio \u00e9 o Novo Presidente da C\u00e2mara Municipal de Andorinha"},"content":{"rendered":"\n<figure class=\"wp-block-gallery has-nested-images columns-default is-cropped wp-block-gallery-1 is-layout-flex wp-block-gallery-is-layout-flex\"><div class=\"wp-block-image\">\n<figure class=\"aligncenter size-large\"><img data-recalc-dims=\"1\" fetchpriority=\"high\" decoding=\"async\" width=\"640\" height=\"460\" data-id=\"21613\" src=\"https:\/\/i0.wp.com\/minutobahia24h.com.br\/wp-content\/uploads\/2025\/01\/Sem-titulo-3.jpg?resize=640%2C460&#038;ssl=1\" alt=\"\" class=\"wp-image-21613\" srcset=\"https:\/\/i0.wp.com\/minutobahia24h.com.br\/wp-content\/uploads\/2025\/01\/Sem-titulo-3.jpg?w=640&amp;ssl=1 640w, https:\/\/i0.wp.com\/minutobahia24h.com.br\/wp-content\/uploads\/2025\/01\/Sem-titulo-3.jpg?resize=300%2C216&amp;ssl=1 300w, https:\/\/i0.wp.com\/minutobahia24h.com.br\/wp-content\/uploads\/2025\/01\/Sem-titulo-3.jpg?resize=120%2C86&amp;ssl=1 120w\" sizes=\"(max-width: 640px) 100vw, 640px\" \/><figcaption class=\"wp-element-caption\">Andorinha News \u00a0(Foto: Andorinha News))<br><\/figcaption><\/figure>\n<\/div><\/figure>\n\n\n\n<p>Nesta&nbsp;<em>quarta-feira<\/em>,&nbsp;<strong>1\u00ba<\/strong>&nbsp;de janeiro de&nbsp;<strong>2025<\/strong>, a cidade de Andorinha vivenciou um momento&nbsp;<em>hist\u00f3rico<\/em>&nbsp;com a cerim\u00f4nia de posse do&nbsp;<strong>prefeito<\/strong>,&nbsp;<strong>vice-prefeito<\/strong>&nbsp;e dos&nbsp;<strong>vereadores<\/strong>&nbsp;eleitos para o mandato&nbsp;<strong>2025-2028<\/strong>. O evento, que contou com uma grande participa\u00e7\u00e3o popular, aconteceu na Pra\u00e7a de Eventos, que ficou completamente lotada.<\/p>\n\n\n\n<p>Durante a&nbsp;<em>sess\u00e3o solene<\/em>, tamb\u00e9m foi realizada a elei\u00e7\u00e3o da mesa diretora da&nbsp;<strong>C\u00e2mara Municipal de Andorinha<\/strong>. O&nbsp;<em>vereador<\/em>&nbsp;<strong>Cleriston Grig\u00f3rio<\/strong>, conhecido popularmente como&nbsp;<strong>Neguinho do Grig\u00f3rio<\/strong>, foi eleito presidente da Casa Legislativa com ampla maioria, recebendo&nbsp;<strong>8<\/strong>&nbsp;dos&nbsp;<strong>11<\/strong>&nbsp;votos.<\/p>\n\n\n\n<p>Com a elei\u00e7\u00e3o, a mesa diretora da C\u00e2mara ficou composta da seguinte forma:<\/p>\n\n\n\n<p><strong>&#8211; Presidente:<\/strong>&nbsp;Cleriston Grig\u00f3rio (Neguinho do Grig\u00f3rio)<\/p>\n\n\n\n<p><strong>&#8211; Vice-presidente:<\/strong>&nbsp;Fausta Amorim (Professora Fausta)<\/p>\n\n\n\n<p><strong>&#8211; 1\u00ba Secret\u00e1rio:<\/strong>&nbsp;Ednilson Nascimento<\/p>\n\n\n\n<p><strong>&#8211; 2\u00ba Secret\u00e1rio:<\/strong>&nbsp;Edilson Bento (Pega Bala)<\/p>\n\n\n\n<p>O clima foi de celebra\u00e7\u00e3o e muita expectativa para o in\u00edcio dos trabalhos do novo mandato. O evento refor\u00e7a o compromisso das lideran\u00e7as eleitas com o progresso de Andorinha e o bem-estar de seus mun\u00edcipes.<\/p>\n\n\n\n<p>A cerim\u00f4nia foi encerrada sob aplausos e manifesta\u00e7\u00f5es de apoio da popula\u00e7\u00e3o, marcando o in\u00edcio de uma nova etapa para a gest\u00e3o municipal.<\/p>\n\n\n\n<p>andorinhanews<\/p>\n","protected":false},"excerpt":{"rendered":"<p>Nesta&nbsp;quarta-feira,&nbsp;1\u00ba&nbsp;de janeiro de&nbsp;2025, a cidade de Andorinha vivenciou um momento&nbsp;hist\u00f3rico&nbsp;com a cerim\u00f4nia de posse do&nbsp;prefeito,&nbsp;vice-prefeito&nbsp;e dos&nbsp;vereadores&nbsp;eleitos para o mandato&nbsp;2025-2028. O evento, que contou com uma grande participa\u00e7\u00e3o popular, aconteceu na Pra\u00e7a de Eventos, que ficou completamente lotada. Durante a&nbsp;sess\u00e3o solene, tamb\u00e9m foi realizada a elei\u00e7\u00e3o da mesa diretora da&nbsp;C\u00e2mara Municipal de Andorinha. O&nbsp;vereador&nbsp;Cleriston Grig\u00f3rio, conhecido [&hellip;]<\/p>\n","protected":false},"author":2,"featured_media":21613,"comment_status":"open","ping_status":"open","sticky":false,"template":"","format":"standard","meta":{"_jetpack_memberships_contains_paid_content":false,"footnotes":""},"categories":[3],"tags":[],"class_list":["post-21612","post","type-post","status-publish","format-standard","has-post-thumbnail","hentry","category-regional"],"aioseo_notices":[],"jetpack_featured_media_url":"https:\/\/i0.wp.com\/minutobahia24h.com.br\/wp-content\/uploads\/2025\/01\/Sem-titulo-3.jpg?fit=640%2C460&ssl=1","jetpack_sharing_enabled":true,"_links":{"self":[{"href":"https:\/\/minutobahia24h.com.br\/index.php?rest_route=\/wp\/v2\/posts\/21612","targetHints":{"allow":["GET"]}}],"collection":[{"href":"https:\/\/minutobahia24h.com.br\/index.php?rest_route=\/wp\/v2\/posts"}],"about":[{"href":"https:\/\/minutobahia24h.com.br\/index.php?rest_route=\/wp\/v2\/types\/post"}],"author":[{"embeddable":true,"href":"https:\/\/minutobahia24h.com.br\/index.php?rest_route=\/wp\/v2\/users\/2"}],"replies":[{"embeddable":true,"href":"https:\/\/minutobahia24h.com.br\/index.php?rest_route=%2Fwp%2Fv2%2Fcomments&post=21612"}],"version-history":[{"count":1,"href":"https:\/\/minutobahia24h.com.br\/index.php?rest_route=\/wp\/v2\/posts\/21612\/revisions"}],"predecessor-version":[{"id":21614,"href":"https:\/\/minutobahia24h.com.br\/index.php?rest_route=\/wp\/v2\/posts\/21612\/revisions\/21614"}],"wp:featuredmedia":[{"embeddable":true,"href":"https:\/\/minutobahia24h.com.br\/index.php?rest_route=\/wp\/v2\/media\/21613"}],"wp:attachment":[{"href":"https:\/\/minutobahia24h.com.br\/index.php?rest_route=%2Fwp%2Fv2%2Fmedia&parent=21612"}],"wp:term":[{"taxonomy":"category","embeddable":true,"href":"https:\/\/minutobahia24h.com.br\/index.php?rest_route=%2Fwp%2Fv2%2Fcategories&post=21612"},{"taxonomy":"post_tag","embeddable":true,"href":"https:\/\/minutobahia24h.com.br\/index.php?rest_route=%2Fwp%2Fv2%2Ftags&post=21612"}],"curies":[{"name":"wp","href":"https:\/\/api.w.org\/{rel}","templated":true}]}}