{"id":21578,"date":"2024-12-31T07:46:25","date_gmt":"2024-12-31T10:46:25","guid":{"rendered":"https:\/\/minutobahia24h.com.br\/?p=21578"},"modified":"2024-12-31T07:46:26","modified_gmt":"2024-12-31T10:46:26","slug":"numero-de-pessoas-em-vulnerabilidade-alimentar-tem-reducao-de-50-desde-o-inicio-do-bahia-sem-fome","status":"publish","type":"post","link":"https:\/\/minutobahia24h.com.br\/?p=21578","title":{"rendered":"N\u00famero de pessoas em vulnerabilidade alimentar tem redu\u00e7\u00e3o de 50% desde o in\u00edcio do Bahia Sem Fome"},"content":{"rendered":"<div class=\"wp-block-image\">\n<figure class=\"aligncenter size-large\"><img data-recalc-dims=\"1\" fetchpriority=\"high\" decoding=\"async\" width=\"800\" height=\"420\" src=\"https:\/\/i0.wp.com\/minutobahia24h.com.br\/wp-content\/uploads\/2024\/12\/Sem-titulo-428-1024x538.jpg?resize=800%2C420&#038;ssl=1\" alt=\"\" class=\"wp-image-21579\" srcset=\"https:\/\/i0.wp.com\/minutobahia24h.com.br\/wp-content\/uploads\/2024\/12\/Sem-titulo-428.jpg?resize=1024%2C538&amp;ssl=1 1024w, https:\/\/i0.wp.com\/minutobahia24h.com.br\/wp-content\/uploads\/2024\/12\/Sem-titulo-428.jpg?resize=300%2C158&amp;ssl=1 300w, https:\/\/i0.wp.com\/minutobahia24h.com.br\/wp-content\/uploads\/2024\/12\/Sem-titulo-428.jpg?resize=768%2C404&amp;ssl=1 768w, https:\/\/i0.wp.com\/minutobahia24h.com.br\/wp-content\/uploads\/2024\/12\/Sem-titulo-428.jpg?resize=750%2C394&amp;ssl=1 750w, https:\/\/i0.wp.com\/minutobahia24h.com.br\/wp-content\/uploads\/2024\/12\/Sem-titulo-428.jpg?resize=1140%2C599&amp;ssl=1 1140w, https:\/\/i0.wp.com\/minutobahia24h.com.br\/wp-content\/uploads\/2024\/12\/Sem-titulo-428.jpg?w=1200&amp;ssl=1 1200w\" sizes=\"(max-width: 800px) 100vw, 800px\" \/><figcaption class=\"wp-element-caption\">Foto: Matheus Landim \/ GOVBA<br><\/figcaption><\/figure>\n<\/div>\n\n\n<p>O governador Jer\u00f4nimo Rodrigues (PT) realizou uma reuni\u00e3o de balan\u00e7o do programa Bahia Sem Fome e afirmou que o projeto, desde o seu in\u00edcio h\u00e1 dois anos, reduziu em 50% o n\u00famero de pessoas em situa\u00e7\u00e3o de vulnerabilidade alimentar no estado. O encontro, ocorrido nesta segunda-feira (30), contou com a presen\u00e7a do coordenador do programa, Tiago Pereira. A reuni\u00e3o tamb\u00e9m tra\u00e7ou novos objetivos para o ano de 2025.<\/p>\n\n\n\n<p>&#8220;Em dois anos de gest\u00e3o, reduzimos pela metade o n\u00famero de pessoas no mapa da fome. Isso foi poss\u00edvel gra\u00e7as ao esfor\u00e7o conjunto de prefeitos, empresas, deputados e institui\u00e7\u00f5es de seguran\u00e7a alimentar. Seguiremos firmes em 2025 para alcan\u00e7ar ainda mais baianos e baianas&#8221;, disse Jer\u00f4nimo.<\/p>\n\n\n\n<p>Tiago Pereira, coordenador do programa, refor\u00e7ou os avan\u00e7os e desafios. &#8220;Retiramos um milh\u00e3o de pessoas da inseguran\u00e7a alimentar grave, mas ainda temos muito a fazer. O Bahia Sem Fome \u00e9 resultado de parcerias com mais de 170 empresas, investimentos estaduais e o alinhamento com o Plano Brasil Sem Fome. Nosso foco \u00e9 garantir acesso \u00e0 alimenta\u00e7\u00e3o, \u00e1gua, renda e fortalecer a economia local.&#8221;<\/p>\n\n\n\n<p>\u201cO programa realiza uma s\u00e9rie de a\u00e7\u00f5es estruturantes, como o acesso \u00e0 \u00e1gua, assessoria t\u00e9cnica e apoio \u00e0s institui\u00e7\u00f5es rurais, com foco no fortalecimento da Agricultura Familiar. Este suporte visa n\u00e3o s\u00f3 ampliar a produ\u00e7\u00e3o para comercializa\u00e7\u00e3o, mas tamb\u00e9m abastecer a alimenta\u00e7\u00e3o escolar, uma estrat\u00e9gia importante para estimular a renda, movimentar a economia local e integrar as dimens\u00f5es do trabalho e do emprego\u201d, completou.<\/p>\n\n\n\n<p>Em 2024, o programa anunciou os resultados do edital Comida no Prato I e lan\u00e7ou o edital Comida no Prato II, abrangendo os 417 munic\u00edpios baianos. No primeiro edital de 2023, o investimento foi de R$ 24,2 milh\u00f5es, ao longo de seis meses, beneficiando 50 organiza\u00e7\u00f5es entre par\u00f3quias, institutos, ONGs, redes de mulheres, associa\u00e7\u00f5es, cooperativas e centros comunit\u00e1rios, e alcan\u00e7ando 100 cozinhas comunit\u00e1rias em 14 regi\u00f5es da Bahia.<\/p>\n\n\n\n<p>J\u00e1 o segundo edital teve como objetivo beneficiar 30 mil pessoas por dia, totalizando 5,5 milh\u00f5es de refei\u00e7\u00f5es distribu\u00eddas ao longo de 12 meses. Foram selecionadas Organiza\u00e7\u00f5es da Sociedade Civil (OSC) que assinaram Termo de Colabora\u00e7\u00e3o com o Estado para apoiar cozinhas comunit\u00e1rias e solid\u00e1rias. Ao todo, 150 cozinhas comunit\u00e1rias foram apoiadas em 403 munic\u00edpios, com cada uma recebendo R$ 242 mil para atender diariamente 200 pessoas.<\/p>\n\n\n\n<p>BN<\/p>\n","protected":false},"excerpt":{"rendered":"<p>O governador Jer\u00f4nimo Rodrigues (PT) realizou uma reuni\u00e3o de balan\u00e7o do programa Bahia Sem Fome e afirmou que o projeto, desde o seu in\u00edcio h\u00e1 dois anos, reduziu em 50% o n\u00famero de pessoas em situa\u00e7\u00e3o de vulnerabilidade alimentar no estado. O encontro, ocorrido nesta segunda-feira (30), contou com a presen\u00e7a do coordenador do programa, [&hellip;]<\/p>\n","protected":false},"author":2,"featured_media":21579,"comment_status":"open","ping_status":"open","sticky":false,"template":"","format":"standard","meta":{"_jetpack_memberships_contains_paid_content":false,"footnotes":""},"categories":[46],"tags":[],"class_list":["post-21578","post","type-post","status-publish","format-standard","has-post-thumbnail","hentry","category-noticia"],"aioseo_notices":[],"jetpack_featured_media_url":"https:\/\/i0.wp.com\/minutobahia24h.com.br\/wp-content\/uploads\/2024\/12\/Sem-titulo-428.jpg?fit=1200%2C631&ssl=1","jetpack_sharing_enabled":true,"_links":{"self":[{"href":"https:\/\/minutobahia24h.com.br\/index.php?rest_route=\/wp\/v2\/posts\/21578","targetHints":{"allow":["GET"]}}],"collection":[{"href":"https:\/\/minutobahia24h.com.br\/index.php?rest_route=\/wp\/v2\/posts"}],"about":[{"href":"https:\/\/minutobahia24h.com.br\/index.php?rest_route=\/wp\/v2\/types\/post"}],"author":[{"embeddable":true,"href":"https:\/\/minutobahia24h.com.br\/index.php?rest_route=\/wp\/v2\/users\/2"}],"replies":[{"embeddable":true,"href":"https:\/\/minutobahia24h.com.br\/index.php?rest_route=%2Fwp%2Fv2%2Fcomments&post=21578"}],"version-history":[{"count":1,"href":"https:\/\/minutobahia24h.com.br\/index.php?rest_route=\/wp\/v2\/posts\/21578\/revisions"}],"predecessor-version":[{"id":21580,"href":"https:\/\/minutobahia24h.com.br\/index.php?rest_route=\/wp\/v2\/posts\/21578\/revisions\/21580"}],"wp:featuredmedia":[{"embeddable":true,"href":"https:\/\/minutobahia24h.com.br\/index.php?rest_route=\/wp\/v2\/media\/21579"}],"wp:attachment":[{"href":"https:\/\/minutobahia24h.com.br\/index.php?rest_route=%2Fwp%2Fv2%2Fmedia&parent=21578"}],"wp:term":[{"taxonomy":"category","embeddable":true,"href":"https:\/\/minutobahia24h.com.br\/index.php?rest_route=%2Fwp%2Fv2%2Fcategories&post=21578"},{"taxonomy":"post_tag","embeddable":true,"href":"https:\/\/minutobahia24h.com.br\/index.php?rest_route=%2Fwp%2Fv2%2Ftags&post=21578"}],"curies":[{"name":"wp","href":"https:\/\/api.w.org\/{rel}","templated":true}]}}