{"id":21575,"date":"2024-12-31T07:44:40","date_gmt":"2024-12-31T10:44:40","guid":{"rendered":"https:\/\/minutobahia24h.com.br\/?p=21575"},"modified":"2024-12-31T07:44:41","modified_gmt":"2024-12-31T10:44:41","slug":"conta-de-luz-aumenta-no-verao-entenda-motivos-e-saiba-economizar","status":"publish","type":"post","link":"https:\/\/minutobahia24h.com.br\/?p=21575","title":{"rendered":"Conta de luz aumenta no ver\u00e3o? Entenda motivos e saiba economizar"},"content":{"rendered":"\n<p>A&nbsp;<a class=\"\" href=\"https:\/\/www.techtudo.com.br\/listas\/2024\/09\/aumento-na-conta-de-luz-7-dicas-para-sentir-menos-o-impacto-e-economizar-edinfoeletro.ghtml\">conta de luz<\/a>&nbsp;tende a aumentar significativamente durante o ver\u00e3o. Isso acontece porque a esta\u00e7\u00e3o demanda um maior uso de eletr\u00f4nicos voltados para o conforto t\u00e9rmico, como aparelhos de<a class=\"\" href=\"https:\/\/www.techtudo.com.br\/eletronicos\/ar-condicionado\/\">&nbsp;ar-condicionado<\/a>&nbsp;e&nbsp;<a class=\"\" href=\"https:\/\/www.techtudo.com.br\/guia\/2024\/08\/onda-de-calor-quanto-gasta-um-ventilador-ligado-a-noite-toda-veja-custos-edinfoeletro.ghtml\">ventiladores<\/a>, al\u00e9m de coincidir com as f\u00e9rias escolares \u2014 o que aumenta a quantidade de ocupantes da casa durante o dia. Contudo, \u00e9 poss\u00edvel adotar estrat\u00e9gias para atenuar o consumo durante a temporada.<\/p>\n\n\n\n<p>Por exemplo, aparelhos de ar-condicionados e ventiladores podem ser programados para funcionar em hor\u00e1rios determinados por meio de temporizadores e fun\u00e7\u00f5es inteligentes. Programar mais atividades ao ar-livre, por sua vez, \u00e9 uma medida importante para diminuir o n\u00famero de ocupantes da casa nos hor\u00e1rios mais quentes. Confira, a seguir, os principais motivos para o aumento na conta de luz durante o ver\u00e3o, e como revert\u00ea-los.<\/p>\n\n\n<div class=\"wp-block-image\">\n<figure class=\"aligncenter size-full\"><img data-recalc-dims=\"1\" fetchpriority=\"high\" decoding=\"async\" width=\"800\" height=\"535\" src=\"https:\/\/i0.wp.com\/minutobahia24h.com.br\/wp-content\/uploads\/2024\/12\/Sem-titulo-427.jpg?resize=800%2C535&#038;ssl=1\" alt=\"\" class=\"wp-image-21576\" srcset=\"https:\/\/i0.wp.com\/minutobahia24h.com.br\/wp-content\/uploads\/2024\/12\/Sem-titulo-427.jpg?w=1000&amp;ssl=1 1000w, https:\/\/i0.wp.com\/minutobahia24h.com.br\/wp-content\/uploads\/2024\/12\/Sem-titulo-427.jpg?resize=300%2C201&amp;ssl=1 300w, https:\/\/i0.wp.com\/minutobahia24h.com.br\/wp-content\/uploads\/2024\/12\/Sem-titulo-427.jpg?resize=768%2C514&amp;ssl=1 768w, https:\/\/i0.wp.com\/minutobahia24h.com.br\/wp-content\/uploads\/2024\/12\/Sem-titulo-427.jpg?resize=750%2C502&amp;ssl=1 750w\" sizes=\"(max-width: 800px) 100vw, 800px\" \/><figcaption class=\"wp-element-caption\">Conta de luz na mesa ao lado da l\u00e2mpada \u2014 Foto: Oscar Mart\u00edn \/ Getty Image<br><\/figcaption><\/figure>\n<\/div>\n\n\n<p>No \u00edndice abaixo, veja motivos pelos quais a conta de luz aumenta no ver\u00e3o<\/p>\n\n\n\n<ol class=\"wp-block-list\">\n<li>Aumento no uso de ar-condicionado e ventilador<\/li>\n\n\n\n<li>Bandeiras vermelhas<\/li>\n\n\n\n<li>F\u00e9rias escolares e recesso no trabalho<\/li>\n\n\n\n<li>Sobrecarga nos eletr\u00f4nicos devido ao calor<\/li>\n\n\n\n<li>Maior quantidade de banhos<\/li>\n\n\n\n<li>Mais alimentos congelados e bebidas geladas<\/li>\n<\/ol>\n\n\n\n<h2 class=\"wp-block-heading\">1. Aumento no uso de ar-condicionado e ventilador<\/h2>\n\n\n\n<p>Durante o ver\u00e3o, o aumento no uso de ar-condicionado e ventiladores \u00e9 um dos principais fatores que elevam o valor da contagem de energia. Esses aparelhos, essenciais para amenizar o calor, geralmente possuem alto consumo de energia, especialmente se usados \u200b\u200bpor longos per\u00edodos e em configura\u00e7\u00f5es de alta pot\u00eancia.<\/p>\n\n\n\n<p>Para diminuir esses impactos, o uso de temporizadores e fun\u00e7\u00f5es inteligentes em aparelhos \u00e9 uma solu\u00e7\u00e3o eficaz. Temporizadores permitem programar os per\u00edodos de funcionamento, evitando que o equipamento permane\u00e7a ligado al\u00e9m do necess\u00e1rio. J\u00e1 as fun\u00e7\u00f5es inteligentes, como sensores de presen\u00e7a ou ajustes autom\u00e1ticos baseados na temperatura ambiente, ajudam a melhorar o consumo, garantindo efici\u00eancia energ\u00e9tica sem comprometer o conforto.<\/p>\n\n\n<div class=\"wp-block-image\">\n<figure class=\"aligncenter\"><img data-recalc-dims=\"1\" decoding=\"async\" src=\"https:\/\/i0.wp.com\/s2-techtudo.glbimg.com\/iwSVyg1JnCXBPVXeYEA_bQ0mews%3D\/0x0%3A626x351\/984x0\/smart\/filters%3Astrip_icc%28%29\/i.s3.glbimg.com\/v1\/AUTH_08fbf48bc0524877943fe86e43087e7a\/internal_photos\/bs\/2024\/8\/s\/LuZVELSP6CyuMiVBwjJw\/a0.jpg?w=800&#038;ssl=1\" alt=\" \u2014 Foto: Reprodu\u00e7\u00e3o\/Freepik\"\/><figcaption class=\"wp-element-caption\">\u2014 Foto: Reprodu\u00e7\u00e3o\/Freepik<\/figcaption><\/figure>\n<\/div>\n\n\n<p>Recomenda-se tamb\u00e9m que o<a class=\"\" href=\"https:\/\/www.techtudo.com.br\/guia\/2024\/01\/ligar-ventilador-e-ar-condicionado-juntos-economiza-energia-veja-dicas-edinfoeletro.ghtml\">&nbsp;usu\u00e1rio utilize o ar-condicionado juntamente com o ventilador<\/a>, uma vez que o ventilador possui menor consumo de energia e ajuda a distribuir o ar refrigerado por todos os cantos do c\u00f4modo. Isso faz com que o ar-condicionado possa ser configurado para operar em temperaturas mais elevadas, diminuindo o gasto com energia el\u00e9trica.<\/p>\n\n\n\n<h2 class=\"wp-block-heading\">2. Bandeiras vermelhas<\/h2>\n\n\n\n<p>As bandeiras vermelhas s\u00e3o outros fatores que podem aumentar significativamente o valor da conta de energia durante o ver\u00e3o. Essas bandeiras fazem parte do sistema de bandeiras tarif\u00e1rias da Ag\u00eancia Nacional de Energia El\u00e9trica (ANEEL), que informa mensalmente os consumidores sobre o custo real da gera\u00e7\u00e3o de energia el\u00e9trica. A bandeira vermelha \u00e9 a sinaliza\u00e7\u00e3o mais alarmante e indica que a gera\u00e7\u00e3o de energia atingiu um alto padr\u00e3o de custo. Com isso, pode haver<a class=\"\" href=\"https:\/\/www.gov.br\/aneel\/pt-br\/assuntos\/tarifas\/bandeiras-tarifarias\" target=\"_blank\" rel=\"noreferrer noopener\">&nbsp;um acr\u00e9scimo de at\u00e9 R$ 0,07877 por quilowatt-hora consumido<\/a>, impactando diretamente o or\u00e7amento das fam\u00edlias.<\/p>\n\n\n\n<p>Para reduzir o impacto das bandeiras vermelhas na conta de luz, \u00e9 importante adotar boas pr\u00e1ticas de consumo consciente. Utilizar aparelhos el\u00e9tricos de forma eficiente, como desligar equipamentos quando n\u00e3o estiverem em uso e priorizar aqueles com selo Procel de efici\u00eancia energ\u00e9tica, pode fazer a diferen\u00e7a. Outras medidas incluem aproveitar ao m\u00e1ximo a luz natural, substituir l\u00e2mpadas incandescentes por modelos LED, e evitar o uso simult\u00e2neo de aparelhos de alto consumo durante os hor\u00e1rios de pico.<\/p>\n\n\n<div class=\"wp-block-image\">\n<figure class=\"aligncenter\"><img data-recalc-dims=\"1\" decoding=\"async\" src=\"https:\/\/i0.wp.com\/s2-techtudo.glbimg.com\/A6sYEMvgRyvQ7bZdUQiXjcslc1c%3D\/0x0%3A3000x2000\/984x0\/smart\/filters%3Astrip_icc%28%29\/i.s3.glbimg.com\/v1\/AUTH_08fbf48bc0524877943fe86e43087e7a\/internal_photos\/bs\/2022\/Y\/C\/JdS9pBRIeEHkptmJN3EQ\/pexels-polina-tankilevitch-6927334.jpg?w=800&#038;ssl=1\" alt=\"Conta de luz cara? Apps ajudam a economizar \u2014 Foto: Divulga\u00e7\u00e3o\/Pexels (Polina Tankilevitch)\"\/><figcaption class=\"wp-element-caption\">Conta de luz cara? Apps ajudam a economizar \u2014 Foto: Divulga\u00e7\u00e3o\/Pexels (Polina Tankilevitch)<\/figcaption><\/figure>\n<\/div>\n\n\n<p>Vale ressaltar que, para esse m\u00eas de dezembro, a ANEEL j\u00e1 anunciou a bandeira verde, que indica um custo de produ\u00e7\u00e3o mais baixo e, por consequ\u00eancia, n\u00e3o \u00e9 inserido qualquer valor adicional na conta dos usu\u00e1rios. At\u00e9 o momento da produ\u00e7\u00e3o desta mat\u00e9ria a ag\u00eancia ainda n\u00e3o tinha anunciado a bandeira tarif\u00e1ria para o m\u00eas de janeiro de 2025.<\/p>\n\n\n\n<h2 class=\"wp-block-heading\">3. F\u00e9rias escolares e recesso no trabalho<\/h2>\n\n\n\n<p>F\u00e9rias escolares e recessos no trabalho durante o ver\u00e3o s\u00e3o fatores que contribuem para o aumento na conta de energia. Com mais pessoas em casa, o uso de eletrodom\u00e9sticos, TVs, videogames e outros aparelhos eletr\u00f4nicos cresce significativamente. Al\u00e9m disso, o maior tempo de perman\u00eancia em ambientes fechados aumenta o uso de ar-condicionado e ventiladores, intensificando o consumo de energia el\u00e9trica. Essa combina\u00e7\u00e3o de fatores pode gerar um impacto espec\u00edfico no or\u00e7amento dom\u00e9stico.<\/p>\n\n\n\n<p>Para evitar que o consumo aumente, uma alternativa \u00e9 incentivar atividades em fam\u00edlia ao ar livre. Passeios em parques, praias ou \u00e1reas recreativas, por exemplo, n\u00e3o apenas promovem momentos de lazer, como tamb\u00e9m ajudam a reduzir o tempo de uso de aparelhos el\u00e9tricos em casa. Al\u00e9m disso, praticar esportes, fazer piqueniques ou explorar a natureza s\u00e3o formas econ\u00f4micas e seguras de aproveitar o per\u00edodo de f\u00e9rias, contribuindo para o bem-estar familiar e para o controle do consumo de energia.<\/p>\n\n\n\n<h2 class=\"wp-block-heading\">4. Sobrecarga nos eletr\u00f4nicos devido ao calor<\/h2>\n\n\n\n<p>A sobrecarga em aparelhos eletr\u00f4nicos n\u00e3o \u00e9 propriamente uma causa de uma conta de luz mais cara durante o ver\u00e3o, mas sim mais uma consequ\u00eancia do aumento do uso de dispositivos durante a esta\u00e7\u00e3o. Com a alta demanda de aparelhos de alto consumo como ar-condicionado, oscila\u00e7\u00f5es na rede el\u00e9trica se tornam comuns no per\u00edodo. Isso pode contribuir para danos em aparelhos, como curtos-circuitos ou falhas em componentes sens\u00edveis.<\/p>\n\n\n<div class=\"wp-block-image\">\n<figure class=\"aligncenter\"><img data-recalc-dims=\"1\" decoding=\"async\" src=\"https:\/\/i0.wp.com\/s2-techtudo.glbimg.com\/c6-DVldGwa_c5JzXZhujOLX8RrE%3D\/0x0%3A485x321\/984x0\/smart\/filters%3Astrip_icc%28%29\/i.s3.glbimg.com\/v1\/AUTH_08fbf48bc0524877943fe86e43087e7a\/internal_photos\/bs\/2021\/e\/N\/aBTFeCRj6UGdQGUfzwCA\/2013-09-16-overheating-laptop.jpg?w=800&#038;ssl=1\" alt=\"Superaquecimento pode causar desligamento do computador \u2014 Foto: Reprodu\u00e7\u00e3o\/Genious PC\"\/><figcaption class=\"wp-element-caption\">Superaquecimento pode causar desligamento do computador \u2014 Foto: Reprodu\u00e7\u00e3o\/Genious PC<\/figcaption><\/figure>\n<\/div>\n\n\n<p>Para evitar sobrecargas, \u00e9 preciso sobretudo um consumo mais consciente de energia. Mesmo em per\u00edodos em que a temperatura aumenta, \u00e9 preciso desonerar a rede el\u00e9trica, evitando ligar aparelhos sem necessidade. Al\u00e9m disso, \u00e9 recomend\u00e1vel a utiliza\u00e7\u00e3o de estabilizadores para proteger os equipamentos mais caros contra poss\u00edveis oscila\u00e7\u00f5es de energia.<\/p>\n\n\n\n<h2 class=\"wp-block-heading\">5. Maior quantidade de banhos<\/h2>\n\n\n\n<p>A maior quantidade de banhos durante o ver\u00e3o pode ser um dos fatores respons\u00e1veis pelo aumento no valor da conta de energia, especialmente pelo uso de chuveiros el\u00e9tricos, que est\u00e3o entre os aparelhos de maior consumo energ\u00e9tico. Mesmo em dias quentes, muitas pessoas mant\u00eam o h\u00e1bito de tomar banhos quentes ou matinais, o que aumenta significativamente a demanda de energia para aquecer a \u00e1gua. Nesse cen\u00e1rio, o maior n\u00famero de banhos di\u00e1rios, comum nessa \u00e9poca para aliviar o calor, intensifica ainda mais o consumo, contribuindo para o aumento dos gastos com energia el\u00e9trica.<\/p>\n\n\n<div class=\"wp-block-image\">\n<figure class=\"aligncenter\"><img data-recalc-dims=\"1\" decoding=\"async\" src=\"https:\/\/i0.wp.com\/s2-techtudo.glbimg.com\/TfaA_Hy2Se4Gu1VE1ry2Czojahc%3D\/0x0%3A580x363\/984x0\/smart\/filters%3Astrip_icc%28%29\/i.s3.glbimg.com\/v1\/AUTH_08fbf48bc0524877943fe86e43087e7a\/internal_photos\/bs\/2020\/7\/T\/B5yrZQSuOOQKJ6fHpi2A\/lore.jpg?w=800&#038;ssl=1\" alt=\"Chuveiro el\u00e9trico \u00e9 o eletrodom\u00e9stico que mais consome energia \u2014 Foto: Foto: Reprodu\u00e7\u00e3o\/Lorenzetti\"\/><figcaption class=\"wp-element-caption\">Chuveiro el\u00e9trico \u00e9 o eletrodom\u00e9stico que mais consome energia \u2014 Foto: Foto: Reprodu\u00e7\u00e3o\/Lorenzetti<\/figcaption><\/figure>\n<\/div>\n\n\n<p>Para evitar que o aumento na quantidade de banhos afete a conta de energia, \u00e9 recomendado revisar o uso do chuveiro el\u00e9trico e optar por pr\u00e1ticas mais conscientes. Durante o ver\u00e3o, quando as temperaturas s\u00e3o altas, \u00e9 poss\u00edvel desligar a fun\u00e7\u00e3o de aquecimento do chuveiro e tomar banhos frios, que al\u00e9m de economizar energia, ajuda a refrescar o corpo.<\/p>\n\n\n\n<h2 class=\"wp-block-heading\">6. Mais alimentos congelados e bebidas geladas<\/h2>\n\n\n\n<p>Durante o ver\u00e3o, o aumento das temperaturas faz com que as pessoas busquem maneiras de se refrescar, o que inclui o consumo de bebidas geladas e alimentos congelados. Refrigerantes, sucos, sorvetes e comidas leves, como frutas congeladas, s\u00e3o preferidos por oferecerem intervalo imediato contra o calor. O aumento dessa demanda faz com que aumente tamb\u00e9m a frequ\u00eancia de abertura da geladeira.<\/p>\n\n\n<div class=\"wp-block-image\">\n<figure class=\"aligncenter\"><img data-recalc-dims=\"1\" decoding=\"async\" src=\"https:\/\/i0.wp.com\/s2-techtudo.glbimg.com\/vE83PhNrz5i3EDcjxBF4fCHm5n4%3D\/0x0%3A5183x3455\/984x0\/smart\/filters%3Astrip_icc%28%29\/i.s3.glbimg.com\/v1\/AUTH_08fbf48bc0524877943fe86e43087e7a\/internal_photos\/bs\/2024\/4\/u\/Lqxf4gRVKDABGXDWaGEw\/nrd-fdqfzhy9ig4-unsplash.jpg?w=800&#038;ssl=1\" alt=\"Geladeira frost free inox aberta \u2014 Foto: Reprodu\u00e7\u00e3o\/Unsplash (ndr)\"\/><figcaption class=\"wp-element-caption\">Geladeira frost free inox aberta \u2014 Foto: Reprodu\u00e7\u00e3o\/Unsplash (ndr)<\/figcaption><\/figure>\n<\/div>\n\n\n<p>Cada vez que a porta \u00e9 aberta, o ar quente do ambiente entra no refrigerador, for\u00e7ando o motor a funcionar mais para manter a temperatura interna ideal. J\u00e1 existem algumas geladeiras no mercado que contam com c\u00e2meras e monitoramento do resfriamento de alimentos, que eliminam algumas aberturas na geladeira. Se voc\u00ea ainda n\u00e3o tem uma dessas, \u00e9 recomendado uma maior consci\u00eancia ao abrir a porta do eletrodom\u00e9stico, levando em considera\u00e7\u00e3o a quantidade de ar quente que entra cada vez que isso \u00e9 feito.<\/p>\n\n\n\n<p><em>Com informa\u00e7\u00f5es de&nbsp;<\/em><a class=\"\" href=\"https:\/\/www.thescottishsun.co.uk\/money\/13016491\/energy-mistakes-people-make-in-summer\/\" target=\"_blank\" rel=\"noreferrer noopener\"><em>The Scottish Sun<\/em><\/a><em>&nbsp;e&nbsp;<\/em><a class=\"\" href=\"https:\/\/time.com\/6989571\/energy-bill-extreme-heat-effects\/?utm_source=chatgpt.com\" target=\"_blank\" rel=\"noreferrer noopener\"><em>Time<\/em><\/a><em>.<\/em><\/p>\n","protected":false},"excerpt":{"rendered":"<p>A&nbsp;conta de luz&nbsp;tende a aumentar significativamente durante o ver\u00e3o. Isso acontece porque a esta\u00e7\u00e3o demanda um maior uso de eletr\u00f4nicos voltados para o conforto t\u00e9rmico, como aparelhos de&nbsp;ar-condicionado&nbsp;e&nbsp;ventiladores, al\u00e9m de coincidir com as f\u00e9rias escolares \u2014 o que aumenta a quantidade de ocupantes da casa durante o dia. Contudo, \u00e9 poss\u00edvel adotar estrat\u00e9gias para atenuar [&hellip;]<\/p>\n","protected":false},"author":2,"featured_media":21576,"comment_status":"open","ping_status":"open","sticky":false,"template":"","format":"standard","meta":{"_jetpack_memberships_contains_paid_content":false,"footnotes":""},"categories":[19],"tags":[],"class_list":["post-21575","post","type-post","status-publish","format-standard","has-post-thumbnail","hentry","category-economia"],"aioseo_notices":[],"jetpack_featured_media_url":"https:\/\/i0.wp.com\/minutobahia24h.com.br\/wp-content\/uploads\/2024\/12\/Sem-titulo-427.jpg?fit=1000%2C669&ssl=1","jetpack_sharing_enabled":true,"_links":{"self":[{"href":"https:\/\/minutobahia24h.com.br\/index.php?rest_route=\/wp\/v2\/posts\/21575","targetHints":{"allow":["GET"]}}],"collection":[{"href":"https:\/\/minutobahia24h.com.br\/index.php?rest_route=\/wp\/v2\/posts"}],"about":[{"href":"https:\/\/minutobahia24h.com.br\/index.php?rest_route=\/wp\/v2\/types\/post"}],"author":[{"embeddable":true,"href":"https:\/\/minutobahia24h.com.br\/index.php?rest_route=\/wp\/v2\/users\/2"}],"replies":[{"embeddable":true,"href":"https:\/\/minutobahia24h.com.br\/index.php?rest_route=%2Fwp%2Fv2%2Fcomments&post=21575"}],"version-history":[{"count":1,"href":"https:\/\/minutobahia24h.com.br\/index.php?rest_route=\/wp\/v2\/posts\/21575\/revisions"}],"predecessor-version":[{"id":21577,"href":"https:\/\/minutobahia24h.com.br\/index.php?rest_route=\/wp\/v2\/posts\/21575\/revisions\/21577"}],"wp:featuredmedia":[{"embeddable":true,"href":"https:\/\/minutobahia24h.com.br\/index.php?rest_route=\/wp\/v2\/media\/21576"}],"wp:attachment":[{"href":"https:\/\/minutobahia24h.com.br\/index.php?rest_route=%2Fwp%2Fv2%2Fmedia&parent=21575"}],"wp:term":[{"taxonomy":"category","embeddable":true,"href":"https:\/\/minutobahia24h.com.br\/index.php?rest_route=%2Fwp%2Fv2%2Fcategories&post=21575"},{"taxonomy":"post_tag","embeddable":true,"href":"https:\/\/minutobahia24h.com.br\/index.php?rest_route=%2Fwp%2Fv2%2Ftags&post=21575"}],"curies":[{"name":"wp","href":"https:\/\/api.w.org\/{rel}","templated":true}]}}