{"id":21572,"date":"2024-12-31T07:41:51","date_gmt":"2024-12-31T10:41:51","guid":{"rendered":"https:\/\/minutobahia24h.com.br\/?p=21572"},"modified":"2024-12-31T07:41:53","modified_gmt":"2024-12-31T10:41:53","slug":"as-pessoas-que-nao-vao-celebrar-a-chegada-de-2025","status":"publish","type":"post","link":"https:\/\/minutobahia24h.com.br\/?p=21572","title":{"rendered":"As pessoas que n\u00e3o v\u00e3o celebrar a chegada de 2025"},"content":{"rendered":"<div class=\"wp-block-image\">\n<figure class=\"aligncenter size-full\"><img data-recalc-dims=\"1\" fetchpriority=\"high\" decoding=\"async\" width=\"800\" height=\"449\" src=\"https:\/\/i0.wp.com\/minutobahia24h.com.br\/wp-content\/uploads\/2024\/12\/Sem-titulo-426.jpg?resize=800%2C449&#038;ssl=1\" alt=\"\" class=\"wp-image-21573\" srcset=\"https:\/\/i0.wp.com\/minutobahia24h.com.br\/wp-content\/uploads\/2024\/12\/Sem-titulo-426.jpg?w=984&amp;ssl=1 984w, https:\/\/i0.wp.com\/minutobahia24h.com.br\/wp-content\/uploads\/2024\/12\/Sem-titulo-426.jpg?resize=300%2C168&amp;ssl=1 300w, https:\/\/i0.wp.com\/minutobahia24h.com.br\/wp-content\/uploads\/2024\/12\/Sem-titulo-426.jpg?resize=768%2C431&amp;ssl=1 768w, https:\/\/i0.wp.com\/minutobahia24h.com.br\/wp-content\/uploads\/2024\/12\/Sem-titulo-426.jpg?resize=750%2C421&amp;ssl=1 750w\" sizes=\"(max-width: 800px) 100vw, 800px\" \/><figcaption class=\"wp-element-caption\">Parte do mundo comemora a chegada de 2025 \u2014 Foto: Getty Images via BBC<br><br><\/figcaption><\/figure>\n<\/div>\n\n\n<p>Chegou o Ano Novo para muitas pessoas&#8230; mas, para outras, n\u00e3o.<\/p>\n\n\n\n<p>Enquanto muita gente comemora a chegada de 2025, h\u00e1 outros calend\u00e1rios em uso no mundo todo que indicam um ano completamente diferente.<\/p>\n\n\n\n<p>O fato \u00e9 que estamos entrando no ano de 2025 de acordo com o calend\u00e1rio gregoriano, que \u00e9 adotado na pr\u00e1tica pela maior parte dos pa\u00edses.<\/p>\n\n\n\n<p>Esse calend\u00e1rio, baseado no ciclo solar, foi introduzido pelo papa Greg\u00f3rio 13 em 1582.<\/p>\n\n\n\n<p>E surgiu como uma reformula\u00e7\u00e3o do calend\u00e1rio juliano, criado pelo l\u00edder romano J\u00falio C\u00e9sar, que correspondia \u00e0 rota\u00e7\u00e3o da Terra ao redor do Sol, mas n\u00e3o era t\u00e3o preciso.<\/p>\n\n\n\n<p>At\u00e9 ent\u00e3o, muitos pa\u00edses crist\u00e3os celebravam o Ano Novo em 25 de mar\u00e7o, data que marca a apari\u00e7\u00e3o do arcanjo Gabriel \u00e0 Virgem Maria, mas o Papa Greg\u00f3rio restabeleceu o 1\u00ba de janeiro como in\u00edcio oficial do ano.<\/p>\n\n\n\n<p>H\u00e1, no entanto, outros calend\u00e1rios em uso ao redor do mundo.<\/p>\n\n\n\n<h2 class=\"wp-block-heading\">Calend\u00e1rio judaico<\/h2>\n\n\n\n<figure class=\"wp-block-image\"><img data-recalc-dims=\"1\" decoding=\"async\" src=\"https:\/\/i0.wp.com\/s2-g1.glbimg.com\/GycPZQx7JydvayzMu3LtqbDLTlA%3D\/0x0%3A800x450\/984x0\/smart\/filters%3Astrip_icc%28%29\/i.s3.glbimg.com\/v1\/AUTH_59edd422c0c84a879bd37670ae4f538a\/internal_photos\/bs\/2023\/2\/O\/SrHQbzTxyE8SrQSqRPYA\/foto-2.jpg?w=800&#038;ssl=1\" alt=\"\u00c9 um costume judaico mergulhar um peda\u00e7o de fruta no mel no Ano Novo \u2014 Foto: Getty Images via BBC\"\/><\/figure>\n\n\n\n<p>\u00c9 um costume judaico mergulhar um peda\u00e7o de fruta no mel no Ano Novo \u2014 Foto: Getty Images via BBC<\/p>\n\n\n\n<p>Pelo calend\u00e1rio judaico, estamos no ano 5784.<\/p>\n\n\n\n<p>E, de acordo com ele, o Ano Novo \u00e9 celebrado no fim de setembro, durante o chamado m\u00eas de Tishrei.<\/p>\n\n\n\n<p>H\u00e1, na verdade, quatro calend\u00e1rios diferentes no juda\u00edsmo, incluindo um dedicado \u00e0s \u00e1rvores.<\/p>\n\n\n\n<p>O de Tishrei se refere ao anivers\u00e1rio da cria\u00e7\u00e3o do universo.<\/p>\n\n\n\n<p>Trata-se de um calend\u00e1rio lunissolar, ou seja, que leva em considera\u00e7\u00e3o os ciclos do Sol e da Lua.<\/p>\n\n\n\n<p>\u00c9 costume mergulhar um peda\u00e7o de fruta no mel para ter um ano novo doce.<\/p>\n\n\n\n<p>Mas tamb\u00e9m \u00e9 tempo de penit\u00eancia e reflex\u00e3o.<\/p>\n\n\n\n<p>Um dos rituais, chamado Tashlich, consiste em jogar migalhas de p\u00e3o na \u00e1gua corrente para simbolizar a purifica\u00e7\u00e3o dos pecados.<\/p>\n\n\n\n<h2 class=\"wp-block-heading\">Calend\u00e1rio isl\u00e2mico<\/h2>\n\n\n\n<figure class=\"wp-block-image\"><img data-recalc-dims=\"1\" decoding=\"async\" src=\"https:\/\/i0.wp.com\/s2-g1.glbimg.com\/y7YUNfVOPed-Ts5pZGRY-sKkhso%3D\/0x0%3A800x450\/984x0\/smart\/filters%3Astrip_icc%28%29\/i.s3.glbimg.com\/v1\/AUTH_59edd422c0c84a879bd37670ae4f538a\/internal_photos\/bs\/2023\/R\/X\/nGP9EDTB61Kjko9DJUFA\/foto-3.jpg?w=800&#038;ssl=1\" alt=\"Calend\u00e1rio isl\u00e2mico \u00e9 baseado nos ciclos da Lua \u2014 Foto: Getty Images via BBC\"\/><\/figure>\n\n\n\n<p>Calend\u00e1rio isl\u00e2mico \u00e9 baseado nos ciclos da Lua \u2014 Foto: Getty Images via BBC<\/p>\n\n\n\n<p>De acordo com o calend\u00e1rio isl\u00e2mico ou heg\u00edrico, estamos no ano 1445, que come\u00e7ou em agosto.<\/p>\n\n\n\n<p>O calend\u00e1rio isl\u00e2mico data de quando o profeta Maom\u00e9 fugiu da cidade de Meca para Medina.<\/p>\n\n\n\n<p>\u00c9 um calend\u00e1rio baseado nos ciclos da Lua. \u00c9 por isso que as datas de todos os rituais isl\u00e2micos variam.<\/p>\n\n\n\n<p>Embora as pessoas celebrem o ano novo heg\u00edrico, o calend\u00e1rio gregoriano \u00e9 o oficial na maioria dos pa\u00edses \u00e1rabes.<\/p>\n\n\n\n<h2 class=\"wp-block-heading\">Calend\u00e1rio chin\u00eas<\/h2>\n\n\n\n<figure class=\"wp-block-image\"><img data-recalc-dims=\"1\" decoding=\"async\" src=\"https:\/\/i0.wp.com\/s2-g1.glbimg.com\/DHm088Qm4WIh0pV2-LJ1cbIkOy8%3D\/0x0%3A800x800\/984x0\/smart\/filters%3Astrip_icc%28%29\/i.s3.glbimg.com\/v1\/AUTH_59edd422c0c84a879bd37670ae4f538a\/internal_photos\/bs\/2023\/3\/f\/QGAeKQTBAljXPwrBY08g\/foto-4.jpg?w=800&#038;ssl=1\" alt=\"Ilustra\u00e7\u00e3o mostra o calend\u00e1rio chin\u00eas \u2014 Foto: Getty Images via BBC\"\/><\/figure>\n\n\n\n<p>Ilustra\u00e7\u00e3o mostra o calend\u00e1rio chin\u00eas \u2014 Foto: Getty Images via BBC<\/p>\n\n\n\n<p>Assim como o calend\u00e1rio judaico, o tradicional calend\u00e1rio chin\u00eas tamb\u00e9m \u00e9 lunissolar. E o ano novo chin\u00eas cai numa data diferente a cada ano.<\/p>\n\n\n\n<p>Em 2024, por exemplo, foi celebrado no dia 10 de fevereiro. J\u00e1 em 2025, ser\u00e1 celebrado em 29 de janeiro.<\/p>\n\n\n\n<p>Cada ano recebe o nome de um dos 12 animais do hor\u00f3scopo chin\u00eas, que t\u00eam um papel importante na cultura do pa\u00eds.<\/p>\n\n\n\n<p>O pr\u00f3ximo ano ser\u00e1 o ano da serpente.<\/p>\n\n\n\n<p>O ano novo chin\u00eas tamb\u00e9m \u00e9 conhecido como Festival da Primavera.<\/p>\n\n\n\n<p>\u00c9 um feriado de uma semana e remonta \u00e0 Antiguidade.<\/p>\n\n\n\n<h2 class=\"wp-block-heading\"><a class=\"\" href=\"https:\/\/g1.globo.com\/tudo-sobre\/coreia-do-sul\/\">Coreia do Sul<\/a><\/h2>\n\n\n\n<figure class=\"wp-block-image\"><img data-recalc-dims=\"1\" decoding=\"async\" src=\"https:\/\/i0.wp.com\/s2-g1.glbimg.com\/kqS4gbpFQpKzSDloACk0CZipWS8%3D\/0x0%3A6000x4002\/984x0\/smart\/filters%3Astrip_icc%28%29\/i.s3.glbimg.com\/v1\/AUTH_59edd422c0c84a879bd37670ae4f538a\/internal_photos\/bs\/2023\/7\/c\/teWIrzRnmoQ8ma7L9hzQ\/2023-12-31t154304z-1624025295-rc2f85arlr36-rtrmadp-3-new-year-southkorea.jpg?w=800&#038;ssl=1\" alt=\"Celebra\u00e7\u00e3o do ano novo em Seul, na Coreia do Sul \u2014 Foto: Kim Hong-Ji\/ Reuters\"\/><\/figure>\n\n\n\n<p>Celebra\u00e7\u00e3o do ano novo em Seul, na Coreia do Sul \u2014 Foto: Kim Hong-Ji\/ Reuters<\/p>\n\n\n\n<p>O Ano Novo lunar \u00e9 comemorado em muitos pa\u00edses asi\u00e1ticos, como a&nbsp;<a class=\"\" href=\"https:\/\/g1.globo.com\/tudo-sobre\/coreia-do-sul\/\">Coreia do Sul<\/a>.<\/p>\n\n\n\n<p>Os sul-coreanos comemoram o ano novo duas vezes.<\/p>\n\n\n\n<p>O primeiro dia do tradicional ou &#8220;antigo&#8221; calend\u00e1rio lunar coreano \u00e9 chamado Seollal.<\/p>\n\n\n\n<p>Assim como na&nbsp;<a class=\"\" href=\"https:\/\/g1.globo.com\/tudo-sobre\/china\/\">China<\/a>, \u00e9 um dos maiores feriados do ano e ser\u00e1 comemorado em 29 de janeiro.<\/p>\n\n\n\n<p>Mas os sul-coreanos tamb\u00e9m celebram 1\u00ba de janeiro como o &#8220;novo&#8221; ano novo, de acordo com o calend\u00e1rio gregoriano, introduzido na Coreia no fim do s\u00e9culo 19.<\/p>\n\n\n\n<p>Mas sua institui\u00e7\u00e3o \u00e9 mais uma quest\u00e3o simb\u00f3lica e administrativa.<\/p>\n\n\n\n<h2 class=\"wp-block-heading\"><a class=\"\" href=\"https:\/\/g1.globo.com\/tudo-sobre\/coreia-do-norte\/\">Coreia do Norte<\/a><\/h2>\n\n\n\n<figure class=\"wp-block-image\"><img data-recalc-dims=\"1\" decoding=\"async\" src=\"https:\/\/i0.wp.com\/s2-g1.glbimg.com\/-NPjkSZyJVZBq3JLVZ1dStIXVNE%3D\/0x0%3A2936x1958\/984x0\/smart\/filters%3Astrip_icc%28%29\/i.s3.glbimg.com\/v1\/AUTH_59edd422c0c84a879bd37670ae4f538a\/internal_photos\/bs\/2024\/S\/E\/euhZNgQvaOZQAJ3jMJtw\/2024-06-19t193618z-848069286-rc2he8acmkt0-rtrmadp-3-northkorea-russia.jpg?w=800&#038;ssl=1\" alt=\"O l\u00edder da Coreia do Norte, Kim Jong Un, durante uma cerim\u00f4nia de despedida do presidente da R\u00fassia, Vladimir Putin, no aeroporto de Pyongyang, Coreia do Norte, em 19 de junho de 2024 \u2014 Foto: Sputnik\/Gavriil Grigorov\/Pool via REUTERS\"\/><\/figure>\n\n\n\n<p>O l\u00edder da Coreia do Norte, Kim Jong Un, durante uma cerim\u00f4nia de despedida do presidente da R\u00fassia, Vladimir Putin, no aeroporto de Pyongyang, Coreia do Norte, em 19 de junho de 2024 \u2014 Foto: Sputnik\/Gavriil Grigorov\/Pool via REUTERS<\/p>\n\n\n\n<p>Na&nbsp;<a class=\"\" href=\"https:\/\/g1.globo.com\/tudo-sobre\/coreia-do-norte\/\">Coreia do Norte<\/a>, por outro lado, nenhum deles \u00e9 considerado um feriado importante.<\/p>\n\n\n\n<p>Eles colocam o ano novo em segundo plano em rela\u00e7\u00e3o aos feriados socialistas.<\/p>\n\n\n\n<h2 class=\"wp-block-heading\"><a class=\"\" href=\"https:\/\/g1.globo.com\/tudo-sobre\/india\/\">\u00cdndia<\/a><\/h2>\n\n\n\n<figure class=\"wp-block-image\"><img data-recalc-dims=\"1\" decoding=\"async\" src=\"https:\/\/i0.wp.com\/s2-g1.glbimg.com\/Z7RgaiH2n-EHPFiZoCXcydW4pQE%3D\/0x0%3A5472x3992\/984x0\/smart\/filters%3Astrip_icc%28%29\/i.s3.glbimg.com\/v1\/AUTH_59edd422c0c84a879bd37670ae4f538a\/internal_photos\/bs\/2019\/A\/R\/ZDVBAORPCKFYzrzxJoEg\/2019-12-31t193023z-775643735-rc2j6e9rtiaa-rtrmadp-3-new-year-india.jpg?w=800&#038;ssl=1\" alt=\"Fogos sobre o Portal da \u00cdndia na chegada do ano novo em Mumbai, \u00cdndia. \u2014 Foto: Francis Mascarenhas\/REUTERS\"\/><\/figure>\n\n\n\n<p>Fogos sobre o Portal da \u00cdndia na chegada do ano novo em Mumbai, \u00cdndia. \u2014 Foto: Francis Mascarenhas\/REUTERS<\/p>\n\n\n\n<p>Na&nbsp;<a class=\"\" href=\"https:\/\/g1.globo.com\/tudo-sobre\/india\/\">\u00cdndia<\/a>, por sua vez, h\u00e1 bem mais de duas datas.<\/p>\n\n\n\n<p>Os hindus de diferentes partes do pa\u00eds celebram o ano novo com base em seus pr\u00f3prios calend\u00e1rios \u2014 que podem seguir os ciclos solar, lunar ou ambos.<\/p>\n\n\n\n<p>O ano novo Tamil, que \u00e9 comemorado principalmente no estado indiano de Tamil Nadu, no sul da&nbsp;<a class=\"\" href=\"https:\/\/g1.globo.com\/tudo-sobre\/india\/\">\u00cdndia<\/a>, geralmente cai no dia 14 de abril.<\/p>\n\n\n\n<p>E, geralmente, \u00e9 perto ou na mesma data do ano novo bengal\u00eas, birman\u00eas e cingal\u00eas.<\/p>\n\n\n\n<p>O calend\u00e1rio Tamil mais comum compreende ciclos de 60 anos.<\/p>\n\n\n\n<h2 class=\"wp-block-heading\">Persa<\/h2>\n\n\n\n<p>Para os iranianos, estamos no ano 1403.<\/p>\n\n\n\n<p>O Ano Novo persa \u00e9 comemorado no equin\u00f3cio da primavera, mais precisamente, no primeiro dia da esta\u00e7\u00e3o, quando a luz solar incide da mesma forma sobre os dois hemisf\u00e9rios, fazendo com que os dias e as noites tenham a mesma dura\u00e7\u00e3o (12 horas cada).<\/p>\n\n\n\n<p>O calend\u00e1rio \u00e9 baseado no movimento da Terra ao redor do Sol.<\/p>\n\n\n\n<p>E o ano novo ou Nowruz, que significa novo dia em persa, geralmente cai por volta de 20 de mar\u00e7o.<\/p>\n\n\n\n<p>O Nowruz \u00e9 comemorado h\u00e1 mais de 3 mil anos, n\u00e3o apenas pelos iranianos, por outras comunidades tamb\u00e9m.<\/p>\n\n\n\n<p>Para celebrar, eles preparam uma mesa decorada com sete itens simb\u00f3licos, e os jovens visitam o membro mais velho da fam\u00edlia por respeito.<\/p>\n","protected":false},"excerpt":{"rendered":"<p>Chegou o Ano Novo para muitas pessoas&#8230; mas, para outras, n\u00e3o. Enquanto muita gente comemora a chegada de 2025, h\u00e1 outros calend\u00e1rios em uso no mundo todo que indicam um ano completamente diferente. O fato \u00e9 que estamos entrando no ano de 2025 de acordo com o calend\u00e1rio gregoriano, que \u00e9 adotado na pr\u00e1tica pela [&hellip;]<\/p>\n","protected":false},"author":2,"featured_media":21573,"comment_status":"open","ping_status":"open","sticky":false,"template":"","format":"standard","meta":{"_jetpack_memberships_contains_paid_content":false,"footnotes":""},"categories":[15],"tags":[],"class_list":["post-21572","post","type-post","status-publish","format-standard","has-post-thumbnail","hentry","category-mundo"],"aioseo_notices":[],"jetpack_featured_media_url":"https:\/\/i0.wp.com\/minutobahia24h.com.br\/wp-content\/uploads\/2024\/12\/Sem-titulo-426.jpg?fit=984%2C552&ssl=1","jetpack_sharing_enabled":true,"_links":{"self":[{"href":"https:\/\/minutobahia24h.com.br\/index.php?rest_route=\/wp\/v2\/posts\/21572","targetHints":{"allow":["GET"]}}],"collection":[{"href":"https:\/\/minutobahia24h.com.br\/index.php?rest_route=\/wp\/v2\/posts"}],"about":[{"href":"https:\/\/minutobahia24h.com.br\/index.php?rest_route=\/wp\/v2\/types\/post"}],"author":[{"embeddable":true,"href":"https:\/\/minutobahia24h.com.br\/index.php?rest_route=\/wp\/v2\/users\/2"}],"replies":[{"embeddable":true,"href":"https:\/\/minutobahia24h.com.br\/index.php?rest_route=%2Fwp%2Fv2%2Fcomments&post=21572"}],"version-history":[{"count":1,"href":"https:\/\/minutobahia24h.com.br\/index.php?rest_route=\/wp\/v2\/posts\/21572\/revisions"}],"predecessor-version":[{"id":21574,"href":"https:\/\/minutobahia24h.com.br\/index.php?rest_route=\/wp\/v2\/posts\/21572\/revisions\/21574"}],"wp:featuredmedia":[{"embeddable":true,"href":"https:\/\/minutobahia24h.com.br\/index.php?rest_route=\/wp\/v2\/media\/21573"}],"wp:attachment":[{"href":"https:\/\/minutobahia24h.com.br\/index.php?rest_route=%2Fwp%2Fv2%2Fmedia&parent=21572"}],"wp:term":[{"taxonomy":"category","embeddable":true,"href":"https:\/\/minutobahia24h.com.br\/index.php?rest_route=%2Fwp%2Fv2%2Fcategories&post=21572"},{"taxonomy":"post_tag","embeddable":true,"href":"https:\/\/minutobahia24h.com.br\/index.php?rest_route=%2Fwp%2Fv2%2Ftags&post=21572"}],"curies":[{"name":"wp","href":"https:\/\/api.w.org\/{rel}","templated":true}]}}