{"id":21519,"date":"2024-12-30T07:41:54","date_gmt":"2024-12-30T10:41:54","guid":{"rendered":"https:\/\/minutobahia24h.com.br\/?p=21519"},"modified":"2024-12-30T07:41:55","modified_gmt":"2024-12-30T10:41:55","slug":"pis-pasep-entenda-como-fica-o-abono-com-novo-salario-minimo-e-apos-mudanca-de-regra","status":"publish","type":"post","link":"https:\/\/minutobahia24h.com.br\/?p=21519","title":{"rendered":"PIS\/Pasep: entenda como fica o abono com novo sal\u00e1rio m\u00ednimo e ap\u00f3s mudan\u00e7a de regra"},"content":{"rendered":"<div class=\"wp-block-image\">\n<figure class=\"aligncenter size-full\"><img data-recalc-dims=\"1\" fetchpriority=\"high\" decoding=\"async\" width=\"800\" height=\"478\" src=\"https:\/\/i0.wp.com\/minutobahia24h.com.br\/wp-content\/uploads\/2024\/12\/Sem-titulo-414.jpg?resize=800%2C478&#038;ssl=1\" alt=\"\" class=\"wp-image-21520\" srcset=\"https:\/\/i0.wp.com\/minutobahia24h.com.br\/wp-content\/uploads\/2024\/12\/Sem-titulo-414.jpg?w=888&amp;ssl=1 888w, https:\/\/i0.wp.com\/minutobahia24h.com.br\/wp-content\/uploads\/2024\/12\/Sem-titulo-414.jpg?resize=300%2C179&amp;ssl=1 300w, https:\/\/i0.wp.com\/minutobahia24h.com.br\/wp-content\/uploads\/2024\/12\/Sem-titulo-414.jpg?resize=768%2C459&amp;ssl=1 768w, https:\/\/i0.wp.com\/minutobahia24h.com.br\/wp-content\/uploads\/2024\/12\/Sem-titulo-414.jpg?resize=750%2C448&amp;ssl=1 750w\" sizes=\"(max-width: 800px) 100vw, 800px\" \/><figcaption class=\"wp-element-caption\">Mudan\u00e7as no sal\u00e1rio m\u00ednimo e no PIS\/Pasep devem afetar pelo menos 53 milh\u00f5es de trabalhadores \u2014 Foto: Ag\u00eancia O Globo<br><\/figcaption><\/figure>\n<\/div>\n\n\n<p>O presidente Luiz In\u00e1cio\u00a0<a class=\"\" href=\"https:\/\/oglobo.globo.com\/tudo-sobre\/politico\/luiz-inacio-lula-da-silva\">Lula<\/a>\u00a0da Silva sancionou no \u00faltimo s\u00e1bado uma mudan\u00e7a na f\u00f3rmula de reajuste do sal\u00e1rio m\u00ednimo aprovada pelo Congresso Nacional. A partir de agora haver\u00e1 um teto para o ganho real, ou seja, acima da infla\u00e7\u00e3o, do sal\u00e1rio m\u00ednimo. Este percentual ser\u00e1 de 2,5%. Ent\u00e3o, o sal\u00e1rio m\u00ednimo previsto para 2025 \u00e9 de R$ 1.518.<\/p>\n\n\n\n<p>O piso salarial \u00e9\u00a0<a class=\"\" href=\"https:\/\/oglobo.globo.com\/economia\/guia\/novo-salario-minimo-muda-valores-no-inss-pispasep-e-bpc-entenda.ghtml\">par\u00e2metro para v\u00e1rios benef\u00edcios<\/a>, inclusive o pagamento do abono salarial do\u00a0<a class=\"\" href=\"https:\/\/oglobo.globo.com\/tudo-sobre\/assunto\/pis-pasep\/\">PIS\/Pasep<\/a>, que tamb\u00e9m ter\u00e1 novas regras, como est\u00e1 previsto em outro projeto de lei tamb\u00e9m aprovado pelo Congresso pouco antes do Natal. Entenda, abaixo, como vai funcionar.<\/p>\n\n\n\n<h2 class=\"wp-block-heading\">Em 2025<\/h2>\n\n\n\n<p>No ano que vem, nada muda nas regras de acesso ao PIS\/Pasep. Continua tendo direito os trabalhadores da iniciativa privada com carteira assinada e os servidores p\u00fablicos que ganham at\u00e9 dois sal\u00e1rios m\u00ednimos.<\/p>\n\n\n\n<p>O ano-base usado como refer\u00eancia \u00e9 de dois anos anteriores ao pagamento. Dessa forma, em 2025, poder\u00e1 receber o PIS\/Pasep quem recebe at\u00e9 R$ 2.640, j\u00e1 que o piso nacional de 2023 era R$ 1.320. A previs\u00e3o do Minist\u00e9rio do Trabalho estima que 25,8 milh\u00f5es de trabalhadores ter\u00e3o direito ao benef\u00edcio.<\/p>\n\n\n\n<h2 class=\"wp-block-heading\">Em 2026<\/h2>\n\n\n\n<p>A partir de 2026, entra em vigor uma nova regra para o PIS\/Pasep. No futuro, apenas quem ganha at\u00e9 1,5 sal\u00e1rio m\u00ednimo ter\u00e1 direito ao benef\u00edcio. Mas haver\u00e1 uma transi\u00e7\u00e3o.<\/p>\n\n\n\n<p>Em 2026, o limite de R$ 2.640 (teto de sal\u00e1rio para ter direito ao abono no ano que vem) ser\u00e1 corrigido apenas pela infla\u00e7\u00e3o. E ao longo dos anos esse valor ser\u00e1 apenas atualizado pela infla\u00e7\u00e3o, at\u00e9 que seja equivalente a 1,5 sal\u00e1rio m\u00ednimo.<\/p>\n\n\n\n<p>A Proposta de Emenda Constitucional (PEC) que define as altera\u00e7\u00f5es no abono&nbsp;<a class=\"\" href=\"https:\/\/oglobo.globo.com\/economia\/noticia\/2024\/12\/19\/senado-aprova-pec-fiscal-em-1o-turno-com-novas-regras-para-abono-salarial-e-amplia-uso-do-fundeb.ghtml\">foi aprovada pouco antes do Natal<\/a>. As mudan\u00e7as fazem parte do pacote de cortes de gastos proposto pelo governo federal e aprovado pelo Congresso Nacional. A nova f\u00f3rmula de reajuste do sal\u00e1rio m\u00ednimo tamb\u00e9m fez parte do pacote fiscal do govenro.<\/p>\n\n\n<div class=\"wp-block-image\">\n<figure class=\"aligncenter\"><img data-recalc-dims=\"1\" decoding=\"async\" src=\"https:\/\/i0.wp.com\/s2-oglobo.glbimg.com\/DZdwshxOtsYnmw7tnb-5LNwUFrI%3D\/0x0%3A648x572\/984x0\/smart\/filters%3Astrip_icc%28%29\/i.s3.glbimg.com\/v1\/AUTH_da025474c0c44edd99332dddb09cabe8\/internal_photos\/bs\/2024\/Z\/f\/Gdj38tSg6SMzY5OM1BAw\/pis-pasep.jpg?w=800&#038;ssl=1\" alt=\"Quem ser\u00e1 afetado pelas novas regras do sal\u00e1rio m\u00ednimo e do PIS\/Pasep \u2014 Foto: Editoria de Arte\"\/><figcaption class=\"wp-element-caption\">Quem ser\u00e1 afetado pelas novas regras do sal\u00e1rio m\u00ednimo e do PIS\/Pasep \u2014 Foto: Editoria de Arte<\/figcaption><\/figure>\n<\/div>\n\n\n<h2 class=\"wp-block-heading\">Impacto do sal\u00e1rio m\u00ednimo<\/h2>\n\n\n\n<p>O novo valor do sal\u00e1rio m\u00ednimo, que ser\u00e1 de R$ 1.518 a partir de janeiro, tamb\u00e9m vai afetar os 27,4 milh\u00f5es de benefici\u00e1rios do INSS, incluindo aposentados e pensionistas, e idosos e pessoas com defici\u00eancia de baixa renda que recebem o Benef\u00edcio de Presta\u00e7\u00e3o Continuada (BPC\/Loas).<\/p>\n","protected":false},"excerpt":{"rendered":"<p>O presidente Luiz In\u00e1cio\u00a0Lula\u00a0da Silva sancionou no \u00faltimo s\u00e1bado uma mudan\u00e7a na f\u00f3rmula de reajuste do sal\u00e1rio m\u00ednimo aprovada pelo Congresso Nacional. A partir de agora haver\u00e1 um teto para o ganho real, ou seja, acima da infla\u00e7\u00e3o, do sal\u00e1rio m\u00ednimo. Este percentual ser\u00e1 de 2,5%. Ent\u00e3o, o sal\u00e1rio m\u00ednimo previsto para 2025 \u00e9 de [&hellip;]<\/p>\n","protected":false},"author":2,"featured_media":21520,"comment_status":"open","ping_status":"open","sticky":false,"template":"","format":"standard","meta":{"_jetpack_memberships_contains_paid_content":false,"footnotes":""},"categories":[2],"tags":[],"class_list":["post-21519","post","type-post","status-publish","format-standard","has-post-thumbnail","hentry","category-nacional"],"aioseo_notices":[],"jetpack_featured_media_url":"https:\/\/i0.wp.com\/minutobahia24h.com.br\/wp-content\/uploads\/2024\/12\/Sem-titulo-414.jpg?fit=888%2C531&ssl=1","jetpack_sharing_enabled":true,"_links":{"self":[{"href":"https:\/\/minutobahia24h.com.br\/index.php?rest_route=\/wp\/v2\/posts\/21519","targetHints":{"allow":["GET"]}}],"collection":[{"href":"https:\/\/minutobahia24h.com.br\/index.php?rest_route=\/wp\/v2\/posts"}],"about":[{"href":"https:\/\/minutobahia24h.com.br\/index.php?rest_route=\/wp\/v2\/types\/post"}],"author":[{"embeddable":true,"href":"https:\/\/minutobahia24h.com.br\/index.php?rest_route=\/wp\/v2\/users\/2"}],"replies":[{"embeddable":true,"href":"https:\/\/minutobahia24h.com.br\/index.php?rest_route=%2Fwp%2Fv2%2Fcomments&post=21519"}],"version-history":[{"count":1,"href":"https:\/\/minutobahia24h.com.br\/index.php?rest_route=\/wp\/v2\/posts\/21519\/revisions"}],"predecessor-version":[{"id":21521,"href":"https:\/\/minutobahia24h.com.br\/index.php?rest_route=\/wp\/v2\/posts\/21519\/revisions\/21521"}],"wp:featuredmedia":[{"embeddable":true,"href":"https:\/\/minutobahia24h.com.br\/index.php?rest_route=\/wp\/v2\/media\/21520"}],"wp:attachment":[{"href":"https:\/\/minutobahia24h.com.br\/index.php?rest_route=%2Fwp%2Fv2%2Fmedia&parent=21519"}],"wp:term":[{"taxonomy":"category","embeddable":true,"href":"https:\/\/minutobahia24h.com.br\/index.php?rest_route=%2Fwp%2Fv2%2Fcategories&post=21519"},{"taxonomy":"post_tag","embeddable":true,"href":"https:\/\/minutobahia24h.com.br\/index.php?rest_route=%2Fwp%2Fv2%2Ftags&post=21519"}],"curies":[{"name":"wp","href":"https:\/\/api.w.org\/{rel}","templated":true}]}}