{"id":21513,"date":"2024-12-30T07:37:28","date_gmt":"2024-12-30T10:37:28","guid":{"rendered":"https:\/\/minutobahia24h.com.br\/?p=21513"},"modified":"2024-12-30T07:37:29","modified_gmt":"2024-12-30T10:37:29","slug":"vice-prefeita-e-irma-foragidas-pastor-preso-veja-o-que-se-sabe-sobre-assassinato-do-prefeito-de-joao-dias","status":"publish","type":"post","link":"https:\/\/minutobahia24h.com.br\/?p=21513","title":{"rendered":"Vice-prefeita e irm\u00e3 foragidas, pastor preso: veja o que se sabe sobre assassinato do prefeito de Jo\u00e3o Dias"},"content":{"rendered":"<div class=\"wp-block-image\">\n<figure class=\"aligncenter size-full\"><img data-recalc-dims=\"1\" fetchpriority=\"high\" decoding=\"async\" width=\"800\" height=\"416\" src=\"https:\/\/i0.wp.com\/minutobahia24h.com.br\/wp-content\/uploads\/2024\/12\/Sem-titulo-412.jpg?resize=800%2C416&#038;ssl=1\" alt=\"\" class=\"wp-image-21514\" srcset=\"https:\/\/i0.wp.com\/minutobahia24h.com.br\/wp-content\/uploads\/2024\/12\/Sem-titulo-412.jpg?w=984&amp;ssl=1 984w, https:\/\/i0.wp.com\/minutobahia24h.com.br\/wp-content\/uploads\/2024\/12\/Sem-titulo-412.jpg?resize=300%2C156&amp;ssl=1 300w, https:\/\/i0.wp.com\/minutobahia24h.com.br\/wp-content\/uploads\/2024\/12\/Sem-titulo-412.jpg?resize=768%2C400&amp;ssl=1 768w, https:\/\/i0.wp.com\/minutobahia24h.com.br\/wp-content\/uploads\/2024\/12\/Sem-titulo-412.jpg?resize=750%2C390&amp;ssl=1 750w\" sizes=\"(max-width: 800px) 100vw, 800px\" \/><figcaption class=\"wp-element-caption\">Dam\u00e1ria e Leidiane J\u00e1come s\u00e3o suspeitas de mandar matar prefeito de Jo\u00e3o Dias, no RN \u2014 Foto: Reprodu\u00e7\u00e3o<br><br><\/figcaption><\/figure>\n<\/div>\n\n\n<p>A vice-prefeita da cidade de&nbsp;<a class=\"\" href=\"https:\/\/g1.globo.com\/rn\/rio-grande-do-norte\/cidade\/joao-dias\/\">Jo\u00e3o Dias<\/a>, Dam\u00e1ria J\u00e1come (Republicanos), e a vereadora Leidiane J\u00e1come, irm\u00e3 dela, s\u00e3o suspeitas de&nbsp;<a class=\"\" href=\"https:\/\/g1.globo.com\/rn\/rio-grande-do-norte\/noticia\/2024\/08\/27\/prefeito-de-joao-e-dias-rn-e-baleado-e-pai-morre-em-atentado-diz-policia-civil.ghtml\">mandar matar o prefeito Marcelo Oliveira (Uni\u00e3o Brasil) em agosto deste ano. O pai do prefeito tamb\u00e9m foi assassinado<\/a>. As duas s\u00e3o consideradas foragidas, segundo a Pol\u00edcia Civil do Rio Grande do Norte.<\/p>\n\n\n\n<p>Na \u00faltima sexta-feira (27), a Pol\u00edcia Civil prendeu um pastor evang\u00e9lico apontado como um dos mandantes, que teria ajudado a planejar o crime. Outras seis pessoas j\u00e1 tinham sido presas suspeitas de participar da execu\u00e7\u00e3o do crime. As identidades dos demais envolvidos n\u00e3o foram divulgadas pela pol\u00edcia.<\/p>\n\n\n\n<p>Segundo o delegado Alex Wagner, da Divis\u00e3o de Pol\u00edcia do Oeste, o assassinato foi motivado por uma disputa pol\u00edtica e familiar no\u00a0<a class=\"\" href=\"https:\/\/g1.globo.com\/rn\/rio-grande-do-norte\/noticia\/2023\/06\/28\/populacao-de-joao-dias-rn-e-de-2-076-pessoas-aponta-o-censo-do-ibge.ghtml\">munic\u00edpio com pouco mais de 2 mil habitantes<\/a>.<\/p>\n\n\n\n<h2 class=\"wp-block-heading\">Como surgiu a disputa que teria resultado no crime?<\/h2>\n\n\n\n<p><a class=\"\" href=\"https:\/\/g1.globo.com\/rn\/rio-grande-do-norte\/noticia\/2020\/11\/15\/marcelo-oliveira-do-pp-e-eleito-prefeito-de-joao-dias.ghtml\">Marcelo e Dam\u00e1ria disputaram juntos a campanha eleitoral de 2020 e foram vitoriosos<\/a>, ele como candidato a prefeito e ela, vice-prefeita. Ambos representavam fam\u00edlias tradicionais na cidade, lideradas por Sandi Oliveira (pai de Marcelo) e Laete J\u00e1come (pai de Dam\u00e1ria e vereador).<\/p>\n\n\n\n<p>A fam\u00edlia de Laete j\u00e1 era investigada por crimes como o de mil\u00edcia privada.&nbsp;<a class=\"\" href=\"https:\/\/g1.globo.com\/rn\/rio-grande-do-norte\/noticia\/2020\/10\/22\/candidata-a-vice-prefeita-em-cidade-do-rn-e-procurada-pela-policia-suspeita-de-receptacao-e-posse-ilegal-de-armas.ghtml\">Durante a campanha eleitoral de 2020, ele foi preso em flagrante por posse ilegal e recepta\u00e7\u00e3o de armas.&nbsp;<\/a><a class=\"\" href=\"https:\/\/g1.globo.com\/rn\/rio-grande-do-norte\/noticia\/2020\/10\/22\/candidata-a-vice-prefeita-em-cidade-do-rn-e-procurada-pela-policia-suspeita-de-receptacao-e-posse-ilegal-de-armas.ghtml\">Dam\u00e1ria tamb\u00e9m foi considerada foragida da pol\u00edcia, na \u00e9poca.<\/a><\/p>\n\n\n\n<p><a class=\"\" href=\"https:\/\/g1.globo.com\/rn\/rio-grande-do-norte\/noticia\/2024\/08\/28\/prefeito-morto-no-rn-renunciou-meses-depois-da-posse-e-voltou-ao-cargo-apos-denunciar-ter-sofrido-ameacas.ghtml\">Cerca de 7 meses ap\u00f3s tomar posse do cargo, Marcelo pediu afastamento da prefeitura<\/a>&nbsp;e Dam\u00e1ria assumiu a gest\u00e3o municipal em julho de 2021.<\/p>\n\n\n\n<figure class=\"wp-block-image\"><img data-recalc-dims=\"1\" decoding=\"async\" src=\"https:\/\/i0.wp.com\/s2-g1.glbimg.com\/FK6bppwZSK4TZCfsJUhfqwfwvok%3D\/0x0%3A701x593\/984x0\/smart\/filters%3Astrip_icc%28%29\/i.s3.glbimg.com\/v1\/AUTH_59edd422c0c84a879bd37670ae4f538a\/internal_photos\/bs\/2022\/W\/s\/f5ECoVQ8yH2Me9OupAiA\/prefeito-e-prefeita.jpg?w=800&#038;ssl=1\" alt=\"Marcelo Oliveira e Dam\u00e1ria J\u00e1come na campanha eleitoral de 2020 \u2014 Foto: Divulga\u00e7\u00e3o\"\/><\/figure>\n\n\n\n<p>Marcelo Oliveira e Dam\u00e1ria J\u00e1come na campanha eleitoral de 2020 \u2014 Foto: Divulga\u00e7\u00e3o<\/p>\n\n\n\n<p>Em 2022,&nbsp;<a class=\"\" href=\"https:\/\/g1.globo.com\/rn\/rio-grande-do-norte\/noticia\/2022\/10\/26\/justica-do-rn-aceita-pedido-de-retorno-ao-cargo-de-prefeito-que-alegou-renunciar-apos-ser-coagido-por-vice.ghtml\">o prefeito afastado afirmou \u00e0 Justi\u00e7a que foi coagido pela vice-prefeita, al\u00e9m do pai e irm\u00e3os dela, para deixar o cargo<\/a>. Em outubro daquele ano, uma decis\u00e3o da desembargadora Maria Zeneide Bezerra, do Tribunal de Justi\u00e7a do RN, determinou o retorno imediato de Marcelo Oliveira \u00e0 prefeitura.<\/p>\n\n\n\n<p><a class=\"\" href=\"https:\/\/g1.globo.com\/rn\/rio-grande-do-norte\/noticia\/2022\/12\/23\/pai-e-filha-justica-determina-prisao-da-vice-prefeita-e-do-presidente-da-camara-de-joao-dias-no-rn.ghtml\">Em dezembro de 2022, Dam\u00e1ria e Laete J\u00e1come foram afastados dos cargos e tiveram mandados de pris\u00e3o expedidos pela Justi\u00e7a<\/a>. \u00c0 \u00e9poca, os dois negaram qualquer tipo de extors\u00e3o contra o ent\u00e3o prefeito da cidade e alegaram que ele teria renunciado por motiva\u00e7\u00e3o pr\u00f3pria.<\/p>\n\n\n\n<p>Segundo a pol\u00edcia,&nbsp;<strong>a acusa\u00e7\u00e3o de Marcelo e o retorno dele ao cargo gerou uma cis\u00e3o pol\u00edtica e pessoal<\/strong>&nbsp;entre as fam\u00edlias.<\/p>\n\n\n\n<p>Ainda de acordo com o delegado Alex Wagner,&nbsp;a fam\u00edlia da vice-prefeita e da vereadora atribu\u00eda ao prefeito a<a class=\"\" href=\"https:\/\/g1.globo.com\/rn\/rio-grande-do-norte\/noticia\/2021\/10\/20\/prefeita-de-cidade-do-rn-decreta-luto-oficial-pelas-mortes-de-irmaos-em-troca-de-tiros-com-a-policia-na-bahia.ghtml\">&nbsp;morte de dois irm\u00e3os em confronto com a pol\u00edcia na Bahia e a pris\u00e3o de um terceiro<\/a>&nbsp;em 2022. Eles tinham mandados de pris\u00e3o abertos por tr\u00e1fico de drogas.<\/p>\n\n\n\n<blockquote class=\"wp-block-quote is-layout-flow wp-block-quote-is-layout-flow\">\n<p>&#8220;Eles come\u00e7aram a imputar a Marcelo, que estava entregando a localiza\u00e7\u00e3o dessas pessoas. Al\u00e9m de que houve a apreens\u00e3o de um fuzil na cidade, que tamb\u00e9m se imputava que Marcelo teria entregue (a localiza\u00e7\u00e3o)&#8221;, disse o delegado.<\/p>\n<\/blockquote>\n\n\n\n<p>Patriarca da fam\u00edlia da vice-prefeita, Laete morreu de causas naturais no primeiro semestre de 2024.<\/p>\n\n\n\n<h2 class=\"wp-block-heading\">Como o crime foi planejado?<\/h2>\n\n\n\n<p>Segundo a pol\u00edcia, um pastor de 27 anos de idade ajudou no planejamento do assassinato do prefeito de Jo\u00e3o Dias,, Marcelo Oliveira, e o pai dele, Sandi Oliveira, segundo a Pol\u00edcia Civil. Uma opera\u00e7\u00e3o realizada na sexta-feira (27) buscava cumprir seis mandados de pris\u00e3o e outros seis de busca e apreens\u00e3o domiciliar nas cidades de Jo\u00e3o Dias,&nbsp;<a class=\"\" href=\"https:\/\/g1.globo.com\/rn\/rio-grande-do-norte\/cidade\/patu\/\">Patu<\/a>&nbsp;e&nbsp;<a class=\"\" href=\"https:\/\/g1.globo.com\/rn\/rio-grande-do-norte\/cidade\/marcelino-vieira\/\">Marcelino Vieira<\/a>. O pastor foi preso na ocasi\u00e3o.<\/p>\n\n\n\n<p>De acordo com o delegado Alex Wagner, o pastor teria auxiliado o grupo de mandantes a tentar encontrar um lugar ideal para o crime ser cometido. A igreja evang\u00e9lica, inclusive, chegou a ser pensada como possibilidade.<\/p>\n\n\n\n<p>&#8220;A quest\u00e3o do pastor \u00e9 que ele ajudava na log\u00edstica do crime, de encontrar o melhor local pra cometer o crime, o momento mais adequado&#8221;, explicou o delegado.<\/p>\n\n\n\n<blockquote class=\"wp-block-quote is-layout-flow wp-block-quote-is-layout-flow\">\n<p>&#8220;Foi cogitado, inclusive, cometer durante o culto onde o Marcelo [prefeito] visitava, porque era o momento que ele estava vulner\u00e1vel, exposto&#8221;.<\/p>\n<\/blockquote>\n\n\n\n<h2 class=\"wp-block-heading\">O que a defesa da vice-prefeita e da vereadora diz sobre a suspeita da pol\u00edcia?<\/h2>\n\n\n\n<p>Em nota, a defesa das irm\u00e3s informou que &#8220;reafirma a inoc\u00eancia de ambas e a aus\u00eancia de qualquer rela\u00e7\u00e3o com esses crimes&#8221;. Al\u00e9m disso, garantiu que Dam\u00e1ria e a irm\u00e3 n\u00e3o est\u00e3o foragidas.<\/p>\n\n\n\n<blockquote class=\"wp-block-quote is-layout-flow wp-block-quote-is-layout-flow\">\n<p>&#8220;Sequer sabiam dessa opera\u00e7\u00e3o ou de qualquer mandado de pris\u00e3o contra elas. Como \u00e9 comum nesse per\u00edodo, a fam\u00edlia viajou&#8221;, informou a nota.<\/p>\n<\/blockquote>\n\n\n\n<p>Segundo o advogado, &#8220;devido ao clima de inseguran\u00e7a na cidade, Dam\u00e1ria achou por bem ficar longe durante esses dias que antecedem a posse da prefeita eleita, evitando com isso qualquer tipo de problema&#8221;.<\/p>\n\n\n\n<p>O advogado disse ainda que Dam\u00e1ria enviou para todas as autoridades &#8220;den\u00fancias de amea\u00e7as que ela e sua fam\u00edlia est\u00e3o sofrendo e, por seguran\u00e7a, todos sa\u00edram da cidade&#8221;.<\/p>\n\n\n\n<h2 class=\"wp-block-heading\">Como foi o crime?<\/h2>\n\n\n\n<p>Embora fosse conhecido como Marcelo, o nome do prefeito de Jo\u00e3o Dias era&nbsp;<strong>Francisco Dami\u00e3o de Oliveira, de 38 anos.<\/strong><\/p>\n\n\n\n<p>Ele era candidato \u00e0 reelei\u00e7\u00e3o e, junto do pai, estava visitando casas de apoiadores no fim da manh\u00e3 do dia 27 de agosto, por volta das 11h, no conjunto S\u00e3o Geraldo, em Jo\u00e3o Dias, quando criminosos distribu\u00eddos em dois ve\u00edculos chegaram repentinamente ao local e atiraram contra os dois. Um seguran\u00e7a do gestor tamb\u00e9m foi baleado.<\/p>\n\n\n\n<p>O pai do prefeito, Sandi Alves de Oliveira, de 58 anos, morreu na hora. Marcelo chegou a ser socorrido e deu entrada com vida em um hospital de Catol\u00e9 do Rocha, na Para\u00edba, mas n\u00e3o resistiu aos ferimentos. Segundo a pol\u00edcia, ele foi atingido por 11 disparos de arma de fogo.<\/p>\n\n\n\n<h2 class=\"wp-block-heading\">Quantas pessoas foram presas?<\/h2>\n\n\n\n<p>No mesmo dia do crime, as for\u00e7as de seguran\u00e7a do Rio Grande do Norte come\u00e7aram uma for\u00e7a tarefa para prender os assassinos. Al\u00e9m de quatro suspeitos de envolvimento na execu\u00e7\u00e3o, outras 10 pessoas foram presas suspeitas de montar um plano de vingan\u00e7a pelo assassinato do gestor, na ocasi\u00e3o.<\/p>\n\n\n\n<p>Durante a investiga\u00e7\u00e3o outros dois suspeitos de serem executores foram presos. Um homem encontrado morto em uma \u00e1rea de mata tamb\u00e9m foi apontado como um dos envolvidos no crime. A pol\u00edcia acredita que ele foi baleado durante o assassinato do prefeito.<\/p>\n\n\n\n<p>Segundo a Secretaria de Seguran\u00e7a P\u00fablica e Defesa Social do Rio Grande do Norte, o inqu\u00e9rito foi conclu\u00eddo com o indiciamento de oito pessoas como executores e outras cinco como mentores intelectuais do duplo homic\u00eddio, &#8220;al\u00e9m de 10 pessoas j\u00e1 indiciadas por forma\u00e7\u00e3o de mil\u00edcia&#8221;. Dos cinco apontados como mentores intelectuais, apenas o pastor est\u00e1 preso.<\/p>\n\n\n\n<h2 class=\"wp-block-heading\">Como ficou a gest\u00e3o do munic\u00edpio?<\/h2>\n\n\n\n<p>Ap\u00f3s o crime, o irm\u00e3o de Marcelo e filho de Sandi Oliveira,&nbsp;<a class=\"\" href=\"https:\/\/g1.globo.com\/rn\/rio-grande-do-norte\/noticia\/2024\/08\/30\/irmao-de-prefeito-assassinado-toma-posse-da-gestao-de-joao-dias-nao-era-o-caminho-que-eu-esperava-trilhar.ghtml\">Jess\u00e9 Oliveira, ent\u00e3o presidente da C\u00e2mara Municipal, assumiu a gest\u00e3o do munic\u00edpio<\/a>, porque a vice-prefeita Dam\u00e1ria J\u00e1come estava impedida pela Justi\u00e7a. Ele abriu m\u00e3o da candidatura \u00e0 reelei\u00e7\u00e3o ao cargo de vereador.<\/p>\n\n\n\n<p>A esposa do prefeito morto, Fatinha de Marcelo foi escolhida como a candidata do Uni\u00e3o Brasil em subsitui\u00e7\u00e3o do marido e&nbsp;<a class=\"\" href=\"https:\/\/g1.globo.com\/rn\/rio-grande-do-norte\/eleicoes\/2024\/noticia\/2024\/10\/07\/viuva-de-prefeito-assassinado-e-eleita-no-interior-do-rn.ghtml\">eleita no dia 6 de outubro como a gestora municipal a partir de 2025<\/a>.<\/p>\n\n\n\n<p>Dam\u00e1ria J\u00e1come tamb\u00e9m disputou a elei\u00e7\u00e3o para prefeita de Jo\u00e3o Dias em 2024 e ficou em segundo lugar, com 20,8% dos votos.<\/p>\n\n\n\n<figure class=\"wp-block-image\"><img data-recalc-dims=\"1\" decoding=\"async\" src=\"https:\/\/i0.wp.com\/s2-g1.glbimg.com\/50pVT_5J9TZsmvJNrSJXumRbyUg%3D\/0x0%3A1036x571\/984x0\/smart\/filters%3Astrip_icc%28%29\/i.s3.glbimg.com\/v1\/AUTH_59edd422c0c84a879bd37670ae4f538a\/internal_photos\/bs\/2024\/f\/I\/AIKmaKRx2pC9PtWGkA1Q\/operacao-joao-dias.jpg?w=800&#038;ssl=1\" alt=\"Policiais cumprem mandados contra mandantes de assassinato do prefeito de Jo\u00e3o Dias, RN \u2014 Foto: Reprodu\u00e7\u00e3o\"\/><\/figure>\n\n\n\n<p>Policiais cumprem mandados contra mandantes de assassinato do prefeito de Jo\u00e3o Dias, RN \u2014 Foto: Reprodu\u00e7\u00e3o<\/p>\n\n\n\n<h2 class=\"wp-block-heading\">Quem eram as v\u00edtimas<\/h2>\n\n\n\n<p>Eleito pela primeira vez em 2020, Marcelo renunciou ao mandato em julho de 2021, mas voltou \u00e0 Prefeitura em outubro de 2022, depois que&nbsp;<a class=\"\" href=\"https:\/\/g1.globo.com\/rn\/rio-grande-do-norte\/noticia\/2024\/08\/28\/prefeito-morto-no-rn-renunciou-meses-depois-da-posse-e-voltou-ao-cargo-apos-denunciar-ter-sofrido-ameacas.ghtml\">alegou na Justi\u00e7a que tinha sido coagido a abrir m\u00e3o do cargo sob amea\u00e7as da fam\u00edlia da sua ent\u00e3o vice-prefeita, Dam\u00e1ria J\u00e1come<\/a>.<\/p>\n\n\n\n<p>Marcelo j\u00e1 tinha uma carreira pol\u00edtica no munic\u00edpio. Ele foi eleito vereador em 2008 e 2012 e foi candidato a prefeito pela primeira vez em 2016, mas n\u00e3o conseguiu se eleger naquela ocasi\u00e3o.<\/p>\n\n\n\n<figure class=\"wp-block-image\"><img data-recalc-dims=\"1\" decoding=\"async\" src=\"https:\/\/i0.wp.com\/s2-g1.glbimg.com\/x9CAgfySNJ-IB6PZWTfB8TyhSmg%3D\/0x0%3A1080x1080\/984x0\/smart\/filters%3Astrip_icc%28%29\/i.s3.glbimg.com\/v1\/AUTH_59edd422c0c84a879bd37670ae4f538a\/internal_photos\/bs\/2024\/Y\/D\/fvA0WURoSXxE93xiV1mQ\/whatsapp-image-2024-08-27-at-12.54.33.jpeg?w=800&#038;ssl=1\" alt=\"Marcelo Oliveira, prefeito de Jo\u00e3o Dias, foi assassinado em agosto \u2014 Foto: Redes sociais\"\/><\/figure>\n\n\n\n<p>Marcelo Oliveira, prefeito de Jo\u00e3o Dias, foi assassinado em agosto \u2014 Foto: Redes sociais<\/p>\n\n\n\n<p>Pai de Marcelo, Sandi Alves de Oliveira, de 58 anos, tamb\u00e9m j\u00e1 tinha sido vereador do munic\u00edpio e era apontado pelo filho como sua inspira\u00e7\u00e3o na pol\u00edtica.<\/p>\n\n\n\n<p>Jo\u00e3o Dias \u00e9 o terceiro menor munic\u00edpio do Rio Grande do Norte, com pouco mais de 2 mil habitantes, segundo o IBGE. Ainda de acordo com o instituto, a cidade localizada na regi\u00e3o do Alto Oeste, na divisa com a Para\u00edba, contava com apenas 294 pessoas ocupadas em 2022, com rendimento m\u00e9dio de 1,5 sal\u00e1rio m\u00ednimo.<\/p>\n","protected":false},"excerpt":{"rendered":"<p>A vice-prefeita da cidade de&nbsp;Jo\u00e3o Dias, Dam\u00e1ria J\u00e1come (Republicanos), e a vereadora Leidiane J\u00e1come, irm\u00e3 dela, s\u00e3o suspeitas de&nbsp;mandar matar o prefeito Marcelo Oliveira (Uni\u00e3o Brasil) em agosto deste ano. O pai do prefeito tamb\u00e9m foi assassinado. As duas s\u00e3o consideradas foragidas, segundo a Pol\u00edcia Civil do Rio Grande do Norte. Na \u00faltima sexta-feira (27), [&hellip;]<\/p>\n","protected":false},"author":2,"featured_media":21514,"comment_status":"open","ping_status":"open","sticky":false,"template":"","format":"standard","meta":{"_jetpack_memberships_contains_paid_content":false,"footnotes":""},"categories":[46],"tags":[],"class_list":["post-21513","post","type-post","status-publish","format-standard","has-post-thumbnail","hentry","category-noticia"],"aioseo_notices":[],"jetpack_featured_media_url":"https:\/\/i0.wp.com\/minutobahia24h.com.br\/wp-content\/uploads\/2024\/12\/Sem-titulo-412.jpg?fit=984%2C512&ssl=1","jetpack_sharing_enabled":true,"_links":{"self":[{"href":"https:\/\/minutobahia24h.com.br\/index.php?rest_route=\/wp\/v2\/posts\/21513","targetHints":{"allow":["GET"]}}],"collection":[{"href":"https:\/\/minutobahia24h.com.br\/index.php?rest_route=\/wp\/v2\/posts"}],"about":[{"href":"https:\/\/minutobahia24h.com.br\/index.php?rest_route=\/wp\/v2\/types\/post"}],"author":[{"embeddable":true,"href":"https:\/\/minutobahia24h.com.br\/index.php?rest_route=\/wp\/v2\/users\/2"}],"replies":[{"embeddable":true,"href":"https:\/\/minutobahia24h.com.br\/index.php?rest_route=%2Fwp%2Fv2%2Fcomments&post=21513"}],"version-history":[{"count":1,"href":"https:\/\/minutobahia24h.com.br\/index.php?rest_route=\/wp\/v2\/posts\/21513\/revisions"}],"predecessor-version":[{"id":21515,"href":"https:\/\/minutobahia24h.com.br\/index.php?rest_route=\/wp\/v2\/posts\/21513\/revisions\/21515"}],"wp:featuredmedia":[{"embeddable":true,"href":"https:\/\/minutobahia24h.com.br\/index.php?rest_route=\/wp\/v2\/media\/21514"}],"wp:attachment":[{"href":"https:\/\/minutobahia24h.com.br\/index.php?rest_route=%2Fwp%2Fv2%2Fmedia&parent=21513"}],"wp:term":[{"taxonomy":"category","embeddable":true,"href":"https:\/\/minutobahia24h.com.br\/index.php?rest_route=%2Fwp%2Fv2%2Fcategories&post=21513"},{"taxonomy":"post_tag","embeddable":true,"href":"https:\/\/minutobahia24h.com.br\/index.php?rest_route=%2Fwp%2Fv2%2Ftags&post=21513"}],"curies":[{"name":"wp","href":"https:\/\/api.w.org\/{rel}","templated":true}]}}