{"id":21486,"date":"2024-12-30T07:07:37","date_gmt":"2024-12-30T10:07:37","guid":{"rendered":"https:\/\/minutobahia24h.com.br\/?p=21486"},"modified":"2024-12-30T07:07:39","modified_gmt":"2024-12-30T10:07:39","slug":"motorista-de-transporte-alternativo-morre-em-acidente-na-ba-120","status":"publish","type":"post","link":"https:\/\/minutobahia24h.com.br\/?p=21486","title":{"rendered":"Motorista de transporte alternativo morre em acidente na BA 120"},"content":{"rendered":"<div class=\"wp-block-image\">\n<figure class=\"aligncenter size-full\"><img data-recalc-dims=\"1\" fetchpriority=\"high\" decoding=\"async\" width=\"486\" height=\"341\" src=\"https:\/\/i0.wp.com\/minutobahia24h.com.br\/wp-content\/uploads\/2024\/12\/Sem-titulo-403.jpg?resize=486%2C341&#038;ssl=1\" alt=\"\" class=\"wp-image-21487\" srcset=\"https:\/\/i0.wp.com\/minutobahia24h.com.br\/wp-content\/uploads\/2024\/12\/Sem-titulo-403.jpg?w=486&amp;ssl=1 486w, https:\/\/i0.wp.com\/minutobahia24h.com.br\/wp-content\/uploads\/2024\/12\/Sem-titulo-403.jpg?resize=300%2C210&amp;ssl=1 300w\" sizes=\"(max-width: 486px) 100vw, 486px\" \/><\/figure>\n<\/div>\n\n\n<p>Um grav\u00edssimo acidente, tipo colis\u00e3o frontal, envolvendo uma SW4 e um Chevrolet Celta no fim da tarde deste domingo, 29, na BA 120, trecho que liga a sede do munic\u00edpio de Valente \u00e0 entrada para o Povoado Santana, deixou uma v\u00edtima fatal e outras feridas.<\/p>\n\n\n\n<p>Fabr\u00edcio G\u00f3is, morador do Santana, que fica a cerca de 1 km do local do acidente, conduzia o Celta quando colidiu de frente com a SW4, o impacto da batida foi t\u00e3o forte que ele ficou preso \u00e0s ferragens. Ambul\u00e2ncias do SAMU estiveram no local, as equipes m\u00e9dicas encontraram o mesmo com sinais vitais, por\u00e9m, faleceu durante o atendimento.<\/p>\n\n\n\n<p>Segundo informa\u00e7\u00f5es de testemunhas, Fabr\u00edcio seguia no sentido Retirol\u00e2ndia quando teria tentado livra-se de uma motocicleta e acabou batendo contra o outro ve\u00edculo que trafegava no sentido contr\u00e1rio.<\/p>\n\n\n<div class=\"wp-block-image\">\n<figure class=\"aligncenter\" id=\"attachment_315467\"><img decoding=\"async\" src=\"https:\/\/i0.wp.com\/www.calilanoticias.com\/wp-content\/uploads\/2024\/12\/fabricio.jpeg?resize=650%2C542&amp;ssl=1\" alt=\"\" class=\"wp-image-315467\"\/><figcaption class=\"wp-element-caption\">Fabricio chegou a ser atendido pelo SAMU, mas n\u00e3o resistiu<\/figcaption><\/figure>\n<\/div>\n\n\n<p>Ainda de acordo com informa\u00e7\u00f5es, a SW4 era conduzida por um motorista de Concei\u00e7\u00e3o do Coit\u00e9, cuja identidade n\u00e3o tinha sido divulgada at\u00e9 a publica\u00e7\u00e3o desta reportagem. Ele e outras duas pessoas tiveram ferimentos leves.<a><\/a><\/p>\n\n\n\n<p>Informa\u00e7\u00f5es passadas ao Calila Not\u00edcias d\u00e3o conta que Fabr\u00edcio fazia transporte ligeirinho de Valente para Coite e tamb\u00e9m no transporte de alunos da prefeitura de Valente.<\/p>\n\n\n\n<p>Calila Not\u00edcias<\/p>\n","protected":false},"excerpt":{"rendered":"<p>Um grav\u00edssimo acidente, tipo colis\u00e3o frontal, envolvendo uma SW4 e um Chevrolet Celta no fim da tarde deste domingo, 29, na BA 120, trecho que liga a sede do munic\u00edpio de Valente \u00e0 entrada para o Povoado Santana, deixou uma v\u00edtima fatal e outras feridas. Fabr\u00edcio G\u00f3is, morador do Santana, que fica a cerca de [&hellip;]<\/p>\n","protected":false},"author":2,"featured_media":21487,"comment_status":"open","ping_status":"open","sticky":false,"template":"","format":"standard","meta":{"_jetpack_memberships_contains_paid_content":false,"footnotes":""},"categories":[46],"tags":[],"class_list":["post-21486","post","type-post","status-publish","format-standard","has-post-thumbnail","hentry","category-noticia"],"aioseo_notices":[],"jetpack_featured_media_url":"https:\/\/i0.wp.com\/minutobahia24h.com.br\/wp-content\/uploads\/2024\/12\/Sem-titulo-403.jpg?fit=486%2C341&ssl=1","jetpack_sharing_enabled":true,"_links":{"self":[{"href":"https:\/\/minutobahia24h.com.br\/index.php?rest_route=\/wp\/v2\/posts\/21486","targetHints":{"allow":["GET"]}}],"collection":[{"href":"https:\/\/minutobahia24h.com.br\/index.php?rest_route=\/wp\/v2\/posts"}],"about":[{"href":"https:\/\/minutobahia24h.com.br\/index.php?rest_route=\/wp\/v2\/types\/post"}],"author":[{"embeddable":true,"href":"https:\/\/minutobahia24h.com.br\/index.php?rest_route=\/wp\/v2\/users\/2"}],"replies":[{"embeddable":true,"href":"https:\/\/minutobahia24h.com.br\/index.php?rest_route=%2Fwp%2Fv2%2Fcomments&post=21486"}],"version-history":[{"count":1,"href":"https:\/\/minutobahia24h.com.br\/index.php?rest_route=\/wp\/v2\/posts\/21486\/revisions"}],"predecessor-version":[{"id":21488,"href":"https:\/\/minutobahia24h.com.br\/index.php?rest_route=\/wp\/v2\/posts\/21486\/revisions\/21488"}],"wp:featuredmedia":[{"embeddable":true,"href":"https:\/\/minutobahia24h.com.br\/index.php?rest_route=\/wp\/v2\/media\/21487"}],"wp:attachment":[{"href":"https:\/\/minutobahia24h.com.br\/index.php?rest_route=%2Fwp%2Fv2%2Fmedia&parent=21486"}],"wp:term":[{"taxonomy":"category","embeddable":true,"href":"https:\/\/minutobahia24h.com.br\/index.php?rest_route=%2Fwp%2Fv2%2Fcategories&post=21486"},{"taxonomy":"post_tag","embeddable":true,"href":"https:\/\/minutobahia24h.com.br\/index.php?rest_route=%2Fwp%2Fv2%2Ftags&post=21486"}],"curies":[{"name":"wp","href":"https:\/\/api.w.org\/{rel}","templated":true}]}}