{"id":21471,"date":"2024-12-30T06:47:02","date_gmt":"2024-12-30T09:47:02","guid":{"rendered":"https:\/\/minutobahia24h.com.br\/?p=21471"},"modified":"2024-12-30T06:47:03","modified_gmt":"2024-12-30T09:47:03","slug":"deputado-bobo-participa-de-encontros-com-novos-policiais-e-apoia-iniciativas-sociais-em-senhor-do-bonfim","status":"publish","type":"post","link":"https:\/\/minutobahia24h.com.br\/?p=21471","title":{"rendered":"Deputado Bob\u00f4 participa de encontros com novos policiais e apoia iniciativas sociais em Senhor do Bonfim"},"content":{"rendered":"<div class=\"wp-block-image\">\n<figure class=\"aligncenter size-large\"><img data-recalc-dims=\"1\" fetchpriority=\"high\" decoding=\"async\" width=\"800\" height=\"640\" src=\"https:\/\/i0.wp.com\/minutobahia24h.com.br\/wp-content\/uploads\/2024\/12\/WhatsApp-Image-2024-12-28-at-15.16.57-1024x819.jpeg?resize=800%2C640&#038;ssl=1\" alt=\"\" class=\"wp-image-21472\" srcset=\"https:\/\/i0.wp.com\/minutobahia24h.com.br\/wp-content\/uploads\/2024\/12\/WhatsApp-Image-2024-12-28-at-15.16.57.jpeg?resize=1024%2C819&amp;ssl=1 1024w, https:\/\/i0.wp.com\/minutobahia24h.com.br\/wp-content\/uploads\/2024\/12\/WhatsApp-Image-2024-12-28-at-15.16.57.jpeg?resize=300%2C240&amp;ssl=1 300w, https:\/\/i0.wp.com\/minutobahia24h.com.br\/wp-content\/uploads\/2024\/12\/WhatsApp-Image-2024-12-28-at-15.16.57.jpeg?resize=768%2C614&amp;ssl=1 768w, https:\/\/i0.wp.com\/minutobahia24h.com.br\/wp-content\/uploads\/2024\/12\/WhatsApp-Image-2024-12-28-at-15.16.57.jpeg?resize=1536%2C1229&amp;ssl=1 1536w, https:\/\/i0.wp.com\/minutobahia24h.com.br\/wp-content\/uploads\/2024\/12\/WhatsApp-Image-2024-12-28-at-15.16.57.jpeg?resize=750%2C600&amp;ssl=1 750w, https:\/\/i0.wp.com\/minutobahia24h.com.br\/wp-content\/uploads\/2024\/12\/WhatsApp-Image-2024-12-28-at-15.16.57.jpeg?resize=1140%2C912&amp;ssl=1 1140w, https:\/\/i0.wp.com\/minutobahia24h.com.br\/wp-content\/uploads\/2024\/12\/WhatsApp-Image-2024-12-28-at-15.16.57.jpeg?w=1600&amp;ssl=1 1600w\" sizes=\"(max-width: 800px) 100vw, 800px\" \/><\/figure>\n<\/div>\n\n\n<p>Dando continuidade \u00e0 sua agenda de compromissos na regi\u00e3o de Senhor do Bonfim, o deputado estadual Bob\u00f4 participou, na \u00faltima sexta-feira (27), de um importante encontro com os 30 novos policiais militares que ir\u00e3o refor\u00e7ar a seguran\u00e7a p\u00fablica do munic\u00edpio. O evento foi organizado pelo comandante do 6\u00ba Batalh\u00e3o de Pol\u00edcia Militar, Tenente-Coronel Luiz Henrique.<\/p>\n\n\n\n<p>Durante o encontro, Bob\u00f4 teve a oportunidade de conhecer os novos integrantes da corpora\u00e7\u00e3o e, em seu discurso, agradeceu o convite, destacando a import\u00e2ncia do trabalho dos policiais para a seguran\u00e7a da popula\u00e7\u00e3o. O deputado ressaltou tamb\u00e9m a destina\u00e7\u00e3o de R$ 300 mil, por meio de emenda parlamentar, para a aquisi\u00e7\u00e3o de uma base m\u00f3vel que ser\u00e1 utilizada pelo 6\u00ba BPM, aprimorando os servi\u00e7os prestados \u00e0 comunidade.<\/p>\n\n\n<div class=\"wp-block-image\">\n<figure class=\"aligncenter size-large\"><img data-recalc-dims=\"1\" decoding=\"async\" width=\"800\" height=\"450\" src=\"https:\/\/i0.wp.com\/minutobahia24h.com.br\/wp-content\/uploads\/2024\/12\/WhatsApp-Image-2024-12-28-at-15.17.00-1024x576.jpeg?resize=800%2C450&#038;ssl=1\" alt=\"\" class=\"wp-image-21473\" srcset=\"https:\/\/i0.wp.com\/minutobahia24h.com.br\/wp-content\/uploads\/2024\/12\/WhatsApp-Image-2024-12-28-at-15.17.00.jpeg?resize=1024%2C576&amp;ssl=1 1024w, https:\/\/i0.wp.com\/minutobahia24h.com.br\/wp-content\/uploads\/2024\/12\/WhatsApp-Image-2024-12-28-at-15.17.00.jpeg?resize=300%2C169&amp;ssl=1 300w, https:\/\/i0.wp.com\/minutobahia24h.com.br\/wp-content\/uploads\/2024\/12\/WhatsApp-Image-2024-12-28-at-15.17.00.jpeg?resize=768%2C432&amp;ssl=1 768w, https:\/\/i0.wp.com\/minutobahia24h.com.br\/wp-content\/uploads\/2024\/12\/WhatsApp-Image-2024-12-28-at-15.17.00.jpeg?resize=1536%2C864&amp;ssl=1 1536w, https:\/\/i0.wp.com\/minutobahia24h.com.br\/wp-content\/uploads\/2024\/12\/WhatsApp-Image-2024-12-28-at-15.17.00.jpeg?resize=750%2C422&amp;ssl=1 750w, https:\/\/i0.wp.com\/minutobahia24h.com.br\/wp-content\/uploads\/2024\/12\/WhatsApp-Image-2024-12-28-at-15.17.00.jpeg?resize=1140%2C641&amp;ssl=1 1140w, https:\/\/i0.wp.com\/minutobahia24h.com.br\/wp-content\/uploads\/2024\/12\/WhatsApp-Image-2024-12-28-at-15.17.00.jpeg?w=1600&amp;ssl=1 1600w\" sizes=\"(max-width: 800px) 100vw, 800px\" \/><\/figure>\n<\/div>\n\n\n<p>\u201c\u00c9 fundamental apoiar nossas for\u00e7as de seguran\u00e7a. Com o refor\u00e7o desses novos policiais, temos a certeza de uma cidade mais segura. Al\u00e9m disso, a emenda parlamentar que destinei vai contribuir para a estrutura da Pol\u00edcia Militar no combate \u00e0 criminalidade\u201d, afirmou Bob\u00f4.<\/p>\n\n\n\n<p>Em sua fala de encerramento, o Tenente-Coronel Luiz Henrique anunciou que o distrito de Igara passar\u00e1 a contar com um pelot\u00e3o pr\u00f3prio, formado por policiais da CETO, atendendo \u00e0s solicita\u00e7\u00f5es pela presen\u00e7a de policiais na regi\u00e3o e devido \u00e0 dist\u00e2ncia do distrito em rela\u00e7\u00e3o \u00e0 sede do munic\u00edpio. O comandante agradeceu o apoio constante do deputado Bob\u00f4 \u00e0 Pol\u00edcia Militar, destacando o carinho, respeito e compromisso do parlamentar com a seguran\u00e7a p\u00fablica da Bahia.<\/p>\n\n\n\n<p>Estiveram presentes no evento lideran\u00e7as pol\u00edticas, como o Professor Helder Amorim, a vereadora L\u00facia Cerqueira, o vereador eleito Jeorge Catatau e o secret\u00e1rio executivo do cons\u00f3rcio, Toinho Cerqueira. Tamb\u00e9m participaram autoridades militares, como o subcomandante do 6\u00ba BPM, Major Teixeira, e o chefe da CPO, Major PM Robston.<\/p>\n\n\n\n<p>Ap\u00f3s o encontro com os policiais, Bob\u00f4 seguiu para uma reuni\u00e3o com os membros da Associa\u00e7\u00e3o Maravilha Recicl\u00e1veis, realizada na sede do Centro Social Urbano (CSU), no bairro Alto da Maravilha. A associa\u00e7\u00e3o, que trabalha com a produ\u00e7\u00e3o de vassouras recicl\u00e1veis feitas de garrafas PET e sab\u00e3o ecol\u00f3gico, agradeceu o apoio do deputado e apresentou novos projetos. Bob\u00f4 se comprometeu a discutir, junto ao secret\u00e1rio de Assist\u00eancia e Desenvolvimento Social, Jos\u00e9 Leal, op\u00e7\u00f5es para o fortalecimento da associa\u00e7\u00e3o e a implementa\u00e7\u00e3o de cursos de capacita\u00e7\u00e3o para os moradores do bairro Alto da Maravilha.<\/p>\n\n\n<div class=\"wp-block-image\">\n<figure class=\"aligncenter size-large\"><img data-recalc-dims=\"1\" decoding=\"async\" width=\"800\" height=\"484\" src=\"https:\/\/i0.wp.com\/minutobahia24h.com.br\/wp-content\/uploads\/2024\/12\/WhatsApp-Image-2024-12-28-at-15.17.01-1-1024x620.jpeg?resize=800%2C484&#038;ssl=1\" alt=\"\" class=\"wp-image-21474\" srcset=\"https:\/\/i0.wp.com\/minutobahia24h.com.br\/wp-content\/uploads\/2024\/12\/WhatsApp-Image-2024-12-28-at-15.17.01-1.jpeg?resize=1024%2C620&amp;ssl=1 1024w, https:\/\/i0.wp.com\/minutobahia24h.com.br\/wp-content\/uploads\/2024\/12\/WhatsApp-Image-2024-12-28-at-15.17.01-1.jpeg?resize=300%2C182&amp;ssl=1 300w, https:\/\/i0.wp.com\/minutobahia24h.com.br\/wp-content\/uploads\/2024\/12\/WhatsApp-Image-2024-12-28-at-15.17.01-1.jpeg?resize=768%2C465&amp;ssl=1 768w, https:\/\/i0.wp.com\/minutobahia24h.com.br\/wp-content\/uploads\/2024\/12\/WhatsApp-Image-2024-12-28-at-15.17.01-1.jpeg?resize=1536%2C929&amp;ssl=1 1536w, https:\/\/i0.wp.com\/minutobahia24h.com.br\/wp-content\/uploads\/2024\/12\/WhatsApp-Image-2024-12-28-at-15.17.01-1.jpeg?resize=750%2C454&amp;ssl=1 750w, https:\/\/i0.wp.com\/minutobahia24h.com.br\/wp-content\/uploads\/2024\/12\/WhatsApp-Image-2024-12-28-at-15.17.01-1.jpeg?resize=1140%2C690&amp;ssl=1 1140w, https:\/\/i0.wp.com\/minutobahia24h.com.br\/wp-content\/uploads\/2024\/12\/WhatsApp-Image-2024-12-28-at-15.17.01-1.jpeg?w=1600&amp;ssl=1 1600w\" sizes=\"(max-width: 800px) 100vw, 800px\" \/><\/figure>\n<\/div>\n\n\n<p>Essas a\u00e7\u00f5es refor\u00e7am o compromisso do deputado Bob\u00f4 com a seguran\u00e7a p\u00fablica e o desenvolvimento social, evidenciando seu papel como interlocutor entre a popula\u00e7\u00e3o e os \u00f3rg\u00e3os do governo, promovendo melhorias significativas na vida da popula\u00e7\u00e3o de Senhor do Bonfim.<\/p>\n\n\n<div class=\"wp-block-image\">\n<figure class=\"aligncenter size-large\"><img data-recalc-dims=\"1\" loading=\"lazy\" decoding=\"async\" width=\"800\" height=\"449\" src=\"https:\/\/i0.wp.com\/minutobahia24h.com.br\/wp-content\/uploads\/2024\/12\/WhatsApp-Image-2024-12-28-at-15.17.01-1024x575.jpeg?resize=800%2C449&#038;ssl=1\" alt=\"\" class=\"wp-image-21475\" srcset=\"https:\/\/i0.wp.com\/minutobahia24h.com.br\/wp-content\/uploads\/2024\/12\/WhatsApp-Image-2024-12-28-at-15.17.01.jpeg?resize=1024%2C575&amp;ssl=1 1024w, https:\/\/i0.wp.com\/minutobahia24h.com.br\/wp-content\/uploads\/2024\/12\/WhatsApp-Image-2024-12-28-at-15.17.01.jpeg?resize=300%2C168&amp;ssl=1 300w, https:\/\/i0.wp.com\/minutobahia24h.com.br\/wp-content\/uploads\/2024\/12\/WhatsApp-Image-2024-12-28-at-15.17.01.jpeg?resize=768%2C431&amp;ssl=1 768w, https:\/\/i0.wp.com\/minutobahia24h.com.br\/wp-content\/uploads\/2024\/12\/WhatsApp-Image-2024-12-28-at-15.17.01.jpeg?resize=1536%2C862&amp;ssl=1 1536w, https:\/\/i0.wp.com\/minutobahia24h.com.br\/wp-content\/uploads\/2024\/12\/WhatsApp-Image-2024-12-28-at-15.17.01.jpeg?resize=750%2C421&amp;ssl=1 750w, https:\/\/i0.wp.com\/minutobahia24h.com.br\/wp-content\/uploads\/2024\/12\/WhatsApp-Image-2024-12-28-at-15.17.01.jpeg?resize=1140%2C640&amp;ssl=1 1140w, https:\/\/i0.wp.com\/minutobahia24h.com.br\/wp-content\/uploads\/2024\/12\/WhatsApp-Image-2024-12-28-at-15.17.01.jpeg?w=1600&amp;ssl=1 1600w\" sizes=\"(max-width: 800px) 100vw, 800px\" \/><\/figure>\n<\/div>","protected":false},"excerpt":{"rendered":"<p>Dando continuidade \u00e0 sua agenda de compromissos na regi\u00e3o de Senhor do Bonfim, o deputado estadual Bob\u00f4 participou, na \u00faltima sexta-feira (27), de um importante encontro com os 30 novos policiais militares que ir\u00e3o refor\u00e7ar a seguran\u00e7a p\u00fablica do munic\u00edpio. O evento foi organizado pelo comandante do 6\u00ba Batalh\u00e3o de Pol\u00edcia Militar, Tenente-Coronel Luiz Henrique. [&hellip;]<\/p>\n","protected":false},"author":2,"featured_media":21472,"comment_status":"open","ping_status":"open","sticky":false,"template":"","format":"standard","meta":{"_jetpack_memberships_contains_paid_content":false,"footnotes":""},"categories":[3],"tags":[],"class_list":["post-21471","post","type-post","status-publish","format-standard","has-post-thumbnail","hentry","category-regional"],"aioseo_notices":[],"jetpack_featured_media_url":"https:\/\/i0.wp.com\/minutobahia24h.com.br\/wp-content\/uploads\/2024\/12\/WhatsApp-Image-2024-12-28-at-15.16.57.jpeg?fit=1600%2C1280&ssl=1","jetpack_sharing_enabled":true,"_links":{"self":[{"href":"https:\/\/minutobahia24h.com.br\/index.php?rest_route=\/wp\/v2\/posts\/21471","targetHints":{"allow":["GET"]}}],"collection":[{"href":"https:\/\/minutobahia24h.com.br\/index.php?rest_route=\/wp\/v2\/posts"}],"about":[{"href":"https:\/\/minutobahia24h.com.br\/index.php?rest_route=\/wp\/v2\/types\/post"}],"author":[{"embeddable":true,"href":"https:\/\/minutobahia24h.com.br\/index.php?rest_route=\/wp\/v2\/users\/2"}],"replies":[{"embeddable":true,"href":"https:\/\/minutobahia24h.com.br\/index.php?rest_route=%2Fwp%2Fv2%2Fcomments&post=21471"}],"version-history":[{"count":1,"href":"https:\/\/minutobahia24h.com.br\/index.php?rest_route=\/wp\/v2\/posts\/21471\/revisions"}],"predecessor-version":[{"id":21476,"href":"https:\/\/minutobahia24h.com.br\/index.php?rest_route=\/wp\/v2\/posts\/21471\/revisions\/21476"}],"wp:featuredmedia":[{"embeddable":true,"href":"https:\/\/minutobahia24h.com.br\/index.php?rest_route=\/wp\/v2\/media\/21472"}],"wp:attachment":[{"href":"https:\/\/minutobahia24h.com.br\/index.php?rest_route=%2Fwp%2Fv2%2Fmedia&parent=21471"}],"wp:term":[{"taxonomy":"category","embeddable":true,"href":"https:\/\/minutobahia24h.com.br\/index.php?rest_route=%2Fwp%2Fv2%2Fcategories&post=21471"},{"taxonomy":"post_tag","embeddable":true,"href":"https:\/\/minutobahia24h.com.br\/index.php?rest_route=%2Fwp%2Fv2%2Ftags&post=21471"}],"curies":[{"name":"wp","href":"https:\/\/api.w.org\/{rel}","templated":true}]}}