{"id":21334,"date":"2024-12-26T07:58:31","date_gmt":"2024-12-26T10:58:31","guid":{"rendered":"https:\/\/minutobahia24h.com.br\/?p=21334"},"modified":"2024-12-26T07:58:32","modified_gmt":"2024-12-26T10:58:32","slug":"morre-ney-latorraca-aos-80-anos-em-decorrencia-de-agravamento-de-cancer","status":"publish","type":"post","link":"https:\/\/minutobahia24h.com.br\/?p=21334","title":{"rendered":"Morre Ney Latorraca, aos 80 anos, em decorr\u00eancia de agravamento de c\u00e2ncer"},"content":{"rendered":"<div class=\"wp-block-image\">\n<figure class=\"aligncenter size-full\"><img data-recalc-dims=\"1\" fetchpriority=\"high\" decoding=\"async\" width=\"800\" height=\"583\" src=\"https:\/\/i0.wp.com\/minutobahia24h.com.br\/wp-content\/uploads\/2024\/12\/Sem-titulo-367.jpg?resize=800%2C583&#038;ssl=1\" alt=\"\" class=\"wp-image-21335\" srcset=\"https:\/\/i0.wp.com\/minutobahia24h.com.br\/wp-content\/uploads\/2024\/12\/Sem-titulo-367.jpg?w=884&amp;ssl=1 884w, https:\/\/i0.wp.com\/minutobahia24h.com.br\/wp-content\/uploads\/2024\/12\/Sem-titulo-367.jpg?resize=300%2C219&amp;ssl=1 300w, https:\/\/i0.wp.com\/minutobahia24h.com.br\/wp-content\/uploads\/2024\/12\/Sem-titulo-367.jpg?resize=768%2C559&amp;ssl=1 768w, https:\/\/i0.wp.com\/minutobahia24h.com.br\/wp-content\/uploads\/2024\/12\/Sem-titulo-367.jpg?resize=120%2C86&amp;ssl=1 120w, https:\/\/i0.wp.com\/minutobahia24h.com.br\/wp-content\/uploads\/2024\/12\/Sem-titulo-367.jpg?resize=750%2C546&amp;ssl=1 750w\" sizes=\"(max-width: 800px) 100vw, 800px\" \/><figcaption class=\"wp-element-caption\">Ney Latorraca \u2014 Foto: Reprodu\u00e7\u00e3o\/YouTube<br><\/figcaption><\/figure>\n<\/div>\n\n\n<p>O ator\u00a0<a class=\"\" href=\"https:\/\/revistaquem.globo.com\/famoso\/ney-latorraca\/\">Ney Latorraca<\/a>\u00a0morreu aos 80 anos na manh\u00e3 desta quinta-feira (26) em decorr\u00eancia de uma sepse pulmonar, consequ\u00eancia do agravamento de um c\u00e2ncer de pr\u00f3stata. O artista foi diagnosticado com a doen\u00e7a em 2019 e estava internado na Cl\u00ednica S\u00e3o Vicente da G\u00e1vea, na zona sul do Rio de Janeiro, desde o \u00faltimo dia 20.<\/p>\n\n\n\n<p>Quando recebeu o diagn\u00f3stico, Ney chegou a ser operado para a remo\u00e7\u00e3o da pr\u00f3stata e n\u00e3o apresentou mais sinais da doen\u00e7a at\u00e9 agosto deste ano, quando o c\u00e2ncer voltou em met\u00e1stase \u2013 espalhado por diferentes regi\u00f5es do corpo. O artista chegou a passar por um tratamento inicial, mas n\u00e3o obteve sucesso.<\/p>\n\n\n\n<p>Nascido na cidade de Santos, litoral de S\u00e3o Paulo, em 1944, Antonio Ney Latorraca come\u00e7ou na carreira art\u00edstica aos 6 anos, quando fez uma participa\u00e7\u00e3o em uma radionovela da Record. Durante a adolesc\u00eancia e juventude nos anos 1970, continuou como ator no teatro e atuou em diferentes espet\u00e1culos, como\u00a0<em>Hair\u00a0<\/em>(1970),\u00a0<em>Jesus Cristo Superstar<\/em>\u00a0(1972),\u00a0<em>Bodas de Sangue<\/em>\u00a0(1973) e\u00a0<em>A Mandr\u00e1gora<\/em>\u00a0(1975).<\/p>\n\n\n\n<p><a href=\"https:\/\/revistaquem.globo.com\/noticias\/noticia\/2024\/12\/morre-ney-latorraca-em-decorrencia-de-cancer-de-prostata.ghtml#\"><\/a><a href=\"https:\/\/revistaquem.globo.com\/noticias\/noticia\/2024\/12\/terceiro-filho-casa-nova-mimos-e-polemicas-relembre-o-ano-de-virginia-fonseca.ghtml\"><\/a><\/p>\n","protected":false},"excerpt":{"rendered":"<p>O ator\u00a0Ney Latorraca\u00a0morreu aos 80 anos na manh\u00e3 desta quinta-feira (26) em decorr\u00eancia de uma sepse pulmonar, consequ\u00eancia do agravamento de um c\u00e2ncer de pr\u00f3stata. O artista foi diagnosticado com a doen\u00e7a em 2019 e estava internado na Cl\u00ednica S\u00e3o Vicente da G\u00e1vea, na zona sul do Rio de Janeiro, desde o \u00faltimo dia 20. [&hellip;]<\/p>\n","protected":false},"author":2,"featured_media":21335,"comment_status":"open","ping_status":"open","sticky":false,"template":"","format":"standard","meta":{"_jetpack_memberships_contains_paid_content":false,"footnotes":""},"categories":[46],"tags":[],"class_list":["post-21334","post","type-post","status-publish","format-standard","has-post-thumbnail","hentry","category-noticia"],"aioseo_notices":[],"jetpack_featured_media_url":"https:\/\/i0.wp.com\/minutobahia24h.com.br\/wp-content\/uploads\/2024\/12\/Sem-titulo-367.jpg?fit=884%2C644&ssl=1","jetpack_sharing_enabled":true,"_links":{"self":[{"href":"https:\/\/minutobahia24h.com.br\/index.php?rest_route=\/wp\/v2\/posts\/21334","targetHints":{"allow":["GET"]}}],"collection":[{"href":"https:\/\/minutobahia24h.com.br\/index.php?rest_route=\/wp\/v2\/posts"}],"about":[{"href":"https:\/\/minutobahia24h.com.br\/index.php?rest_route=\/wp\/v2\/types\/post"}],"author":[{"embeddable":true,"href":"https:\/\/minutobahia24h.com.br\/index.php?rest_route=\/wp\/v2\/users\/2"}],"replies":[{"embeddable":true,"href":"https:\/\/minutobahia24h.com.br\/index.php?rest_route=%2Fwp%2Fv2%2Fcomments&post=21334"}],"version-history":[{"count":1,"href":"https:\/\/minutobahia24h.com.br\/index.php?rest_route=\/wp\/v2\/posts\/21334\/revisions"}],"predecessor-version":[{"id":21336,"href":"https:\/\/minutobahia24h.com.br\/index.php?rest_route=\/wp\/v2\/posts\/21334\/revisions\/21336"}],"wp:featuredmedia":[{"embeddable":true,"href":"https:\/\/minutobahia24h.com.br\/index.php?rest_route=\/wp\/v2\/media\/21335"}],"wp:attachment":[{"href":"https:\/\/minutobahia24h.com.br\/index.php?rest_route=%2Fwp%2Fv2%2Fmedia&parent=21334"}],"wp:term":[{"taxonomy":"category","embeddable":true,"href":"https:\/\/minutobahia24h.com.br\/index.php?rest_route=%2Fwp%2Fv2%2Fcategories&post=21334"},{"taxonomy":"post_tag","embeddable":true,"href":"https:\/\/minutobahia24h.com.br\/index.php?rest_route=%2Fwp%2Fv2%2Ftags&post=21334"}],"curies":[{"name":"wp","href":"https:\/\/api.w.org\/{rel}","templated":true}]}}