{"id":21298,"date":"2024-12-24T07:49:39","date_gmt":"2024-12-24T10:49:39","guid":{"rendered":"https:\/\/minutobahia24h.com.br\/?p=21298"},"modified":"2024-12-24T07:49:41","modified_gmt":"2024-12-24T10:49:41","slug":"russia-intensifica-execucao-de-prisioneiros-de-guerra-e-casos-sao-investigados-na-ucrania-diz-jornal","status":"publish","type":"post","link":"https:\/\/minutobahia24h.com.br\/?p=21298","title":{"rendered":"R\u00fassia intensifica execu\u00e7\u00e3o de prisioneiros de guerra, e casos s\u00e3o investigados na Ucr\u00e2nia, diz jornal"},"content":{"rendered":"<div class=\"wp-block-image\">\n<figure class=\"aligncenter size-full\"><img data-recalc-dims=\"1\" fetchpriority=\"high\" decoding=\"async\" width=\"800\" height=\"533\" src=\"https:\/\/i0.wp.com\/minutobahia24h.com.br\/wp-content\/uploads\/2024\/12\/Sem-titulo-357.jpg?resize=800%2C533&#038;ssl=1\" alt=\"\" class=\"wp-image-21299\" srcset=\"https:\/\/i0.wp.com\/minutobahia24h.com.br\/wp-content\/uploads\/2024\/12\/Sem-titulo-357.jpg?w=889&amp;ssl=1 889w, https:\/\/i0.wp.com\/minutobahia24h.com.br\/wp-content\/uploads\/2024\/12\/Sem-titulo-357.jpg?resize=300%2C200&amp;ssl=1 300w, https:\/\/i0.wp.com\/minutobahia24h.com.br\/wp-content\/uploads\/2024\/12\/Sem-titulo-357.jpg?resize=768%2C511&amp;ssl=1 768w, https:\/\/i0.wp.com\/minutobahia24h.com.br\/wp-content\/uploads\/2024\/12\/Sem-titulo-357.jpg?resize=750%2C499&amp;ssl=1 750w\" sizes=\"(max-width: 800px) 100vw, 800px\" \/><figcaption class=\"wp-element-caption\">Militares ucranianos pr\u00f3ximos a base em Donetsk \u2014 Foto: YASUYOSHI CHIBA \/ AFP<br><\/figcaption><\/figure>\n<\/div>\n\n\n<p>O atirador ucraniano Oleksandr Matsievsky foi capturado por russos no primeiro ano da guerra, iniciada em fevereiro de 2022. Posteriormente, surgiu um v\u00eddeo em que ele aparece fumando seu \u00faltimo cigarro em uma floresta, aparentemente ao lado de uma cova que ele foi for\u00e7ado a cavar. Na grava\u00e7\u00e3o, \u00e9 poss\u00edvel ver o momento em que ele diz \u201cgl\u00f3ria \u00e0\u00a0<a class=\"\" href=\"https:\/\/oglobo.globo.com\/tudo-sobre\/pais\/ucrania\">Ucr\u00e2nia<\/a>\u201d aos seus captores. Momentos depois, ouvem-se tiros, e ele cai morto.<\/p>\n\n\n\n<p>Sua execu\u00e7\u00e3o n\u00e3o foi a \u00fanica. Em outubro deste ano, nove soldados ucranianos capturados foram supostamente mortos a tiros por for\u00e7as russas na regi\u00e3o de Kursk, de acordo com a rede brit\u00e2nica BBC. Promotores ucranianos est\u00e3o investigando o caso, incluindo uma foto que mostra corpos seminus no ch\u00e3o. Essa foto foi suficiente para que uma das v\u00edtimas fosse identificada por seus pais.<\/p>\n\n\n\n<p>\u2014 Eu o reconheci pela roupa \u00edntima \u2014 disse sua m\u00e3e \u00e0 ag\u00eancia de not\u00edcias ucraniana Suspilne Chernihiv. \u2014 Comprei para ele antes de uma viagem ao mar. Tamb\u00e9m sabia que seu ombro foi atingido por um tiro. Isso era vis\u00edvel na foto.<\/p>\n\n\n\n<p>Autoridades da Ucr\u00e2nia est\u00e3o investigando relatos de decapita\u00e7\u00f5es e o uso de uma espada para matar um soldado ucraniano que teve as m\u00e3os amarradas nas costas. Em outro caso, um v\u00eddeo mostrou 16 soldados ucranianos aparentemente alinhados e, em seguida, fuzilados com disparos autom\u00e1ticos ap\u00f3s emergirem de uma floresta para se render. Algumas das execu\u00e7\u00f5es foram filmadas pelas pr\u00f3prias for\u00e7as russas, enquanto outras foram registradas por drones ucranianos.<\/p>\n\n\n\n<p>Segundo a BBC, os assassinatos de que se tem registro geralmente ocorreram em florestas ou campos sem caracter\u00edsticas distintivas, o que dificulta a confirma\u00e7\u00e3o do local exato. No entanto, a rede brit\u00e2nica conseguiu confirmar, em v\u00e1rios casos \u2014 inclusive uma decapita\u00e7\u00e3o \u2014 que as v\u00edtimas usavam uniformes ucranianos e que os v\u00eddeos eram recentes. Dos 147 prisioneiros de guerra ucranianos executados pelas for\u00e7as russas desde o in\u00edcio da guerra, segundo&nbsp;<a class=\"\" href=\"https:\/\/oglobo.globo.com\/tudo-sobre\/cidade\/kiev\">Kiev<\/a>, 127 foram mortos neste ano.<\/p>\n\n\n\n<p>\u2014 A tend\u00eancia crescente \u00e9 muito clara, muito \u00f3bvia \u2014 disse \u00e0 BBC Yuri Belousov, chefe do Departamento de Crimes de Guerra da Procuradoria-Geral da Ucr\u00e2nia. \u2014 As execu\u00e7\u00f5es se tornaram sistem\u00e1ticas a partir de novembro do ano passado e continuaram neste ano. Isso mostra que n\u00e3o s\u00e3o casos isolados. Existem claros sinais de que s\u00e3o parte de uma pol\u00edtica. H\u00e1 evid\u00eancias de que instru\u00e7\u00f5es nesse sentido est\u00e3o sendo emitidas.<\/p>\n\n\n\n<p>O direito humanit\u00e1rio internacional, em especial a Terceira Conven\u00e7\u00e3o de Genebra, oferece a prote\u00e7\u00e3o de civis e responsabiliza\u00e7\u00e3o dos Estados em \u00e9pocas de conflito \u2014 e execut\u00e1-los \u00e9 considerado um crime de guerra. Apesar disso, Rachel Denber, da Human Rights Watch (HRW), sustenta que \u201cn\u00e3o faltam evid\u00eancias\u201d para indicar que prisioneiros de guerra ucranianos est\u00e3o sendo executados por tropas russas.<\/p>\n\n\n\n<p>\u2014 Quais instru\u00e7\u00f5es essas unidades recebem, formal ou informalmente, de seus comandantes? Seus comandantes est\u00e3o sendo claros sobre o que as Conven\u00e7\u00f5es de Genebra dizem sobre o tratamento de prisioneiros de guerra? Quais medidas est\u00e3o tomando para investigar esses casos? E, se os superiores n\u00e3o est\u00e3o investigando ou n\u00e3o est\u00e3o tomando medidas para evitar essa conduta, est\u00e3o cientes de que tamb\u00e9m s\u00e3o criminalmente respons\u00e1veis e podem ser responsabilizados? \u2014 questionou.<\/p>\n\n\n\n<p>At\u00e9 agora, n\u00e3o h\u00e1 nada que sugira que a&nbsp;<a class=\"\" href=\"https:\/\/oglobo.globo.com\/tudo-sobre\/pais\/russia\">R\u00fassia<\/a>&nbsp;esteja formalmente investigando as alega\u00e7\u00f5es de execu\u00e7\u00f5es de prisioneiros de guerra ucranianos, publicou a BBC. Segundo o presidente russo,&nbsp;<a class=\"\" href=\"https:\/\/oglobo.globo.com\/tudo-sobre\/politico\/vladimir-putin\/\">Vladimir Putin<\/a>, suas for\u00e7as t\u00eam tratado prisioneiros de guerra ucranianos \u201cde acordo com documentos legais e conven\u00e7\u00f5es internacionais\u201d. Apesar disso, a HRW aponta que, desde o in\u00edcio do conflito, o Ex\u00e9rcito russo cometeu \u201cuma s\u00e9rie de viola\u00e7\u00f5es, incluindo aquelas que devem ser investigadas como crimes de guerra ou crimes contra a Humanidade\u201d.<\/p>\n\n\n\n<p>As for\u00e7as ucranianas tamb\u00e9m foram acusadas de executar prisioneiros de guerra russos, mas o n\u00famero de tais alega\u00e7\u00f5es \u00e9 bem menor, segundo o Alto Comissariado da ONU para os Direitos Humanos (ACNUDH).<\/p>\n\n\n\n<h2 class=\"wp-block-heading\">Baixas na Ucr\u00e2nia<\/h2>\n\n\n\n<p>No in\u00edcio do m\u00eas, o presidente ucraniano,&nbsp;<a class=\"\" href=\"https:\/\/oglobo.globo.com\/tudo-sobre\/politico\/volodymyr-zelensky\/\">Volodymyr Zelensky<\/a>, afirmou que 43 mil soldados ucranianos foram mortos e 370 mil ficaram feridos desde o in\u00edcio da invas\u00e3o em larga escala pela R\u00fassia, h\u00e1 quase tr\u00eas anos. Foi a primeira vez em meses que ele divulgou n\u00fameros sobre baixas militares, um t\u00f3pico altamente sens\u00edvel na Ucr\u00e2nia, especialmente enquanto as for\u00e7as de Kiev perdem mais territ\u00f3rio para as tropas russas.<\/p>\n\n\n\n<p>A contagem apresentada pelo l\u00edder ucraniano n\u00e3o p\u00f4de ser verificada de forma independente e difere significativamente das estimativas de autoridades americanas e analistas militares, que apontam n\u00fameros bem mais altos. Em agosto de 2023, autoridades dos EUA afirmaram que quase 70 mil soldados ucranianos haviam sido mortos, um n\u00famero que provavelmente aumentou desde ent\u00e3o.<\/p>\n\n\n\n<p>Tamb\u00e9m no in\u00edcio deste m\u00eas, Yuri Butusov, um jornalista ucraniano com fortes la\u00e7os com o Ex\u00e9rcito, compartilhou uma estimativa semelhante, acrescentando que 35 mil soldados est\u00e3o desaparecidos.<\/p>\n\n\n\n<p>Zelensky tamb\u00e9m observou que cerca de metade dos soldados feridos retornaram ao campo de batalha ap\u00f3s o tratamento. Isso sugere que a Ucr\u00e2nia sofreu cerca de 230 mil perdas irrepar\u00e1veis, incluindo mortos e aqueles permanentemente incapacitados por ferimentos.<\/p>\n\n\n\n<p>As declara\u00e7\u00f5es de Zelensky foram feitas poucas horas depois de o presidente eleito dos Estados Unidos,&nbsp;<a class=\"\" href=\"https:\/\/oglobo.globo.com\/tudo-sobre\/politico\/donald-trump\/\">Donald Trump<\/a>, afirmar que a Ucr\u00e2nia havia perdido 400 mil soldados, sem especificar o n\u00famero de mortos ou feridos. Trump tamb\u00e9m disse que as baixas da R\u00fassia estavam pr\u00f3ximas de 600 mil soldados, argumentando que o alto custo da guerra ressaltava a necessidade de um cessar-fogo imediato e do in\u00edcio de negocia\u00e7\u00f5es de paz.&nbsp;<em>(Com New York Times)<\/em><\/p>\n","protected":false},"excerpt":{"rendered":"<p>O atirador ucraniano Oleksandr Matsievsky foi capturado por russos no primeiro ano da guerra, iniciada em fevereiro de 2022. Posteriormente, surgiu um v\u00eddeo em que ele aparece fumando seu \u00faltimo cigarro em uma floresta, aparentemente ao lado de uma cova que ele foi for\u00e7ado a cavar. Na grava\u00e7\u00e3o, \u00e9 poss\u00edvel ver o momento em que [&hellip;]<\/p>\n","protected":false},"author":2,"featured_media":21299,"comment_status":"open","ping_status":"open","sticky":false,"template":"","format":"standard","meta":{"_jetpack_memberships_contains_paid_content":false,"footnotes":""},"categories":[15],"tags":[],"class_list":["post-21298","post","type-post","status-publish","format-standard","has-post-thumbnail","hentry","category-mundo"],"aioseo_notices":[],"jetpack_featured_media_url":"https:\/\/i0.wp.com\/minutobahia24h.com.br\/wp-content\/uploads\/2024\/12\/Sem-titulo-357.jpg?fit=889%2C592&ssl=1","jetpack_sharing_enabled":true,"_links":{"self":[{"href":"https:\/\/minutobahia24h.com.br\/index.php?rest_route=\/wp\/v2\/posts\/21298","targetHints":{"allow":["GET"]}}],"collection":[{"href":"https:\/\/minutobahia24h.com.br\/index.php?rest_route=\/wp\/v2\/posts"}],"about":[{"href":"https:\/\/minutobahia24h.com.br\/index.php?rest_route=\/wp\/v2\/types\/post"}],"author":[{"embeddable":true,"href":"https:\/\/minutobahia24h.com.br\/index.php?rest_route=\/wp\/v2\/users\/2"}],"replies":[{"embeddable":true,"href":"https:\/\/minutobahia24h.com.br\/index.php?rest_route=%2Fwp%2Fv2%2Fcomments&post=21298"}],"version-history":[{"count":1,"href":"https:\/\/minutobahia24h.com.br\/index.php?rest_route=\/wp\/v2\/posts\/21298\/revisions"}],"predecessor-version":[{"id":21300,"href":"https:\/\/minutobahia24h.com.br\/index.php?rest_route=\/wp\/v2\/posts\/21298\/revisions\/21300"}],"wp:featuredmedia":[{"embeddable":true,"href":"https:\/\/minutobahia24h.com.br\/index.php?rest_route=\/wp\/v2\/media\/21299"}],"wp:attachment":[{"href":"https:\/\/minutobahia24h.com.br\/index.php?rest_route=%2Fwp%2Fv2%2Fmedia&parent=21298"}],"wp:term":[{"taxonomy":"category","embeddable":true,"href":"https:\/\/minutobahia24h.com.br\/index.php?rest_route=%2Fwp%2Fv2%2Fcategories&post=21298"},{"taxonomy":"post_tag","embeddable":true,"href":"https:\/\/minutobahia24h.com.br\/index.php?rest_route=%2Fwp%2Fv2%2Ftags&post=21298"}],"curies":[{"name":"wp","href":"https:\/\/api.w.org\/{rel}","templated":true}]}}