{"id":21283,"date":"2024-12-24T07:23:15","date_gmt":"2024-12-24T10:23:15","guid":{"rendered":"https:\/\/minutobahia24h.com.br\/?p=21283"},"modified":"2024-12-24T07:23:16","modified_gmt":"2024-12-24T10:23:16","slug":"festival-virada-salvador-confira-como-estao-os-preparativos-para-o-evento","status":"publish","type":"post","link":"https:\/\/minutobahia24h.com.br\/?p=21283","title":{"rendered":"Festival Virada Salvador: confira como est\u00e3o os preparativos para o evento"},"content":{"rendered":"<div class=\"wp-block-image\">\n<figure class=\"aligncenter size-large\"><img data-recalc-dims=\"1\" fetchpriority=\"high\" decoding=\"async\" width=\"800\" height=\"534\" src=\"https:\/\/i0.wp.com\/minutobahia24h.com.br\/wp-content\/uploads\/2024\/12\/Sem-titulo-352-1024x683.jpg?resize=800%2C534&#038;ssl=1\" alt=\"\" class=\"wp-image-21284\" srcset=\"https:\/\/i0.wp.com\/minutobahia24h.com.br\/wp-content\/uploads\/2024\/12\/Sem-titulo-352.jpg?resize=1024%2C683&amp;ssl=1 1024w, https:\/\/i0.wp.com\/minutobahia24h.com.br\/wp-content\/uploads\/2024\/12\/Sem-titulo-352.jpg?resize=300%2C200&amp;ssl=1 300w, https:\/\/i0.wp.com\/minutobahia24h.com.br\/wp-content\/uploads\/2024\/12\/Sem-titulo-352.jpg?resize=768%2C512&amp;ssl=1 768w, https:\/\/i0.wp.com\/minutobahia24h.com.br\/wp-content\/uploads\/2024\/12\/Sem-titulo-352.jpg?resize=750%2C500&amp;ssl=1 750w, https:\/\/i0.wp.com\/minutobahia24h.com.br\/wp-content\/uploads\/2024\/12\/Sem-titulo-352.jpg?resize=1140%2C760&amp;ssl=1 1140w, https:\/\/i0.wp.com\/minutobahia24h.com.br\/wp-content\/uploads\/2024\/12\/Sem-titulo-352.jpg?w=1200&amp;ssl=1 1200w\" sizes=\"(max-width: 800px) 100vw, 800px\" \/><figcaption class=\"wp-element-caption\">Estrutura est\u00e1 sendo montada na orla da Boca do Rio\u00a0<strong>Cr\u00e9dito: Marina Silva\/CORREIO<\/strong><br><\/figcaption><\/figure>\n<\/div>\n\n\n<p>A Arena O Canto da Cidade come\u00e7a a tomar forma na orla da Boca do Rio. Centenas de trabalhadores atuam na montagem dos palcos e quiosques do espa\u00e7o, que receber\u00e1 o Festival Virada Salvador 2025 entre os dias 27 e 31 de dezembro. De acordo com o presidente da Empresa Salvador Turismo (Saltur), Isaac Edington, mais de 2 milh\u00f5es de pessoas s\u00e3o esperadas no evento que encerra o ano na capital baiana.<\/p>\n\n\n\n<p id=\"paragrafo-c54cl4dv70\">O CORREIO esteve na arena na tarde desse domingo (22). No local, \u00e9 poss\u00edvel ver equipes trabalhando na montagem do palco principal, que est\u00e1 recebendo a estrutura em LED e ilumina\u00e7\u00e3o para a festa. Sucesso nas edi\u00e7\u00f5es anteriores, a roda-gigante j\u00e1 marca presen\u00e7a no espa\u00e7o. Tamb\u00e9m \u00e9 poss\u00edvel ver as estruturas da Pra\u00e7a de Alimenta\u00e7\u00e3o, dos postos de atendimento da Prefeitura de Salvador, dos camarotes e do Palco Brisa, que ter\u00e1 suas atra\u00e7\u00f5es divulgadas nesta semana.<\/p>\n\n\n\n<p id=\"paragrafo-l4jo08zvpp\">\u201cEstamos com um ritmo bem acelerado. N\u00f3s montamos um grande parque tem\u00e1tico na regi\u00e3o do Parque dos Ventos com diversas atra\u00e7\u00f5es e uma estrutura que nos coloca como o maior festival de m\u00fasica em espa\u00e7o p\u00fablico do Brasil, al\u00e9m de um dos melhores destinos para o r\u00e9veillon. Esse evento coroa um ano de muita prosperidade em Salvador, onde estamos colhendo os frutos de um trabalho iniciado h\u00e1 mais de dez anos\u201d, afirmou Isaac Edington.<\/p>\n\n\n\n<p id=\"paragrafo-jv3okaq3xp\">Entre as atra\u00e7\u00f5es, o destaque fica com o cantor L\u00e9o Santana, que pela primeira vez ser\u00e1 o respons\u00e1vel pela contagem regressiva para o Ano Novo. A novidade foi anunciada pelo prefeito Bruno Reis em outubro. Respons\u00e1vel pela virada em 2024, a cantora Ivete Sangalo se apresenta no dia 27. Outras atra\u00e7\u00f5es s\u00e3o a banda Baiana System, a cantora Simone Mendes, al\u00e9m dos cantores Jo\u00e3o Gomes, Matu\u00ea e Luan Santana.<\/p>\n\n\n\n<p id=\"paragrafo-jap4wr2fpn\">\u201cReunir atra\u00e7\u00f5es de todos os ritmos em um mesmo local \u00e9 algo que temos muito orgulho. Cada artista est\u00e1 preparando algo \u00fanico para o seu show e eu tenho certeza que eles v\u00e3o surpreender. Temos diversas a\u00e7\u00f5es preparadas, incluindo uma surpresa com IA para engrandecer o festival. Trabalhamos com afinco para aproveitar ao m\u00e1ximo essa temporada muito importante para n\u00f3s e esperamos come\u00e7ar esse novo ciclo com o p\u00e9 direito\u201d, disse Isaac.<\/p>\n\n\n\n<figure class=\"wp-block-image\"><img data-recalc-dims=\"1\" decoding=\"async\" data-src=\"https:\/\/i0.wp.com\/midias.correio24horas.com.br\/2024\/12\/22\/roda-gigante-sendo-preparada-para-o-festival-2547135-article.jpeg?w=800&#038;ssl=1\" alt=\"Roda gigante sendo preparada para o festival\" src=\"data:image\/gif;base64,R0lGODlhAQABAAAAACH5BAEKAAEALAAAAAABAAEAAAICTAEAOw==\" class=\"lazyload\" \/><noscript><img data-recalc-dims=\"1\" decoding=\"async\" src=\"https:\/\/i0.wp.com\/midias.correio24horas.com.br\/2024\/12\/22\/roda-gigante-sendo-preparada-para-o-festival-2547135-article.jpeg?w=800&#038;ssl=1\" alt=\"Roda gigante sendo preparada para o festival\"\/><\/noscript><\/figure>\n\n\n\n<p>Roda gigante sendo preparada para o festival&nbsp;<strong>Cr\u00e9dito: Marina Silva\/CORREIO<\/strong><\/p>\n\n\n\n<p id=\"paragrafo-rzrzt4fzzj\">O Festival Virada Salvador 2025 tamb\u00e9m contar\u00e1 com dois palcos alternativos: o Palco Brisa, que vai reunir os novos nomes da m\u00fasica baiana e brasileira e a Torre Eletr\u00f4nica com apresenta\u00e7\u00f5es de DJs e outros artistas da m\u00fasica eletr\u00f4nica. A estrutura tamb\u00e9m contar\u00e1 com a Vila Gastron\u00f4mica, reunindo food trucks com diferentes tipos de alimentos e bebidas, e a Arena Game, com op\u00e7\u00f5es de lazer para quem curte os e-sports. Al\u00e9m disso, uma pista de skate ser\u00e1 montada na Arena O Canto da Cidade.<\/p>\n\n\n\n<p id=\"paragrafo-ac0rymg1d6\">A tradicional queima de fogos no momento da virada de ano est\u00e1 garantida, n\u00e3o s\u00f3 na Boca do Rio &#8211; que ter\u00e1 dois pontos de fogos de artif\u00edcio &#8211; como em diversos bairros de Salvador e nas ilhas: Barra, Rio Vermelho, Amaralina, Jardim de Alah, Patamares, Pernambu\u00e9s, Itapu\u00e3, Cajazeiras, Periperi, Paripe, Ribeira, Boa Viagem, Santo Ant\u00f4nio Al\u00e9m do Carmo, Ilha de Paramana, Ilha de Mar\u00e9 (Praia de Santana e Itamoabo), Ilha de Bananeira, Ilha de Santana e Bom Jesus dos Passos.<\/p>\n\n\n\n<h2 class=\"wp-block-heading\" id=\"intertitulo-gjtiyhpuqe\">Confira a programa\u00e7\u00e3o completa:<\/h2>\n\n\n\n<p id=\"paragrafo-ddrr9zf8go\"><strong>Dia 27<\/strong><\/p>\n\n\n\n<p id=\"paragrafo-szjt8k4b7c\">Alok<\/p>\n\n\n\n<p id=\"paragrafo-xac4yz120k\">Baiana System<\/p>\n\n\n\n<p id=\"paragrafo-lgoh5rdagg\">Ivete Sangalo<\/p>\n\n\n\n<p id=\"paragrafo-j7duulx5gq\">Manu Bahtid\u00e3o<\/p>\n\n\n\n<p id=\"paragrafo-t52fye4d6e\">Xand Avi\u00e3o<\/p>\n\n\n\n<p id=\"paragrafo-cxq3hoql1v\"><strong>Dia 28<\/strong><\/p>\n\n\n\n<p id=\"paragrafo-js4z1j40px\">Bell Marques<\/p>\n\n\n\n<p id=\"paragrafo-4wssdgwkcx\">Jo\u00e3o Gomes<\/p>\n\n\n\n<p id=\"paragrafo-g4ubt0e9dy\">Olodum<\/p>\n\n\n\n<p id=\"paragrafo-xaqsxxcypd\">Psirico<\/p>\n\n\n\n<p id=\"paragrafo-kbydwyg4bd\">Thiago Aquino<\/p>\n\n\n\n<p id=\"paragrafo-vw5c2y4ka8\"><strong>Dia 29<\/strong><\/p>\n\n\n\n<p id=\"paragrafo-aqa0rufufa\">Claudia Leitte<\/p>\n\n\n\n<p id=\"paragrafo-96jmj99s3l\">Durval L\u00e9lys<\/p>\n\n\n\n<p id=\"paragrafo-eapz50n29p\">Simone Mendes<\/p>\n\n\n\n<p id=\"paragrafo-d6flk5eq17\">Tony Salles<\/p>\n\n\n\n<p id=\"paragrafo-rrvjsnkufs\">Wesley Safad\u00e3o<\/p>\n\n\n\n<p id=\"paragrafo-yi0ig9xdg0\"><strong>Dia 30<\/strong><\/p>\n\n\n\n<p id=\"paragrafo-p1qal0et87\">Gustavo Mioto<\/p>\n\n\n\n<p id=\"paragrafo-hgzd228i2f\">Henry Freitas<\/p>\n\n\n\n<p id=\"paragrafo-e3lrvw8xfv\">Matu\u00ea<\/p>\n\n\n\n<p id=\"paragrafo-56qqcjvjyq\">Ra\u00e7a Negra<\/p>\n\n\n\n<p id=\"paragrafo-uayfg3onim\">Timbalada<\/p>\n\n\n\n<p id=\"paragrafo-m333twxyh6\"><strong>Dia 31<\/strong><\/p>\n\n\n\n<p id=\"paragrafo-v4f0gp77hn\">Belo<\/p>\n\n\n\n<p id=\"paragrafo-c6cbryot8y\">Jorge &amp; Mateus<\/p>\n\n\n\n<p id=\"paragrafo-7h5oo1qb1b\">L\u00e9o Santana<\/p>\n\n\n\n<p id=\"paragrafo-zb4h6qc2y0\">Luan Santana<\/p>\n\n\n\n<p id=\"paragrafo-7fobrhahf0\">Mari Fernandez<\/p>\n\n\n\n<p id=\"paragrafo-a2b1bmytzp\">Parangol\u00e9<\/p>\n\n\n\n<p id=\"paragrafo-ji1z2qqk8j\"><em>*Com orienta\u00e7\u00e3o da chefe de reportagem Perla Ribeiro<\/em><\/p>\n\n\n\n<p id=\"paragrafo-ozprif6k9k\"><em>O Projeto de cobertura Virada Salvador \u00e9 uma realiza\u00e7\u00e3o do Jornal Correio com apoio institucional da Prefeitura Municipal de Salvador<\/em><\/p>\n","protected":false},"excerpt":{"rendered":"<p>A Arena O Canto da Cidade come\u00e7a a tomar forma na orla da Boca do Rio. Centenas de trabalhadores atuam na montagem dos palcos e quiosques do espa\u00e7o, que receber\u00e1 o Festival Virada Salvador 2025 entre os dias 27 e 31 de dezembro. De acordo com o presidente da Empresa Salvador Turismo (Saltur), Isaac Edington, [&hellip;]<\/p>\n","protected":false},"author":2,"featured_media":21284,"comment_status":"open","ping_status":"open","sticky":false,"template":"","format":"standard","meta":{"_jetpack_memberships_contains_paid_content":false,"footnotes":""},"categories":[46],"tags":[],"class_list":["post-21283","post","type-post","status-publish","format-standard","has-post-thumbnail","hentry","category-noticia"],"aioseo_notices":[],"jetpack_featured_media_url":"https:\/\/i0.wp.com\/minutobahia24h.com.br\/wp-content\/uploads\/2024\/12\/Sem-titulo-352.jpg?fit=1200%2C800&ssl=1","jetpack_sharing_enabled":true,"_links":{"self":[{"href":"https:\/\/minutobahia24h.com.br\/index.php?rest_route=\/wp\/v2\/posts\/21283","targetHints":{"allow":["GET"]}}],"collection":[{"href":"https:\/\/minutobahia24h.com.br\/index.php?rest_route=\/wp\/v2\/posts"}],"about":[{"href":"https:\/\/minutobahia24h.com.br\/index.php?rest_route=\/wp\/v2\/types\/post"}],"author":[{"embeddable":true,"href":"https:\/\/minutobahia24h.com.br\/index.php?rest_route=\/wp\/v2\/users\/2"}],"replies":[{"embeddable":true,"href":"https:\/\/minutobahia24h.com.br\/index.php?rest_route=%2Fwp%2Fv2%2Fcomments&post=21283"}],"version-history":[{"count":1,"href":"https:\/\/minutobahia24h.com.br\/index.php?rest_route=\/wp\/v2\/posts\/21283\/revisions"}],"predecessor-version":[{"id":21285,"href":"https:\/\/minutobahia24h.com.br\/index.php?rest_route=\/wp\/v2\/posts\/21283\/revisions\/21285"}],"wp:featuredmedia":[{"embeddable":true,"href":"https:\/\/minutobahia24h.com.br\/index.php?rest_route=\/wp\/v2\/media\/21284"}],"wp:attachment":[{"href":"https:\/\/minutobahia24h.com.br\/index.php?rest_route=%2Fwp%2Fv2%2Fmedia&parent=21283"}],"wp:term":[{"taxonomy":"category","embeddable":true,"href":"https:\/\/minutobahia24h.com.br\/index.php?rest_route=%2Fwp%2Fv2%2Fcategories&post=21283"},{"taxonomy":"post_tag","embeddable":true,"href":"https:\/\/minutobahia24h.com.br\/index.php?rest_route=%2Fwp%2Fv2%2Ftags&post=21283"}],"curies":[{"name":"wp","href":"https:\/\/api.w.org\/{rel}","templated":true}]}}