{"id":21277,"date":"2024-12-24T07:08:59","date_gmt":"2024-12-24T10:08:59","guid":{"rendered":"https:\/\/minutobahia24h.com.br\/?p=21277"},"modified":"2024-12-24T07:09:01","modified_gmt":"2024-12-24T10:09:01","slug":"acidente-com-vitima-fatal-foi-registrado-em-itiuba","status":"publish","type":"post","link":"https:\/\/minutobahia24h.com.br\/?p=21277","title":{"rendered":"Acidente com v\u00edtima fatal foi registrado em Iti\u00faba"},"content":{"rendered":"<div class=\"wp-block-image\">\n<figure class=\"aligncenter size-full\"><img data-recalc-dims=\"1\" fetchpriority=\"high\" decoding=\"async\" width=\"320\" height=\"175\" src=\"https:\/\/i0.wp.com\/minutobahia24h.com.br\/wp-content\/uploads\/2024\/12\/Sem-titulo-350.jpg?resize=320%2C175&#038;ssl=1\" alt=\"\" class=\"wp-image-21278\" srcset=\"https:\/\/i0.wp.com\/minutobahia24h.com.br\/wp-content\/uploads\/2024\/12\/Sem-titulo-350.jpg?w=320&amp;ssl=1 320w, https:\/\/i0.wp.com\/minutobahia24h.com.br\/wp-content\/uploads\/2024\/12\/Sem-titulo-350.jpg?resize=300%2C164&amp;ssl=1 300w\" sizes=\"(max-width: 320px) 100vw, 320px\" \/><\/figure>\n<\/div>\n\n\n<p>Um acidente com vitima fatal foi registrado na madrugada desta segunda-feira, 23 de dezembro de 2024, no munic\u00edpio de Iti\u00faba. O fato aconteceu na BA &#8211; 381, na altura da Ponte do Po\u00e7o dos Cachorros.\u00a0A vitima foi identificada como Ma\u00e9rcio Gomes Viveiros, natural do Distrito de R\u00f4mulo Campos em Iti\u00faba.<\/p>\n\n\n\n<p>Ma\u00e9rcio conduzia uma moto quando sofreu o acidente fatal. A Policia Rodovi\u00e1ria esteve no local da ocorr\u00eancia, por\u00e9m as causas do ocorrido n\u00e3o foram informadas. Nossos sentimentos aos familiares e amigos da vitima.<\/p>\n\n\n\n<p>Cidade Em Not\u00edcias<\/p>\n","protected":false},"excerpt":{"rendered":"<p>Um acidente com vitima fatal foi registrado na madrugada desta segunda-feira, 23 de dezembro de 2024, no munic\u00edpio de Iti\u00faba. O fato aconteceu na BA &#8211; 381, na altura da Ponte do Po\u00e7o dos Cachorros.\u00a0A vitima foi identificada como Ma\u00e9rcio Gomes Viveiros, natural do Distrito de R\u00f4mulo Campos em Iti\u00faba. Ma\u00e9rcio conduzia uma moto quando [&hellip;]<\/p>\n","protected":false},"author":2,"featured_media":21278,"comment_status":"open","ping_status":"open","sticky":false,"template":"","format":"standard","meta":{"_jetpack_memberships_contains_paid_content":false,"footnotes":""},"categories":[3],"tags":[],"class_list":["post-21277","post","type-post","status-publish","format-standard","has-post-thumbnail","hentry","category-regional"],"aioseo_notices":[],"jetpack_featured_media_url":"https:\/\/i0.wp.com\/minutobahia24h.com.br\/wp-content\/uploads\/2024\/12\/Sem-titulo-350.jpg?fit=320%2C175&ssl=1","jetpack_sharing_enabled":true,"_links":{"self":[{"href":"https:\/\/minutobahia24h.com.br\/index.php?rest_route=\/wp\/v2\/posts\/21277","targetHints":{"allow":["GET"]}}],"collection":[{"href":"https:\/\/minutobahia24h.com.br\/index.php?rest_route=\/wp\/v2\/posts"}],"about":[{"href":"https:\/\/minutobahia24h.com.br\/index.php?rest_route=\/wp\/v2\/types\/post"}],"author":[{"embeddable":true,"href":"https:\/\/minutobahia24h.com.br\/index.php?rest_route=\/wp\/v2\/users\/2"}],"replies":[{"embeddable":true,"href":"https:\/\/minutobahia24h.com.br\/index.php?rest_route=%2Fwp%2Fv2%2Fcomments&post=21277"}],"version-history":[{"count":1,"href":"https:\/\/minutobahia24h.com.br\/index.php?rest_route=\/wp\/v2\/posts\/21277\/revisions"}],"predecessor-version":[{"id":21279,"href":"https:\/\/minutobahia24h.com.br\/index.php?rest_route=\/wp\/v2\/posts\/21277\/revisions\/21279"}],"wp:featuredmedia":[{"embeddable":true,"href":"https:\/\/minutobahia24h.com.br\/index.php?rest_route=\/wp\/v2\/media\/21278"}],"wp:attachment":[{"href":"https:\/\/minutobahia24h.com.br\/index.php?rest_route=%2Fwp%2Fv2%2Fmedia&parent=21277"}],"wp:term":[{"taxonomy":"category","embeddable":true,"href":"https:\/\/minutobahia24h.com.br\/index.php?rest_route=%2Fwp%2Fv2%2Fcategories&post=21277"},{"taxonomy":"post_tag","embeddable":true,"href":"https:\/\/minutobahia24h.com.br\/index.php?rest_route=%2Fwp%2Fv2%2Ftags&post=21277"}],"curies":[{"name":"wp","href":"https:\/\/api.w.org\/{rel}","templated":true}]}}