{"id":21236,"date":"2024-12-23T10:55:05","date_gmt":"2024-12-23T13:55:05","guid":{"rendered":"https:\/\/minutobahia24h.com.br\/?p=21236"},"modified":"2024-12-23T10:55:06","modified_gmt":"2024-12-23T13:55:06","slug":"dino-determina-suspensao-de-pagamento-de-r-42-bilhoes-emendas-e-pede-investigacao-da-pf","status":"publish","type":"post","link":"https:\/\/minutobahia24h.com.br\/?p=21236","title":{"rendered":"Dino determina suspens\u00e3o de pagamento de R$ 4,2 bilh\u00f5es emendas e pede investiga\u00e7\u00e3o da PF"},"content":{"rendered":"<div class=\"wp-block-image\">\n<figure class=\"aligncenter size-full\"><img data-recalc-dims=\"1\" fetchpriority=\"high\" decoding=\"async\" width=\"676\" height=\"448\" src=\"https:\/\/i0.wp.com\/minutobahia24h.com.br\/wp-content\/uploads\/2024\/12\/Sem-titulo-339.jpg?resize=676%2C448&#038;ssl=1\" alt=\"\" class=\"wp-image-21237\" srcset=\"https:\/\/i0.wp.com\/minutobahia24h.com.br\/wp-content\/uploads\/2024\/12\/Sem-titulo-339.jpg?w=676&amp;ssl=1 676w, https:\/\/i0.wp.com\/minutobahia24h.com.br\/wp-content\/uploads\/2024\/12\/Sem-titulo-339.jpg?resize=300%2C199&amp;ssl=1 300w\" sizes=\"(max-width: 676px) 100vw, 676px\" \/><\/figure>\n<\/div>\n\n\n<p>O ministro&nbsp;<a class=\"\" href=\"https:\/\/g1.globo.com\/tudo-sobre\/flavio-dino\/\">Fl\u00e1vio Dino<\/a>, do Supremo Tribunal Federal (<a class=\"\" href=\"https:\/\/g1.globo.com\/tudo-sobre\/supremo-tribunal-federal\/\">STF<\/a>), decidiu suspender nesta segunda-feira (23) o pagamento de&nbsp;<a class=\"\" href=\"https:\/\/g1.globo.com\/politica\/noticia\/2024\/12\/09\/emendas-dino-rejeita-pedido-da-agu-e-mantem-integra-da-decisao.ghtml\">R$ 4,2 bilh\u00f5es em emendas parlamentares<\/a>&nbsp;e determinou que a&nbsp;<a class=\"\" href=\"https:\/\/g1.globo.com\/tudo-sobre\/policia-federal\/\">Pol\u00edcia Federal<\/a>&nbsp;(PF) abra um inqu\u00e9rito para apurar a libera\u00e7\u00e3o deste valor.<\/p>\n\n\n\n<p>\ud83d\udd0eAs<strong>&nbsp;emendas parlamentares&nbsp;<\/strong>s\u00e3o uma reserva dentro do Or\u00e7amento usadas conforme indica\u00e7\u00e3o de deputados e senadores. \u00c9 esse o dinheiro enviado pelos parlamentares para estados e munic\u00edpios. O pagamento dos recursos \u00e9 responsabilidade do governo federal.<\/p>\n\n\n\n<p>A decis\u00e3o de Dino foi uma resposta a um pedido do PSOL, que apontou irregularidades na destina\u00e7\u00e3o&nbsp;de R$ 4,2 bilh\u00f5es em emendas de comiss\u00e3o.<\/p>\n\n\n\n<p>\ud83d\udd0eEsse tipo de emenda, que n\u00e3o tem pagamento obrigat\u00f3rio, \u00e9 indicada por colegiados tem\u00e1ticos no Congresso, tanto da C\u00e2mara, quanto do Senado. A modalidade foi turbinada ap\u00f3s o&nbsp;<a class=\"\" href=\"https:\/\/g1.globo.com\/politica\/noticia\/2024\/08\/14\/alvo-do-stf-pagamento-de-emendas-de-comissao-aumentou-quase-6000percent-em-relacao-a-2022.ghtml\">STF derrubar as emendas de relator.<\/a><\/p>\n\n\n\n<p>O PSOL questionou no STF o of\u00edcio que<a class=\"\" href=\"https:\/\/g1.globo.com\/politica\/noticia\/2024\/12\/13\/governo-atualiza-liberacao-de-emendas-parlamentares-r-7-bilhoes-ate-a-proxima-segunda-feira.ghtml\">&nbsp;autorizou o repasse dos recursos das emendas<\/a>&nbsp;de comiss\u00e3o.<\/p>\n\n\n\n<h2 class=\"wp-block-heading\">Como foi a libera\u00e7\u00e3o dos repasses?<\/h2>\n\n\n\n<p>O documento que pediu a libera\u00e7\u00e3o do dinheiro foi enviado no dia 12 de dezembro ao Pal\u00e1cio do Planalto pelo presidente da C\u00e2mara, Arthur Lira (PP-AL) e assinado por 17 l\u00edderes de partidos na Casa.<\/p>\n\n\n\n<p>No mesmo dia<strong>, Lira cancelou todas as sess\u00f5es de comiss\u00f5es<\/strong>&nbsp;que estavam marcadas at\u00e9 20 de dezembro, \u00faltimo dia de trabalho na C\u00e2mara em 2025. A decis\u00e3o do parlamentar citou \u201ca necessidade de o Plen\u00e1rio da C\u00e2mara dos Deputados discutir e votar proposi\u00e7\u00f5es de relevante interesse nacional\u201d.<\/p>\n\n\n\n<p>Naquela semana, o Congresso deixou de lado pautas caras ao governo e se debru\u00e7ou sobre projetos voltados para a seguran\u00e7a p\u00fablica, encabe\u00e7ados por parlamentares ligados a<a class=\"\" href=\"https:\/\/g1.globo.com\/politica\/noticia\/2024\/12\/13\/anistia-a-armas-castracao-quimica-internacoes-compulsorias-entenda-projetos-aprovados-pela-camara.ghtml\">&nbsp;for\u00e7as de seguran\u00e7a, a favor do armamento e de oposi\u00e7\u00e3o ao governo.<\/a><\/p>\n\n\n\n<p>Ap\u00f3s a libera\u00e7\u00e3o das emendas, os deputados fizeram um esfor\u00e7o concentrado e votaram a&nbsp;<a class=\"\" href=\"https:\/\/g1.globo.com\/economia\/noticia\/2024\/12\/18\/principais-pontos-projeto-regulamentacao-reforma-tributaria-camara.ghtml\">regulamenta\u00e7\u00e3o da reforma tribut\u00e1ria<\/a>&nbsp;e o&nbsp;<a class=\"\" href=\"https:\/\/g1.globo.com\/politica\/noticia\/2024\/12\/20\/congresso-promulga-pec-do-ajuste-fiscal.ghtml\">pacote de cortes de gastos<\/a>. Com a decis\u00e3o de Lira, os colegiados tem\u00e1ticos da C\u00e2mara n\u00e3o puderam deliberar sobre o destino das emendas de comiss\u00e3o.<\/p>\n\n\n\n<p>Segundo a a\u00e7\u00e3o do PSOL, a medida impediu o registro da ata ou delibera\u00e7\u00e3o formal de 5,4 mil indica\u00e7\u00f5es de emenda em um total de R$ 4,2 bilh\u00f5es.<\/p>\n\n\n\n<p>Ao STF, o partido afirmou que parte dessas emendas<strong>&nbsp;teve novas indica\u00e7\u00f5es de destinos<\/strong>&nbsp;em favor de Alagoas, estado de Lira, o que o PSOL apontou como ilegal.&nbsp;O governo federal, por meio da Casa Civil, n\u00e3o viu irregularidades e autorizou o repasse.<\/p>\n\n\n\n<h2 class=\"wp-block-heading\">Decis\u00e3o do ministro<\/h2>\n\n\n\n<p>Na decis\u00e3o, Dino determinou que a C\u00e2mara&nbsp;publique em at\u00e9 cinco dias as&nbsp;<strong>atas das reuni\u00f5es das comiss\u00f5es&nbsp;<\/strong>nas quais as emendas foram aprovadas.<\/p>\n\n\n\n<p>Esses registros devem ser encaminhados \u00e0 Secretaria de Rela\u00e7\u00f5es Institucionais da Presid\u00eancia, chefiada pelo ministro Alexandre Padilha, respons\u00e1vel pela rela\u00e7\u00e3o do Planalto com o Congresso.<\/p>\n\n\n\n<p>O ministro do STF tamb\u00e9m decidiu que<strong>&nbsp;o pagamento das emendas s\u00f3 poder\u00e1 ser feito&nbsp;<\/strong>depois que essas atas chegarem ao Planalto e desde que&nbsp;sigam os crit\u00e9rios de transpar\u00eancia e rastreabilidade definidos pela Corte em<a class=\"\" href=\"https:\/\/g1.globo.com\/politica\/noticia\/2024\/12\/09\/emendas-dino-rejeita-pedido-da-agu-e-mantem-integra-da-decisao.ghtml\">&nbsp;decis\u00e3o no \u00faltimo dia 4.<\/a><\/p>\n\n\n\n<p>Por fim, determinou que as emendas de 2025 s\u00f3 poder\u00e3o ser autorizadas caso os requisitos sejam cumpridos&nbsp;<em>(veja as novas regras mais abaixo).<\/em><\/p>\n\n\n\n<p>Em entrevista \u00e0&nbsp;<strong>GloboNews,<\/strong>&nbsp;o ministro Padilha afirmou que, mesmo antes de conhecer os detalhes da decis\u00e3o, pode confirmar que governo cumprir\u00e1 a determina\u00e7\u00e3o.<\/p>\n\n\n\n<blockquote class=\"wp-block-quote is-layout-flow wp-block-quote-is-layout-flow\">\n<p>&#8220;O governo vai cumprir sempre \u00e0 risca toda decis\u00e3o do Supremo. Esse \u00e9 um governo que respeita as decis\u00f5es da Suprema Corte&#8221;, frisou.<\/p>\n<\/blockquote>\n\n\n\n<h2 class=\"wp-block-heading\">Novas regras para emendas<\/h2>\n\n\n\n<p>Os repasses das emendas foram suspensos pelo STF em agosto, ap\u00f3s entidades questionarem em a\u00e7\u00f5es no STF a<strong>&nbsp;baixa transpar\u00eancia na destina\u00e7\u00e3o e na aplica\u00e7\u00e3o desses recursos.<\/strong><\/p>\n\n\n\n<p>No in\u00edcio de dezembro, Dino liberou os pagamentos, desde que fossem cumpridas diversas condi\u00e7\u00f5es para cada modalidade de emenda existente. No caso das modalidades bancada e comiss\u00e3o, ficou definido que:<\/p>\n\n\n\n<ul class=\"wp-block-list\">\n<li>A partir de 2025, as bancadas e as comiss\u00f5es da C\u00e2mara e do Senado que desejarem indicar emendas\u00a0<strong>dever\u00e3o registrar, em ata, o nome do parlamentar que sugeriu cada proposta.<\/strong><\/li>\n\n\n\n<li>Hoje, essas emendas s\u00e3o enviadas em nome &#8220;do coletivo&#8221; \u2013 da bancada estadual ou da comiss\u00e3o tem\u00e1tica. Dino deixa claro, no despacho, que\u00a0<strong>mesmo essas emendas coletivas dever\u00e3o trazer a informa\u00e7\u00e3o de quem as sugeriu.<\/strong><\/li>\n<\/ul>\n\n\n\n<p>O ministro especifica, ainda, que as emendas de comiss\u00e3o podem ser apresentadas por qualquer parlamentar membro de cada colegiado. E diz que os&nbsp;<strong>l\u00edderes partid\u00e1rios &#8220;n\u00e3o det\u00e9m monop\u00f3lio<\/strong>&nbsp;da autoria&#8221;, j\u00e1 que isso feriria regras do&nbsp;<a class=\"\" href=\"https:\/\/g1.globo.com\/tudo-sobre\/congresso-nacional\/\">Congresso Nacional<\/a>&nbsp;e o processo legislativo.<\/p>\n","protected":false},"excerpt":{"rendered":"<p>O ministro&nbsp;Fl\u00e1vio Dino, do Supremo Tribunal Federal (STF), decidiu suspender nesta segunda-feira (23) o pagamento de&nbsp;R$ 4,2 bilh\u00f5es em emendas parlamentares&nbsp;e determinou que a&nbsp;Pol\u00edcia Federal&nbsp;(PF) abra um inqu\u00e9rito para apurar a libera\u00e7\u00e3o deste valor. \ud83d\udd0eAs&nbsp;emendas parlamentares&nbsp;s\u00e3o uma reserva dentro do Or\u00e7amento usadas conforme indica\u00e7\u00e3o de deputados e senadores. \u00c9 esse o dinheiro enviado pelos parlamentares [&hellip;]<\/p>\n","protected":false},"author":2,"featured_media":21237,"comment_status":"open","ping_status":"open","sticky":false,"template":"","format":"standard","meta":{"_jetpack_memberships_contains_paid_content":false,"footnotes":""},"categories":[39],"tags":[],"class_list":["post-21236","post","type-post","status-publish","format-standard","has-post-thumbnail","hentry","category-politica"],"aioseo_notices":[],"jetpack_featured_media_url":"https:\/\/i0.wp.com\/minutobahia24h.com.br\/wp-content\/uploads\/2024\/12\/Sem-titulo-339.jpg?fit=676%2C448&ssl=1","jetpack_sharing_enabled":true,"_links":{"self":[{"href":"https:\/\/minutobahia24h.com.br\/index.php?rest_route=\/wp\/v2\/posts\/21236","targetHints":{"allow":["GET"]}}],"collection":[{"href":"https:\/\/minutobahia24h.com.br\/index.php?rest_route=\/wp\/v2\/posts"}],"about":[{"href":"https:\/\/minutobahia24h.com.br\/index.php?rest_route=\/wp\/v2\/types\/post"}],"author":[{"embeddable":true,"href":"https:\/\/minutobahia24h.com.br\/index.php?rest_route=\/wp\/v2\/users\/2"}],"replies":[{"embeddable":true,"href":"https:\/\/minutobahia24h.com.br\/index.php?rest_route=%2Fwp%2Fv2%2Fcomments&post=21236"}],"version-history":[{"count":1,"href":"https:\/\/minutobahia24h.com.br\/index.php?rest_route=\/wp\/v2\/posts\/21236\/revisions"}],"predecessor-version":[{"id":21238,"href":"https:\/\/minutobahia24h.com.br\/index.php?rest_route=\/wp\/v2\/posts\/21236\/revisions\/21238"}],"wp:featuredmedia":[{"embeddable":true,"href":"https:\/\/minutobahia24h.com.br\/index.php?rest_route=\/wp\/v2\/media\/21237"}],"wp:attachment":[{"href":"https:\/\/minutobahia24h.com.br\/index.php?rest_route=%2Fwp%2Fv2%2Fmedia&parent=21236"}],"wp:term":[{"taxonomy":"category","embeddable":true,"href":"https:\/\/minutobahia24h.com.br\/index.php?rest_route=%2Fwp%2Fv2%2Fcategories&post=21236"},{"taxonomy":"post_tag","embeddable":true,"href":"https:\/\/minutobahia24h.com.br\/index.php?rest_route=%2Fwp%2Fv2%2Ftags&post=21236"}],"curies":[{"name":"wp","href":"https:\/\/api.w.org\/{rel}","templated":true}]}}