{"id":21233,"date":"2024-12-23T10:51:38","date_gmt":"2024-12-23T13:51:38","guid":{"rendered":"https:\/\/minutobahia24h.com.br\/?p=21233"},"modified":"2024-12-23T10:51:40","modified_gmt":"2024-12-23T13:51:40","slug":"dolar-abre-em-alta-e-bate-r-616-com-avaliacao-final-do-pacote-de-corte-de-gastos-ibovespa-cai","status":"publish","type":"post","link":"https:\/\/minutobahia24h.com.br\/?p=21233","title":{"rendered":"D\u00f3lar abre em alta e bate R$ 6,16, com avalia\u00e7\u00e3o final do pacote de corte de gastos; Ibovespa cai"},"content":{"rendered":"<div class=\"wp-block-image\">\n<figure class=\"aligncenter size-full\"><img data-recalc-dims=\"1\" fetchpriority=\"high\" decoding=\"async\" width=\"800\" height=\"608\" src=\"https:\/\/i0.wp.com\/minutobahia24h.com.br\/wp-content\/uploads\/2024\/12\/Sem-titulo-338.jpg?resize=800%2C608&#038;ssl=1\" alt=\"\" class=\"wp-image-21234\" srcset=\"https:\/\/i0.wp.com\/minutobahia24h.com.br\/wp-content\/uploads\/2024\/12\/Sem-titulo-338.jpg?w=984&amp;ssl=1 984w, https:\/\/i0.wp.com\/minutobahia24h.com.br\/wp-content\/uploads\/2024\/12\/Sem-titulo-338.jpg?resize=300%2C228&amp;ssl=1 300w, https:\/\/i0.wp.com\/minutobahia24h.com.br\/wp-content\/uploads\/2024\/12\/Sem-titulo-338.jpg?resize=768%2C584&amp;ssl=1 768w, https:\/\/i0.wp.com\/minutobahia24h.com.br\/wp-content\/uploads\/2024\/12\/Sem-titulo-338.jpg?resize=750%2C570&amp;ssl=1 750w\" sizes=\"(max-width: 800px) 100vw, 800px\" \/><figcaption class=\"wp-element-caption\">Notas de d\u00f3lar \u2014 Foto: Gary Cameron\/Reuters<br><br><\/figcaption><\/figure>\n<\/div>\n\n\n<p>O d\u00f3lar abriu em alta nesta segunda-feira (23), e opera na casa dos R$ 6,14, com a avalia\u00e7\u00e3o do pacote de corte de gastos, que terminou sua tramita\u00e7\u00e3o no Congresso Nacional. Na m\u00e1xima do dia, chegou aos R$ 6,1611. O&nbsp;<a class=\"\" href=\"https:\/\/g1.globo.com\/tudo-sobre\/ibovespa\/\">Ibovespa<\/a>, principal \u00edndice da bolsa de valores, tem queda.<\/p>\n\n\n\n<p>Investidores acompanham de perto o desenrolar das propostas de corte. H\u00e1 um&nbsp;<strong>temor de que as medidas anunciadas n\u00e3o sejam suficientes para equilibrar as contas p\u00fablicas<\/strong>&nbsp;e conter o avan\u00e7o das despesas do governo.<\/p>\n\n\n\n<p>Houve uma &#8220;desidrata\u00e7\u00e3o&#8221; de algumas medidas \u2014 ou seja, pontos foram alterados e podem conter as despesas p\u00fablicas em patamar menor que o esperado.<\/p>\n\n\n\n<p>Nesta sexta,&nbsp;<a class=\"\" href=\"https:\/\/g1.globo.com\/economia\/noticia\/2024\/12\/20\/haddad-minimiza-desidratacao-do-pacote-de-gastos-no-congresso-e-acena-com-novas-medidas.ghtml\">o ministro da Fazenda, Fernando Haddad, minimizou as mudan\u00e7as no pacote.<\/a>&nbsp;Segundo ele, o Congresso Nacional atendeu, dentro das suas possibilidades, &#8220;em um prazo curto de tempo&#8221;, um resultado preliminar &#8220;muito interessante&#8221;.<\/p>\n\n\n\n<p>O titular da Fazenda tamb\u00e9m acenou ao mercado falando em novas medidas de redu\u00e7\u00e3o de despesas no decorrer de 2025, sem detalh\u00e1-las.<\/p>\n\n\n\n<p>Investidores tamb\u00e9m aguardam para o fim da semana os dados da pr\u00e9via da infla\u00e7\u00e3o de dezembro e os dados de desemprego do pa\u00eds em novembro.<\/p>\n\n\n\n<p>Na semana passada, a moeda americana passou por uma sequ\u00eancia de altas. O BC colocou mais US$ 28 bilh\u00f5es em leil\u00e3o para aumentar a oferta de d\u00f3lares no mercado e conter o aumento.<\/p>\n\n\n\n<p>O presidente do \u00f3rg\u00e3o, Roberto Campos Neto,&nbsp;<a class=\"\" href=\"https:\/\/g1.globo.com\/economia\/noticia\/2024\/12\/19\/campos-neto-ve-saida-extraordinaria-de-dolares-no-fim-do-ano-e-diz-que-bc-tem-muita-reserva-e-vai-atuar-se-for-necessario.ghtml\">avaliou que houve uma sa\u00edda extraordin\u00e1ria de recursos do pa\u00eds neste fim de ano<\/a>&nbsp;e, por isso, a institui\u00e7\u00e3o resolveu intervir.&nbsp;<strong>No ano, o d\u00f3lar tem alta de 25%.<\/strong><\/p>\n\n\n\n<h2 class=\"wp-block-heading\">D\u00f3lar<\/h2>\n\n\n\n<p>\u00c0s 10h30, o d\u00f3lar operava em alta de 1,26%, cotado a R$ 6,1485.&nbsp;<a class=\"\" href=\"https:\/\/valor.globo.com\/valor-data\/\"><strong>Veja mais cota\u00e7\u00f5es.<\/strong><\/a><\/p>\n\n\n\n<p>Na sexta-feira, a moeda norte-americana teve queda de 0,81%, cotado a R$ 6,0719.<\/p>\n\n\n\n<p><strong>Com o resultado, acumulou:<\/strong><\/p>\n\n\n\n<ul class=\"wp-block-list\">\n<li>ganhos de 0,62% na semana;<\/li>\n\n\n\n<li>alta de 1,19% no m\u00eas;<\/li>\n\n\n\n<li>avan\u00e7o de 25,13% no ano.<\/li>\n<\/ul>\n\n\n\n<h2 class=\"wp-block-heading\">Ibovespa<\/h2>\n\n\n\n<p>O Ibovespa opera em queda de 0,76%, aos 121.177 pontos.<\/p>\n\n\n\n<p>Na v\u00e9spera, o \u00edndice teve alta de 0,75%, aos 122.102 pontos.<\/p>\n\n\n\n<p><strong>Com o resultado, acumulou:<\/strong><\/p>\n\n\n\n<ul class=\"wp-block-list\">\n<li>queda de 2,01% na semana;<\/li>\n\n\n\n<li>perda de 2,84% no m\u00eas;<\/li>\n\n\n\n<li>recuo de 9% no ano.<\/li>\n<\/ul>\n\n\n\n<h2 class=\"wp-block-heading\">O que est\u00e1 mexendo com os mercados?<\/h2>\n\n\n\n<p>O Congresso concluiu na sexta-feira a tramita\u00e7\u00e3o do pacote de corte de gastos proposto pelo governo federal. A ideia inicial era economizar R$ 70 bilh\u00f5es nos pr\u00f3ximos dois anos, e um total de R$ 375 bilh\u00f5es at\u00e9 2030.<\/p>\n\n\n\n<p>No caf\u00e9 da manh\u00e3 com jornalistas, na sexta-feira, o ministro da Fazenda,&nbsp;<a class=\"\" href=\"https:\/\/g1.globo.com\/politica\/politico\/fernando-haddad\/\">Fernando Haddad<\/a>, disse que as mudan\u00e7as feitas pelos parlamentares n\u00e3o comprometem a conta feita pelo governo.<\/p>\n\n\n\n<blockquote class=\"wp-block-quote is-layout-flow wp-block-quote-is-layout-flow\">\n<p>&#8220;Fala-se em &#8216;desidrata\u00e7\u00e3o&#8217;, mas havia expectativa de parte dos analistas que poderia haver &#8216;hidrata\u00e7\u00e3o&#8217; [aumento da pot\u00eancia dos cortes de gastos]. Os ajustes feitos na reda\u00e7\u00e3o n\u00e3o afetam o resultado final. Mant\u00e9m na mesma ordem de grandeza os valores encaminhados pelo Executivo&#8221;, afirmou Haddad.<\/p>\n<\/blockquote>\n\n\n\n<p>O mercado, mais uma vez, contesta os n\u00fameros. Para a XP Investimentos, o potencial de economia fiscal recuou de R$ 52 bilh\u00f5es para R$ 44 bilh\u00f5es.<\/p>\n\n\n\n<blockquote class=\"wp-block-quote is-layout-flow wp-block-quote-is-layout-flow\">\n<p>&#8220;Apesar da dire\u00e7\u00e3o correta, vemos o pacote como insuficiente para garantir o atingimento das metas de resultado prim\u00e1rio e, principalmente, a manuten\u00e7\u00e3o do limite de despesas do arcabou\u00e7o fiscal nos pr\u00f3ximos anos&#8221;, diz um relat\u00f3rio da empresa.<\/p>\n<\/blockquote>\n\n\n\n<p>O governo precisa reduzir os gastos porque tem uma meta de zerar o d\u00e9ficit p\u00fablico pelos pr\u00f3ximos dois anos \u2014 ou seja, gastar o mesmo tanto que arrecada em 2024 e 2025. O arcabou\u00e7o tamb\u00e9m estipula que o governo deve come\u00e7ar a arrecadar mais do que gasta a partir de 2026, para controlar o endividamento p\u00fablico.<\/p>\n\n\n\n<p>Mas os agentes financeiros j\u00e1 n\u00e3o esperam grande efic\u00e1cia das medidas para controlar o endividamento p\u00fablico, e&nbsp;<a class=\"\" href=\"https:\/\/g1.globo.com\/fantastico\/noticia\/2024\/12\/15\/apos-deixar-hospital-lula-lembra-do-susto-diz-estar-bem-fala-da-volta-ao-trabalho-e-dos-desafios-na-economia.ghtml\">declara\u00e7\u00f5es do presidente Luiz In\u00e1cio Lula da Silva (PT) ao Fant\u00e1stico&nbsp;<\/a>consolidaram a percep\u00e7\u00e3o de que o governo n\u00e3o pretende avan\u00e7ar muito na conten\u00e7\u00e3o de despesas.<\/p>\n\n\n\n<p>O mercado tinha a expectativa de que o governo mexesse em gastos estruturais nesse pacote de corte de gastos \u2014 como a Previd\u00eancia, benef\u00edcios reajustados pelo sal\u00e1rio m\u00ednimo e os pisos de investimento em sa\u00fade e educa\u00e7\u00e3o. Mas isso n\u00e3o aconteceu.<\/p>\n\n\n\n<p>Segundo os analistas, essas despesas tendem a subir em velocidade acelerada e t\u00eam potencial de anular esse esfor\u00e7o do pacote em pouco tempo. O governo, contudo, \u00e9 avesso \u00e0s medidas, que mexeriam com pol\u00edticas p\u00fablicas e com promessas de campanha do presidente Lula.<\/p>\n\n\n\n<p>Segundo o&nbsp;<a class=\"\" href=\"https:\/\/g1.globo.com\/politica\/blog\/valdo-cruz\/post\/2024\/12\/18\/governo-precisa-de-novas-medidas-fiscais-para-reverter-cenario-negativo-avaliam-auxiliares-de-haddad.ghtml\">blog do Valdo Cruz<\/a>, interlocutores do ministro da Fazenda, Fernando Haddad, avaliam que o governo precisa dar uma sinaliza\u00e7\u00e3o mais forte na \u00e1rea fiscal, incluindo o an\u00fancio de medidas adicionais \u00e0s j\u00e1 anunciadas, para reverter de vez o cen\u00e1rio negativo que reina no mercado neste fim de ano.<\/p>\n\n\n\n<p>A semana \u00e9 mais lenta por conta do feriado de Natal, mas os agentes econ\u00f4micos esperam dois dados importantes no fim da semana.<\/p>\n\n\n\n<p>Na sexta, o Instituto Brasileiro de Geografia e Estat\u00edstica (IBGE) divulga os n\u00fameros do desemprego em novembro e a pr\u00e9via da infla\u00e7\u00e3o de dezembro (IPCA-15). Ambos saem \u00e0s 9h.<\/p>\n\n\n\n<p>Nesta segunda, o que houve de mais importante foi&nbsp;<a class=\"\" href=\"https:\/\/g1.globo.com\/economia\/noticia\/2024\/12\/23\/boletim-focus-mercado-financeiro-eleva-estimativa-de-inflacao-para-2024-e-2025-e-ve-alta-maior-dos-juros.ghtml\">o reajuste de expectativas do mercado vistos no boletim Focus.<\/a>&nbsp;A sondagem com mais de 100 instittui\u00e7\u00f5es financeiras mostra o que os especialistas esperam para o futuro da economia.<\/p>\n\n\n\n<p>Para este ano, a proje\u00e7\u00e3o do \u00cdndice Nacional de Pre\u00e7os ao Consumidor Amplo (IPCA) avan\u00e7ou de 4,89% para 4,91%. Com isso, segue acima do teto da meta de infla\u00e7\u00e3o para este ano, que \u00e9 de 4,50%.<\/p>\n\n\n\n<p>Segundo analistas, o aumento de gastos p\u00fablicos \u00e9 um fator que tem pesado para o aumento das proje\u00e7\u00f5es de infla\u00e7\u00e3o. Para 2025, a estimativa de infla\u00e7\u00e3o teve forte aumento na semana passada, avan\u00e7ando de 4,60% para 4,84%.<\/p>\n\n\n\n<p>Sobre a taxa b\u00e1sica de juros, a proje\u00e7\u00e3o do mercado para o fechamento de 2025 subiu de 14% para 14,75% ao ano. Para o fim de 2026, o mercado financeiro elevou a proje\u00e7\u00e3o de 11,25% para 11,75% ao ano.<\/p>\n\n\n\n<p><\/p>\n","protected":false},"excerpt":{"rendered":"<p>O d\u00f3lar abriu em alta nesta segunda-feira (23), e opera na casa dos R$ 6,14, com a avalia\u00e7\u00e3o do pacote de corte de gastos, que terminou sua tramita\u00e7\u00e3o no Congresso Nacional. Na m\u00e1xima do dia, chegou aos R$ 6,1611. O&nbsp;Ibovespa, principal \u00edndice da bolsa de valores, tem queda. Investidores acompanham de perto o desenrolar das [&hellip;]<\/p>\n","protected":false},"author":2,"featured_media":21234,"comment_status":"open","ping_status":"open","sticky":false,"template":"","format":"standard","meta":{"_jetpack_memberships_contains_paid_content":false,"footnotes":""},"categories":[19],"tags":[],"class_list":["post-21233","post","type-post","status-publish","format-standard","has-post-thumbnail","hentry","category-economia"],"aioseo_notices":[],"jetpack_featured_media_url":"https:\/\/i0.wp.com\/minutobahia24h.com.br\/wp-content\/uploads\/2024\/12\/Sem-titulo-338.jpg?fit=984%2C748&ssl=1","jetpack_sharing_enabled":true,"_links":{"self":[{"href":"https:\/\/minutobahia24h.com.br\/index.php?rest_route=\/wp\/v2\/posts\/21233","targetHints":{"allow":["GET"]}}],"collection":[{"href":"https:\/\/minutobahia24h.com.br\/index.php?rest_route=\/wp\/v2\/posts"}],"about":[{"href":"https:\/\/minutobahia24h.com.br\/index.php?rest_route=\/wp\/v2\/types\/post"}],"author":[{"embeddable":true,"href":"https:\/\/minutobahia24h.com.br\/index.php?rest_route=\/wp\/v2\/users\/2"}],"replies":[{"embeddable":true,"href":"https:\/\/minutobahia24h.com.br\/index.php?rest_route=%2Fwp%2Fv2%2Fcomments&post=21233"}],"version-history":[{"count":1,"href":"https:\/\/minutobahia24h.com.br\/index.php?rest_route=\/wp\/v2\/posts\/21233\/revisions"}],"predecessor-version":[{"id":21235,"href":"https:\/\/minutobahia24h.com.br\/index.php?rest_route=\/wp\/v2\/posts\/21233\/revisions\/21235"}],"wp:featuredmedia":[{"embeddable":true,"href":"https:\/\/minutobahia24h.com.br\/index.php?rest_route=\/wp\/v2\/media\/21234"}],"wp:attachment":[{"href":"https:\/\/minutobahia24h.com.br\/index.php?rest_route=%2Fwp%2Fv2%2Fmedia&parent=21233"}],"wp:term":[{"taxonomy":"category","embeddable":true,"href":"https:\/\/minutobahia24h.com.br\/index.php?rest_route=%2Fwp%2Fv2%2Fcategories&post=21233"},{"taxonomy":"post_tag","embeddable":true,"href":"https:\/\/minutobahia24h.com.br\/index.php?rest_route=%2Fwp%2Fv2%2Ftags&post=21233"}],"curies":[{"name":"wp","href":"https:\/\/api.w.org\/{rel}","templated":true}]}}