{"id":21224,"date":"2024-12-23T10:35:59","date_gmt":"2024-12-23T13:35:59","guid":{"rendered":"https:\/\/minutobahia24h.com.br\/?p=21224"},"modified":"2024-12-23T10:36:01","modified_gmt":"2024-12-23T13:36:01","slug":"operacao-overclean-saiba-como-atuava-cada-um-dos-quatro-presos-nesta-segunda-feira-23","status":"publish","type":"post","link":"https:\/\/minutobahia24h.com.br\/?p=21224","title":{"rendered":"Opera\u00e7\u00e3o Overclean: Saiba como atuava cada um dos quatro presos nesta segunda-feira (23)"},"content":{"rendered":"<div class=\"wp-block-image\">\n<figure class=\"aligncenter size-full\"><img data-recalc-dims=\"1\" fetchpriority=\"high\" decoding=\"async\" width=\"768\" height=\"383\" src=\"https:\/\/i0.wp.com\/minutobahia24h.com.br\/wp-content\/uploads\/2024\/12\/Sem-titulo-335.jpg?resize=768%2C383&#038;ssl=1\" alt=\"\" class=\"wp-image-21225\" srcset=\"https:\/\/i0.wp.com\/minutobahia24h.com.br\/wp-content\/uploads\/2024\/12\/Sem-titulo-335.jpg?w=768&amp;ssl=1 768w, https:\/\/i0.wp.com\/minutobahia24h.com.br\/wp-content\/uploads\/2024\/12\/Sem-titulo-335.jpg?resize=300%2C150&amp;ssl=1 300w, https:\/\/i0.wp.com\/minutobahia24h.com.br\/wp-content\/uploads\/2024\/12\/Sem-titulo-335.jpg?resize=360%2C180&amp;ssl=1 360w, https:\/\/i0.wp.com\/minutobahia24h.com.br\/wp-content\/uploads\/2024\/12\/Sem-titulo-335.jpg?resize=750%2C374&amp;ssl=1 750w\" sizes=\"(max-width: 768px) 100vw, 768px\" \/><figcaption class=\"wp-element-caption\">Opera\u00e7\u00e3o Overclean prendeu o vice-prefeito de Lauro de Freitas\u00a0\u00a0|\u00a0\u00a0\u00a0<img decoding=\"async\" width=\"17\" height=\"17\" data-src=\"https:\/\/www.bnews.com.br\/static\/img\/camera_icon.svg\" alt=\"Bnews - Divulga\u00e7\u00e3o\" src=\"data:image\/gif;base64,R0lGODlhAQABAAAAACH5BAEKAAEALAAAAAABAAEAAAICTAEAOw==\" class=\"lazyload\"><noscript><img decoding=\"async\" width=\"17\" height=\"17\" src=\"https:\/\/www.bnews.com.br\/static\/img\/camera_icon.svg\" alt=\"Bnews - Divulga\u00e7\u00e3o\"><\/noscript>\u00a0Divulga\u00e7\u00e3o\/Governo Federal<br><a href=\"https:\/\/www.bnews.com.br\/autor\/marcelo-ramos\/\"><\/a><\/figcaption><\/figure>\n<\/div>\n\n\n<p>Vice-prefeito de Lauro de Freitas,&nbsp;<a href=\"https:\/\/www.bnews.com.br\/noticias\/politica\/operacao-overclean-vice-prefeito-de-lauro-de-freitas-e-preso.html\" rel=\"noreferrer noopener\" target=\"_blank\">Vidigal Cafezeiro (Republicanos) foi preso na manh\u00e3 desta segunda-feira (23) por suspeita de desvio de dinheiro<\/a>&nbsp;de emendas parlamentares na&nbsp;<a href=\"https:\/\/www.bnews.com.br\/tags\/overclean\" rel=\"noreferrer noopener\" target=\"_blank\">segunda fase da Opera\u00e7\u00e3o Overclean<\/a>, deflagrada pela Pol\u00edcia Federal. As a\u00e7\u00f5es aconteceram em Salvador e em Vit\u00f3ria da Conquista, no sudoeste do estado.<\/p>\n\n\n\n<p>Al\u00e9m de Carneiro, tamb\u00e9m foram presos Lucas Moreira Martins Dias, secret\u00e1rio de Mobilidade Urbana de Vit\u00f3ria da Conquista, Carlos Andr\u00e9 de Brito Coelho, ex-prefeito de Santa Cruz da Vit\u00f3ria, e o policial federal Rog\u00e9rio Magno Almeida Medeiros. Tamb\u00e9m houve o afastamento de Lara Bet\u00e2nia L\u00e9lis Oliveira, servidora da Prefeitura de Vit\u00f3ria da Conquista.<\/p>\n\n\n\n<p>De acordo com as autoridades, a organiza\u00e7\u00e3o criminosa utilizava um esquema estruturado para desviar recursos p\u00fablicos, provenientes de emendas parlamentares e cons\u00f3rcios, que eram direcionados para empresas e indiv\u00edduos ligados a administra\u00e7\u00f5es municipais.<\/p>\n\n\n\n<p><strong>Conhe\u00e7a os suspeitos e como eles atuavam, segundo a pol\u00edcia:<\/strong><\/p>\n\n\n\n<ul class=\"wp-block-list\">\n<li><strong>Vidigal Galv\u00e3o Cafezeiro Neto<\/strong><\/li>\n<\/ul>\n\n\n\n<p>Vice-prefeito de Lauro de Freitas e m\u00e9dico, respons\u00e1vel pelo Fundo Municipal de Sa\u00fade. Ele \u00e9 acusado de receber pagamentos mensais e teria tido d\u00edvidas pessoais pagas pela organiza\u00e7\u00e3o criminosa, utilizando contratos p\u00fablicos fraudulentos firmados com uma empresa.<\/p>\n\n\n\n<p>O nome do vice-prefeito apareceu em planilhas informais de contabilidade que constam que ele recebeu R$ 140 mil em um per\u00edodo de seis meses.<\/p>\n\n\n\n<ul class=\"wp-block-list\">\n<li><strong>Carlos Andr\u00e9 de Brito Coelho<\/strong><\/li>\n<\/ul>\n\n\n\n<p>Ex-prefeito de Santa Cruz da Vit\u00f3ria, teria atuado como operador financeiro e pol\u00edtico, organizando contratos fraudulentos e recebendo propinas. Ele foi vinculado a valores significativos registrados em planilhas e a dep\u00f3sitos feitos por empresas fantasmas controladas pelo grupo criminoso.<\/p>\n\n\n\n<p>Ele recebia repasses no valor de R$ 1,7 milh\u00e3o, parte deles associados a contratos p\u00fablicos fraudulentos firmados na Secretaria de Educa\u00e7\u00e3o de Salvador.<\/p>\n\n\n\n<ul class=\"wp-block-list\">\n<li><strong>Lucas Moreira Martins Dias<\/strong><\/li>\n<\/ul>\n\n\n\n<p>Advogado, atuou como Chefe do Gabinete Civil e atualmente est\u00e1 lotado na Secretaria de Mobilidade Urbana em Vit\u00f3ria da Conquista. \u00c9 acusado de receber valores provenientes de propinas atrav\u00e9s de dep\u00f3sitos fracionados e planilhas informais de contabilidade. Suspeito tamb\u00e9m de facilitar contratos irregulares com uma empresa.<\/p>\n\n\n\n<ul class=\"wp-block-list\">\n<li><strong>Rog\u00e9rio Magno Almeida Medeiros<\/strong><\/li>\n<\/ul>\n\n\n\n<p>Agente da Pol\u00edcia Federal, \u00e9 suspeito de fornecer informa\u00e7\u00f5es privilegiadas ao grupo criminoso e de receber pagamentos mensais pela fun\u00e7\u00e3o de vazamento de dados confidenciais sobre investiga\u00e7\u00f5es. Ele tamb\u00e9m recebeu servi\u00e7os pessoais pagos pelos l\u00edderes da organiza\u00e7\u00e3o criminosa.<\/p>\n\n\n\n<p>bnews<\/p>\n","protected":false},"excerpt":{"rendered":"<p>Vice-prefeito de Lauro de Freitas,&nbsp;Vidigal Cafezeiro (Republicanos) foi preso na manh\u00e3 desta segunda-feira (23) por suspeita de desvio de dinheiro&nbsp;de emendas parlamentares na&nbsp;segunda fase da Opera\u00e7\u00e3o Overclean, deflagrada pela Pol\u00edcia Federal. As a\u00e7\u00f5es aconteceram em Salvador e em Vit\u00f3ria da Conquista, no sudoeste do estado. Al\u00e9m de Carneiro, tamb\u00e9m foram presos Lucas Moreira Martins Dias, [&hellip;]<\/p>\n","protected":false},"author":2,"featured_media":21225,"comment_status":"open","ping_status":"open","sticky":false,"template":"","format":"standard","meta":{"_jetpack_memberships_contains_paid_content":false,"footnotes":""},"categories":[46],"tags":[],"class_list":["post-21224","post","type-post","status-publish","format-standard","has-post-thumbnail","hentry","category-noticia"],"aioseo_notices":[],"jetpack_featured_media_url":"https:\/\/i0.wp.com\/minutobahia24h.com.br\/wp-content\/uploads\/2024\/12\/Sem-titulo-335.jpg?fit=768%2C383&ssl=1","jetpack_sharing_enabled":true,"_links":{"self":[{"href":"https:\/\/minutobahia24h.com.br\/index.php?rest_route=\/wp\/v2\/posts\/21224","targetHints":{"allow":["GET"]}}],"collection":[{"href":"https:\/\/minutobahia24h.com.br\/index.php?rest_route=\/wp\/v2\/posts"}],"about":[{"href":"https:\/\/minutobahia24h.com.br\/index.php?rest_route=\/wp\/v2\/types\/post"}],"author":[{"embeddable":true,"href":"https:\/\/minutobahia24h.com.br\/index.php?rest_route=\/wp\/v2\/users\/2"}],"replies":[{"embeddable":true,"href":"https:\/\/minutobahia24h.com.br\/index.php?rest_route=%2Fwp%2Fv2%2Fcomments&post=21224"}],"version-history":[{"count":1,"href":"https:\/\/minutobahia24h.com.br\/index.php?rest_route=\/wp\/v2\/posts\/21224\/revisions"}],"predecessor-version":[{"id":21226,"href":"https:\/\/minutobahia24h.com.br\/index.php?rest_route=\/wp\/v2\/posts\/21224\/revisions\/21226"}],"wp:featuredmedia":[{"embeddable":true,"href":"https:\/\/minutobahia24h.com.br\/index.php?rest_route=\/wp\/v2\/media\/21225"}],"wp:attachment":[{"href":"https:\/\/minutobahia24h.com.br\/index.php?rest_route=%2Fwp%2Fv2%2Fmedia&parent=21224"}],"wp:term":[{"taxonomy":"category","embeddable":true,"href":"https:\/\/minutobahia24h.com.br\/index.php?rest_route=%2Fwp%2Fv2%2Fcategories&post=21224"},{"taxonomy":"post_tag","embeddable":true,"href":"https:\/\/minutobahia24h.com.br\/index.php?rest_route=%2Fwp%2Fv2%2Ftags&post=21224"}],"curies":[{"name":"wp","href":"https:\/\/api.w.org\/{rel}","templated":true}]}}