{"id":21209,"date":"2024-12-23T07:46:16","date_gmt":"2024-12-23T10:46:16","guid":{"rendered":"https:\/\/minutobahia24h.com.br\/?p=21209"},"modified":"2024-12-23T07:46:17","modified_gmt":"2024-12-23T10:46:17","slug":"vai-ter-cafe-para-todo-mundo-entenda-como-calor-extremo-eleva-preco-e-baixa-quantidade-e-qualidade-do-grao","status":"publish","type":"post","link":"https:\/\/minutobahia24h.com.br\/?p=21209","title":{"rendered":"Vai ter caf\u00e9 para todo mundo? Entenda como calor extremo eleva pre\u00e7o e baixa quantidade e qualidade do gr\u00e3o"},"content":{"rendered":"<div class=\"wp-block-image\">\n<figure class=\"aligncenter size-full\"><img data-recalc-dims=\"1\" fetchpriority=\"high\" decoding=\"async\" width=\"425\" height=\"240\" src=\"https:\/\/i0.wp.com\/minutobahia24h.com.br\/wp-content\/uploads\/2024\/12\/Sem-titulo-330.jpg?resize=425%2C240&#038;ssl=1\" alt=\"\" class=\"wp-image-21210\" srcset=\"https:\/\/i0.wp.com\/minutobahia24h.com.br\/wp-content\/uploads\/2024\/12\/Sem-titulo-330.jpg?w=425&amp;ssl=1 425w, https:\/\/i0.wp.com\/minutobahia24h.com.br\/wp-content\/uploads\/2024\/12\/Sem-titulo-330.jpg?resize=300%2C169&amp;ssl=1 300w\" sizes=\"(max-width: 425px) 100vw, 425px\" \/><\/figure>\n<\/div>\n\n\n<p>\u201cDez dias fazendo 40\u00b0 C, os outros trinta dias fazendo 35\u00b0C e quarenta e dois dias sem chuva, sem uma gota d\u2019\u00e1gua. \u00c9 uma condi\u00e7\u00e3o muito severa mesmo, como a gente nunca viveu em anos anteriores\u201d, relata o produtor de caf\u00e9 Pedro Berengan.<\/p>\n\n\n\n<p>A planta\u00e7\u00e3o dele fica em&nbsp;<a class=\"\" href=\"https:\/\/g1.globo.com\/sp\/itapetininga-regiao\/cidade\/cerqueira-cesar\/\">Cerqueira C\u00e9sar (SP)<\/a>, um lugar onde d\u00e9cadas atr\u00e1s o problema eram fortes geadas.<\/p>\n\n\n\n<p>As ondas de calor e a seca hist\u00f3rica criaram uma nova realidade para quem cultiva o gr\u00e3o no Brasil: pragas e doen\u00e7as fora de controle, meses sem chuva e lavouras inteiras sendo perdidas<\/p>\n\n\n\n<p>O resultado \u00e9 uma produ\u00e7\u00e3o menor, o aumento nos pre\u00e7os e mesmo a qualidade do gr\u00e3o pode ficar comprometida. Estudos apontam que Minas Gerais e&nbsp;<a class=\"\" href=\"https:\/\/g1.globo.com\/sp\/sao-paulo\/cidade\/sao-paulo\/\">S\u00e3o Paulo<\/a>, que est\u00e3o entre os p\u00f3los do caf\u00e9 no pa\u00eds, correm risco de perderem protagonismo.<\/p>\n\n\n\n<p>Neste s\u00e1bado (21), a\u00a0<a class=\"\" href=\"https:\/\/g1.globo.com\/economia\/agronegocios\/agro-de-gente-pra-gente\/noticia\/2024\/07\/23\/serie-pf-prato-do-futuro-mostra-solucoes-para-desafios-da-producao-de-alimentos-no-brasil.ghtml\">s\u00e9rie &#8220;PF: prato do futuro&#8221;<\/a>\u00a0mostrou como Berengan e outros produtores tentam combater os efeitos de um planeta mais quente recorrendo \u00e0\u00a0<a class=\"\" href=\"https:\/\/g1.globo.com\/economia\/agronegocios\/agro-de-gente-pra-gente\/noticia\/2024\/12\/21\/cafezinho-em-risco-como-sombra-de-arvores-ajuda-planta-a-lidar-com-o-planeta-mais-quente.ghtml\"><strong>t\u00e9cnica de plantar caf\u00e9 sob a sombra de \u00e1rvores<\/strong><\/a>, em vez de a pleno sol.\u00a0<\/p>\n\n\n\n<h2 class=\"wp-block-heading\">Dias quentes est\u00e3o mais frequentes<\/h2>\n\n\n\n<p>\u26a0\ufe0f O caf\u00e9, assim como a laranja, est\u00e1 entre os alimentos que correm mais risco com o planeta ficando mais quente. Isso porque eles s\u00e3o uma&nbsp;agricultura perene, como se chama a categoria dos cultivos em que s\u00f3 \u00e9 preciso plantar uma vez e a \u00e1rvore dar\u00e1 frutos todos os anos.<\/p>\n\n\n\n<p>O&nbsp;momento mais cr\u00edtico para essas culturas \u00e9 o da florada, que, no caso do caf\u00e9, costuma acontecer entre setembro e novembro.<\/p>\n\n\n\n<p>Nessa \u00e9poca,&nbsp;o calor e a seca podem acabar causando o aborto floral, que \u00e9 quando as flores n\u00e3o geram os frutos.<\/p>\n\n\n\n<p>Comparada com os n\u00edveis pr\u00e9-industriais, a temperatura do planeta j\u00e1 subiu cerca de 1\u00b0C, segundo o Painel Intergovernamental sobre Mudan\u00e7as Clim\u00e1ticas (<a class=\"\" href=\"https:\/\/g1.globo.com\/tudo-sobre\/ipcc\/\">IPCC<\/a>) da Organiza\u00e7\u00e3o das Na\u00e7\u00f5es Unidas (<a class=\"\" href=\"https:\/\/g1.globo.com\/tudo-sobre\/onu\/\">ONU<\/a>).<\/p>\n\n\n\n<p>A&nbsp;previs\u00e3o \u00e9 de que, entre 2030 e 2050, o aquecimento ser\u00e1 de mais 1,5\u00b0C. Parece, pouco, mas n\u00e3o \u00e9. Para o caf\u00e9 ar\u00e1bica, o mais produzido no Brasil, que aguenta uma temperatura entre 18\u00b0C e 22\u00b0C, o impacto pode ser devastador.<\/p>\n\n\n\n<figure class=\"wp-block-image\"><img data-recalc-dims=\"1\" decoding=\"async\" src=\"https:\/\/i0.wp.com\/s2-g1.glbimg.com\/jpB8vWXktY_Vt1VYB8BhDzJn0Kk%3D\/0x0%3A650x551\/650x0\/smart\/filters%3Astrip_icc%28%29\/i.s3.glbimg.com\/v1\/AUTH_59edd422c0c84a879bd37670ae4f538a\/internal_photos\/bs\/2024\/F\/l\/Gb42nfS36qdsu62BBm7Q\/fernando-assad-frase-mob-v.jpg?w=800&#038;ssl=1\" alt=\"Background image\"\/><\/figure>\n\n\n\n<h2 class=\"wp-block-heading\"><\/h2>\n\n\n\n<p>Foto: g1<\/p>\n\n\n\n<p>Al\u00e9m dos n\u00edveis de temperatura, outro efeito \u00e9 que os&nbsp;dias em que o calor supera os 35\u00b0C se tornaram mais frequentes.<\/p>\n\n\n\n<p>\u201cN\u00e3o foi s\u00f3 um m\u00eas, n\u00e3o \u00e9 isolado. Foram v\u00e1rios meses, pelo menos 34 meses consecutivos com temperaturas muito acima do normal, junto com seca\u201d, disse Ana Paula Cunha, especialista no monitoramento de secas do Centro Nacional de Monitoramento de Desastres Naturais (Cemaden), em entrevista ao&nbsp;<a class=\"\" href=\"https:\/\/g1.globo.com\/\"><strong>g1<\/strong><\/a>&nbsp;em junho deste ano.<\/p>\n\n\n\n<p>Em agosto, o \u00f3rg\u00e3o confirmou que&nbsp;<a class=\"\" href=\"https:\/\/g1.globo.com\/meio-ambiente\/noticia\/2024\/08\/31\/brasil-enfrenta-a-maior-seca-da-historia-diz-orgao-do-governo-federal.ghtml\">o Brasil enfrentava a maior seca j\u00e1 vista na sua hist\u00f3ria recente<\/a>.<\/p>\n\n\n\n<blockquote class=\"wp-block-quote is-layout-flow wp-block-quote-is-layout-flow\">\n<p>Com este cen\u00e1rio, a tend\u00eancia \u00e9 de cada vez mais dificuldades para se manter uma boa produ\u00e7\u00e3o do caf\u00e9 e que estados tradicionais no cultivo, como S\u00e3o Paulo e Minas Gerais, percam \u00e1rea de plantio.<\/p>\n<\/blockquote>\n\n\n\n<p>Os impactos j\u00e1 est\u00e3o aparecendo. No in\u00edcio da atual safra, a expectativa era de um novo crescimento na colheita do caf\u00e9. Mas as estiagens, juntamente com altas temperaturas durante as fases de desenvolvimento dos frutos,&nbsp;reduziram a produtividade nacional em 1,9% na compara\u00e7\u00e3o com 2023, aponta a Companhia Nacional de Abastecimento (<a class=\"\" href=\"https:\/\/g1.globo.com\/tudo-sobre\/conab\/\">Conab<\/a>).<\/p>\n\n\n\n<p>E as consequ\u00eancias v\u00e3o al\u00e9m do caf\u00e9, considerando a import\u00e2ncia do Brasil no setor, que gera empregos, influencia a economia e d\u00e1 oportunidades para pequenas empresas.<\/p>\n\n\n\n<figure class=\"wp-block-image\"><img data-recalc-dims=\"1\" decoding=\"async\" src=\"https:\/\/i0.wp.com\/s2-g1.glbimg.com\/q1gZlS55gDxrvdEboMp1Suu7_UI%3D\/0x0%3A650x496\/650x0\/smart\/filters%3Astrip_icc%28%29\/i.s3.glbimg.com\/v1\/AUTH_59edd422c0c84a879bd37670ae4f538a\/internal_photos\/bs\/2024\/e\/N\/dhQFlNSH6buhH8MecWCw\/231024-aspas-rastreamente-agro-mobile-ana.png?w=800&#038;ssl=1\" alt=\"\u201cA gente precisa entender \u00e9 que a seca \u00e9 um desastre, seca e calor s\u00e3o dispositivos de desastre\u201d, explica Ana Paula Cunha.\"\/><\/figure>\n\n\n\n<h2 class=\"wp-block-heading\"><\/h2>\n\n\n\n<p>Foto: Luisa Rivas \/ arte g1<\/p>\n\n\n\n<p><strong>Saiba mais abaixo:<\/strong><\/p>\n\n\n\n<ul class=\"wp-block-list\">\n<li>Como o caf\u00e9 \u00e9 afetado pelo aumento de temperatura<\/li>\n\n\n\n<li>Risco de perda de protagonismo<\/li>\n\n\n\n<li>Vai ter caf\u00e9 para todo mundo?<\/li>\n<\/ul>\n\n\n\n<h2 class=\"wp-block-heading\">Como o caf\u00e9 \u00e9 afetado pelo aumento de temperatura<\/h2>\n\n\n\n<p>Com o aumento das temperaturas,&nbsp;parte da flora do planeta deve desaparecer das suas \u00e1reas tradicionais, aponta o relat\u00f3rio do IPCC.<\/p>\n\n\n\n<p>No caso do cafeeiro, o calor elevado causa queda nas folhas e, deste modo, diminui a fotoss\u00edntese da planta. Esse processo, conhecido como&nbsp;<strong>estresse t\u00e9rmico<\/strong>, induz uma perda acelerada de \u00e1gua, explica o pesquisador Carlos Henrique, da&nbsp;<a class=\"\" href=\"https:\/\/g1.globo.com\/tudo-sobre\/embrapa\/\">Embrapa<\/a>&nbsp;Caf\u00e9.<\/p>\n\n\n\n<p>\u201cUma vez que o cafezal n\u00e3o tem folha o suficiente, ele n\u00e3o faz fotoss\u00edntese, ent\u00e3o ele n\u00e3o consegue, para a pr\u00f3xima colheita, ter produtividade para ter novos frutos e uma quantidade melhor de gr\u00e3o\u201d, explica Tatiana Nakamura, especialista em caf\u00e9 na Nespresso Brasil.<\/p>\n\n\n\n<p>\u201cVoc\u00ea pode ter o gr\u00e3o tamb\u00e9m com uma de dificuldade para dar a bebida como ele sempre deu. Ent\u00e3o, n\u00e3o necessariamente voc\u00ea vai perder s\u00f3 em quantidade. \u00c9 poss\u00edvel que as condi\u00e7\u00f5es do clima oscilaram de tal forma que voc\u00ea perde a qualidade\u201d, explica Priscila Coltri, pesquisadora do Centro de Pesquisas Meteorol\u00f3gicas e Clim\u00e1ticas Aplicadas \u00e0 Agricultura (Cepagri).<\/p>\n\n\n\n<p>A planta tamb\u00e9m fica mais suscet\u00edvel a doen\u00e7as e o clima \u00e9 prop\u00edcio para o desenvolvimento pragas, relata a professora Ana \u00c1vila, que tamb\u00e9m \u00e9 do Cepagri. Um dos predadores que se desenvolvem no calor \u00e9 o bicho mineiro, que se instala na folha e causa a sua queda.<\/p>\n\n\n\n<h2 class=\"wp-block-heading\">Risco de perda de protagonismo<\/h2>\n\n\n\n<p>O Brasil \u00e9 o principal produtor de caf\u00e9 do mundo, sendo que apenas Minas Gerais representa mais da metade do total nacional, com uma colheita de mais de 1,7 milh\u00e3o de toneladas em 2023, segundo o Instituto Brasileiro de Geografia e Estat\u00edstica (<a class=\"\" href=\"https:\/\/g1.globo.com\/tudo-sobre\/ibge\/\">IBGE<\/a>).<\/p>\n\n\n\n<p>O Sudeste do Brasil sempre apresentou grande potencial cafeeiro por, em um quadro normal, ter esta\u00e7\u00f5es bem demarcadas. As chuvas s\u00e3o concentradas no ver\u00e3o e o inverno \u00e9 mais seco, explica \u00c1vila.<\/p>\n\n\n\n<p>Mas o calor pode mudar esse cen\u00e1rio ben\u00e9fico para o caf\u00e9 nessa regi\u00e3o. A pesquisa de Eduardo Assad, da&nbsp;<a class=\"\" href=\"https:\/\/g1.globo.com\/tudo-sobre\/fgv\/\">FGV<\/a>&nbsp;Agro, de 2004, mostrou que,&nbsp;conforme a temperatura aumenta, as \u00e1reas aptas para o cultivo diminuem.<\/p>\n\n\n\n<p>Veja abaixo as proje\u00e7\u00f5es que foram feitas para Minas Gerais:<\/p>\n\n\n\n<ul class=\"wp-block-list\">\n<li><strong>Alta de 1\u00b0C:\u00a0<\/strong>mesmo que aconte\u00e7a um acr\u00e9scimo nas chuvas de 15%,\u00a0as \u00e1reas impr\u00f3prias ao plantio do caf\u00e9 em Minas Gerais se elevariam em 20%, representando 43% da \u00e1rea total do estado;<\/li>\n\n\n\n<li><strong>Alta de 3\u00b0C:<\/strong>\u00a0\u00e1reas com risco de geada praticamente desaparecem e o total de terras consideradas impr\u00f3prias sobe para 76,3% do estado;<\/li>\n\n\n\n<li><strong>Alta de 5,8\u00b0C:<\/strong>\u00a0a cultura passa a ser poss\u00edvel em apenas 2,6% do Estado, e concentrada em alguns munic\u00edpios do Sul, nas regi\u00f5es montanhosas e de dif\u00edcil manejo.<\/li>\n<\/ul>\n\n\n\n<p>A pesquisa tamb\u00e9m fez proje\u00e7\u00f5es para S\u00e3o Paulo, onde, quase 80% do estado \u00e9 apto ao plantio de caf\u00e9 atualmente:<\/p>\n\n\n\n<ul class=\"wp-block-list\">\n<li><strong>Alta de 1\u00b0C<\/strong>: em 41% do territ\u00f3rio seria imposs\u00edvel plantar o gr\u00e3o.<\/li>\n\n\n\n<li><strong>Alta de 3\u00b0C:<\/strong>\u00a0a \u00e1rea impr\u00f3pria pode subir para 69,6% do estado.<\/li>\n\n\n\n<li><strong>Alta de 5,8\u00b0C:<\/strong>\u00a0em 96,6% n\u00e3o seria poss\u00edvel plantar caf\u00e9, ficando restrito \u00e0s regi\u00f5es montanhosas.<\/li>\n<\/ul>\n\n\n\n<p>Em S\u00e3o Paulo, \u00e1reas que antes sofriam com geadas, hoje j\u00e1 precisam lidar com fortes ondas de calor.<\/p>\n\n\n\n<p>Foi o que aconteceu em Cerqueira C\u00e9sar. O produtor rural Pedro Berengan lembra que, na d\u00e9cada de 70, muitos cafeicultores abandonaram a regi\u00e3o ou migraram para culturas como soja e milho, devido ao epis\u00f3dio que ficou conhecido como \u201cgeada negra\u201d.<\/p>\n\n\n\n<p>Na atualidade, Berengan j\u00e1 teve que suspender a irriga\u00e7\u00e3o da sua lavoura por causa da seca na represa Jurumirim.<\/p>\n\n\n\n<p>\u201cPorque voc\u00ea pensa: 10 dias fazendo 40\u00b0 C, os outros 30 dias fazendo 35\u00b0C e 42 dias sem chuva, sem uma gota d\u2019\u00e1gua. Ent\u00e3o \u00e9 uma condi\u00e7\u00e3o muito extrema\u201d, diz.<\/p>\n\n\n\n<p>Em paralelo, estados do Sul do pa\u00eds poderiam aumentar seu potencial cafeeiro, justamente por perderem o alto risco de geadas. A pesquisa apontou que, com o aquecimento de 1\u00b0C, o Paran\u00e1 ainda teria quase 90% da sua \u00e1rea apta ao caf\u00e9, por exemplo.<\/p>\n\n\n\n<p>Contudo, ao aumentar ainda mais a temperatura, tamb\u00e9m \u00e9 observada uma queda no potencial, que pode se restringir em torno de 40% da \u00e1rea do estado, no cen\u00e1rio de alta de 5,8\u00b0C.<\/p>\n\n\n\n<p>Al\u00e9m do Paran\u00e1, o Rio Grande do Sul, Santa Catarina, o&nbsp;<a class=\"\" href=\"https:\/\/g1.globo.com\/tudo-sobre\/uruguai\/\">Uruguai<\/a>&nbsp;e a&nbsp;<a class=\"\" href=\"https:\/\/g1.globo.com\/tudo-sobre\/argentina\/\">Argentina<\/a>&nbsp;tamb\u00e9m possuem cen\u00e1rios onde poderiam ser beneficiados por esse aquecimento.<\/p>\n\n\n\n<p>Contudo, essas migra\u00e7\u00f5es ainda n\u00e3o s\u00e3o uma realidade.&nbsp;Isso porque os agricultores desses estados ainda preferem o plantio de soja e milho, aponta Assad.<\/p>\n\n\n\n<blockquote class=\"wp-block-quote is-layout-flow wp-block-quote-is-layout-flow\">\n<p>\u201cMas eu continuo insistindo: se quiser manter a produ\u00e7\u00e3o de caf\u00e9, n\u00f3s temos que buscar \u00e1reas com temperaturas mais amenas. Ou seja, o caf\u00e9 tem que subir a montanha, para pegar a temperatura mais baixa, e tem que ir para o Sul do Brasil. Se n\u00e3o, n\u00e3o vai dar. Ele n\u00e3o aguenta. Ele realmente n\u00e3o aguenta\u201d, afirma.<\/p>\n<\/blockquote>\n\n\n\n<p>Contudo, \u201csubir a montanha\u201d n\u00e3o \u00e9 garantia de manter a produ\u00e7\u00e3o, uma vez que muitas \u00e1reas s\u00e3o preservadas e n\u00e3o podem ser desmatadas, aponta Ana \u00c1vila, do Cepagri.<\/p>\n\n\n\n<h2 class=\"wp-block-heading\">Vai ter caf\u00e9 para todo mundo?<\/h2>\n\n\n\n<p>Mais de 9 milh\u00f5es de toneladas de caf\u00e9 s\u00e3o consumidas por ano, aponta o Departamento de Agricultura dos&nbsp;<a class=\"\" href=\"https:\/\/g1.globo.com\/tudo-sobre\/estados-unidos\/\">Estados Unidos<\/a>&nbsp;(FDA).<\/p>\n\n\n\n<p>Em 20 anos, esse n\u00famero cresceu mais de 50% e deve continuar subindo, principalmente considerando que a popula\u00e7\u00e3o mundial pode aumentar em 9,9 bilh\u00f5es de pessoas at\u00e9 2054.<\/p>\n\n\n\n<p>Com mais gente bebendo caf\u00e9 e menos \u00e1rea para produzir o gr\u00e3o, a expectativa \u00e9 de que, no futuro,&nbsp;o pre\u00e7o do alimento encare\u00e7a, limitando o acesso \u00e0 bebida.<\/p>\n\n\n\n<p>Uma das raz\u00f5es para isso \u00e9 que, com o clima causando mais preju\u00edzos,&nbsp;menos produtores v\u00e3o se interessar pelo plantio do fruto.<\/p>\n\n\n\n<p>\u201cVoc\u00ea come\u00e7a a perder mais do que ganhar. Ent\u00e3o, o que que acontece? Voc\u00ea produz menos. [&#8230;] A quest\u00e3o toda \u00e9 voc\u00ea diminuir a quantidade produzida e a qualidade da produ\u00e7\u00e3o, a\u00ed voc\u00ea acaba expondo uma quantidade maior de pessoas a uma falta de alimentos e aumenta o pre\u00e7o\u201d, explica Av\u00edla.<\/p>\n\n\n\n<p>A qualidade do caf\u00e9 tamb\u00e9m deve cair.<\/p>\n\n\n\n<p>\u201cO que influencia \u00e9 a quantidade de \u00e1gua dentro do gr\u00e3o no momento da torra. Quando voc\u00ea torra um caf\u00e9, a \u00e1gua interna age de uma forma que ela vai conduzir aquela torra. A gente tem notado que os caf\u00e9s dessa safra de 24 t\u00e3o muito dif\u00edceis de torrar&#8221;, explica Marcelo Gasparoto, consultor em qualidade de caf\u00e9 e torrefa\u00e7\u00e3o.<\/p>\n\n\n\n<p>Mas n\u00e3o \u00e9 preciso decretar o fim do caf\u00e9. Atualmente, existem pesquisas que buscam desenvolver variedades que s\u00e3o mais resistentes ao clima, al\u00e9m de t\u00e9cnicas de manejo mais sustent\u00e1veis ajudarem a resfriar a produ\u00e7\u00e3o.<\/p>\n\n\n\n<figure class=\"wp-block-image\"><img data-recalc-dims=\"1\" decoding=\"async\" src=\"https:\/\/i0.wp.com\/s2-g1.glbimg.com\/O9Fcbxpy2h0OdcwPWq12gI5CI1c%3D\/0x0%3A650x667\/650x0\/smart\/filters%3Astrip_icc%28%29\/i.s3.glbimg.com\/v1\/AUTH_59edd422c0c84a879bd37670ae4f538a\/internal_photos\/bs\/2024\/r\/K\/iq3d50RRKzAmxTeByBMQ\/190724-aspas-rastreamente-agro-mobile-v2.png?w=800&#038;ssl=1\" alt=\"\u201cO futuro chegou aqui. N\u00e3o est\u00e1 l\u00e1. J\u00e1 est\u00e1 aqui. Ent\u00e3o, as mudan\u00e7as clim\u00e1ticas j\u00e1 s\u00e3o uma realidade, n\u00e3o adianta querer lutar com ela sem estar preparado, que a gente n\u00e3o vai ganhar. Isso j\u00e1 \u00e9 uma realidade, n\u00f3s temos que come\u00e7ar a pensar na sobreviv\u00eancia\u201d, afirma Francisco S\u00e9rgio Lange \u2013 Cofundador Associa\u00e7\u00e3o dos Cafeicultores de Montanha de Divinol\u00e2ndia (Aprod). \"\/><\/figure>\n\n\n\n<h2 class=\"wp-block-heading\">Foto: Luisa Rivas \/ arte g1<\/h2>\n","protected":false},"excerpt":{"rendered":"<p>\u201cDez dias fazendo 40\u00b0 C, os outros trinta dias fazendo 35\u00b0C e quarenta e dois dias sem chuva, sem uma gota d\u2019\u00e1gua. \u00c9 uma condi\u00e7\u00e3o muito severa mesmo, como a gente nunca viveu em anos anteriores\u201d, relata o produtor de caf\u00e9 Pedro Berengan. A planta\u00e7\u00e3o dele fica em&nbsp;Cerqueira C\u00e9sar (SP), um lugar onde d\u00e9cadas atr\u00e1s [&hellip;]<\/p>\n","protected":false},"author":2,"featured_media":21210,"comment_status":"open","ping_status":"open","sticky":false,"template":"","format":"standard","meta":{"_jetpack_memberships_contains_paid_content":false,"footnotes":""},"categories":[19],"tags":[],"class_list":["post-21209","post","type-post","status-publish","format-standard","has-post-thumbnail","hentry","category-economia"],"aioseo_notices":[],"jetpack_featured_media_url":"https:\/\/i0.wp.com\/minutobahia24h.com.br\/wp-content\/uploads\/2024\/12\/Sem-titulo-330.jpg?fit=425%2C240&ssl=1","jetpack_sharing_enabled":true,"_links":{"self":[{"href":"https:\/\/minutobahia24h.com.br\/index.php?rest_route=\/wp\/v2\/posts\/21209","targetHints":{"allow":["GET"]}}],"collection":[{"href":"https:\/\/minutobahia24h.com.br\/index.php?rest_route=\/wp\/v2\/posts"}],"about":[{"href":"https:\/\/minutobahia24h.com.br\/index.php?rest_route=\/wp\/v2\/types\/post"}],"author":[{"embeddable":true,"href":"https:\/\/minutobahia24h.com.br\/index.php?rest_route=\/wp\/v2\/users\/2"}],"replies":[{"embeddable":true,"href":"https:\/\/minutobahia24h.com.br\/index.php?rest_route=%2Fwp%2Fv2%2Fcomments&post=21209"}],"version-history":[{"count":1,"href":"https:\/\/minutobahia24h.com.br\/index.php?rest_route=\/wp\/v2\/posts\/21209\/revisions"}],"predecessor-version":[{"id":21211,"href":"https:\/\/minutobahia24h.com.br\/index.php?rest_route=\/wp\/v2\/posts\/21209\/revisions\/21211"}],"wp:featuredmedia":[{"embeddable":true,"href":"https:\/\/minutobahia24h.com.br\/index.php?rest_route=\/wp\/v2\/media\/21210"}],"wp:attachment":[{"href":"https:\/\/minutobahia24h.com.br\/index.php?rest_route=%2Fwp%2Fv2%2Fmedia&parent=21209"}],"wp:term":[{"taxonomy":"category","embeddable":true,"href":"https:\/\/minutobahia24h.com.br\/index.php?rest_route=%2Fwp%2Fv2%2Fcategories&post=21209"},{"taxonomy":"post_tag","embeddable":true,"href":"https:\/\/minutobahia24h.com.br\/index.php?rest_route=%2Fwp%2Fv2%2Ftags&post=21209"}],"curies":[{"name":"wp","href":"https:\/\/api.w.org\/{rel}","templated":true}]}}