{"id":21200,"date":"2024-12-23T07:37:35","date_gmt":"2024-12-23T10:37:35","guid":{"rendered":"https:\/\/minutobahia24h.com.br\/?p=21200"},"modified":"2024-12-23T07:37:36","modified_gmt":"2024-12-23T10:37:36","slug":"vitoria-no-mercado-da-bola-reforcos-do-leao-renovacoes-e-quem-vai-embora","status":"publish","type":"post","link":"https:\/\/minutobahia24h.com.br\/?p=21200","title":{"rendered":"Vit\u00f3ria no mercado da bola: refor\u00e7os do Le\u00e3o, renova\u00e7\u00f5es e quem vai embora"},"content":{"rendered":"<div class=\"wp-block-image\">\n<figure class=\"aligncenter size-full\"><img data-recalc-dims=\"1\" fetchpriority=\"high\" decoding=\"async\" width=\"800\" height=\"450\" src=\"https:\/\/i0.wp.com\/minutobahia24h.com.br\/wp-content\/uploads\/2024\/12\/Sem-titulo-327.jpg?resize=800%2C450&#038;ssl=1\" alt=\"\" class=\"wp-image-21201\" srcset=\"https:\/\/i0.wp.com\/minutobahia24h.com.br\/wp-content\/uploads\/2024\/12\/Sem-titulo-327.jpg?w=800&amp;ssl=1 800w, https:\/\/i0.wp.com\/minutobahia24h.com.br\/wp-content\/uploads\/2024\/12\/Sem-titulo-327.jpg?resize=300%2C169&amp;ssl=1 300w, https:\/\/i0.wp.com\/minutobahia24h.com.br\/wp-content\/uploads\/2024\/12\/Sem-titulo-327.jpg?resize=768%2C432&amp;ssl=1 768w, https:\/\/i0.wp.com\/minutobahia24h.com.br\/wp-content\/uploads\/2024\/12\/Sem-titulo-327.jpg?resize=750%2C422&amp;ssl=1 750w\" sizes=\"(max-width: 800px) 100vw, 800px\" \/><figcaption class=\"wp-element-caption\">Confira as movimenta\u00e7\u00f5es do Vit\u00f3ria no mercado da bola para temporada 2025\u00a0\u00a0|\u00a0\u00a0\u00a0<img decoding=\"async\" width=\"17\" height=\"17\" data-src=\"https:\/\/www.bnews.com.br\/static\/img\/camera_icon.svg\" alt=\"Bnews - Divulga\u00e7\u00e3o\" src=\"data:image\/gif;base64,R0lGODlhAQABAAAAACH5BAEKAAEALAAAAAABAAEAAAICTAEAOw==\" class=\"lazyload\"><noscript><img decoding=\"async\" width=\"17\" height=\"17\" src=\"https:\/\/www.bnews.com.br\/static\/img\/camera_icon.svg\" alt=\"Bnews - Divulga\u00e7\u00e3o\"><\/noscript>\u00a0Victor Ferreira \/ EC Vit\u00f3ria<br><a href=\"https:\/\/www.bnews.com.br\/autor\/redacao-bnews\/\"><\/a><\/figcaption><\/figure>\n<\/div>\n\n\n<p>O Vit\u00f3ria conseguiu alcan\u00e7ar seus objetivos na temporada 2024, como a perman\u00eancia no Brasileir\u00e3o e a classifica\u00e7\u00e3o para&nbsp;<a href=\"https:\/\/www.bnews.com.br\/noticias\/esporte\/ambicao-ou-loucura-fabio-mota-revela-meta-do-vitoria-para-sul-americana-2025-saiba-qual.html\">disputa da Copa Conmebol Sul-americana.<\/a>&nbsp;Diante de grandes miss\u00f5es para o pr\u00f3ximo ano, o&nbsp;<em><strong>BNews<\/strong><\/em>&nbsp;re\u00fane as principais informa\u00e7\u00f5es sobre o&nbsp;<a href=\"https:\/\/www.bnews.com.br\/tags\/esporte-clube-vitoria\">Mercado da bola do Le\u00e3o da Barra.<\/a><\/p>\n\n\n\n<figure class=\"wp-block-image\"><img data-recalc-dims=\"1\" decoding=\"async\" data-src=\"https:\/\/i0.wp.com\/www.bnews.com.br\/media\/uploads\/dezembro_2024\/alerrandro_victorferreira_9jr738g.png?w=800&#038;ssl=1\" alt=\"Alerrandro segue com situa\u00e7\u00e3o indefinida para temporada 2025\" src=\"data:image\/gif;base64,R0lGODlhAQABAAAAACH5BAEKAAEALAAAAAABAAEAAAICTAEAOw==\" class=\"lazyload\" \/><noscript><img data-recalc-dims=\"1\" decoding=\"async\" src=\"https:\/\/i0.wp.com\/www.bnews.com.br\/media\/uploads\/dezembro_2024\/alerrandro_victorferreira_9jr738g.png?w=800&#038;ssl=1\" alt=\"Alerrandro segue com situa\u00e7\u00e3o indefinida para temporada 2025\"\/><\/noscript><figcaption class=\"wp-element-caption\"><strong>Alerrandro segue com situa\u00e7\u00e3o indefinida para temporada 2025<\/strong>&nbsp;&#8211;&nbsp;<em>Foto: Victor Ferreira\/EC Vit\u00f3ria<\/em><\/figcaption><\/figure>\n\n\n\n<h2 class=\"wp-block-heading\">\u274c De sa\u00edda<\/h2>\n\n\n\n<ul class=\"wp-block-list\">\n<li><a href=\"https:\/\/www.bnews.com.br\/noticias\/esporte\/video-xodo-da-torcida-se-emociona-em-despedida-do-vitoria-voces-ganharam-um-torcedor.html\"><strong>Z\u00e9 Hugo \u2013 atacante se despede do Le\u00e3o nas redes sociais;<\/strong><\/a><\/li>\n\n\n\n<li><a href=\"https:\/\/www.bnews.com.br\/noticias\/esporte\/fim-da-linha-carpini-indica-saida-de-volante-titular-do-vitoria.html\"><strong>Luan \u2013 meia n\u00e3o permanecer\u00e1 no Le\u00e3o da Barra para 2025, voltando para o S\u00e3o Paulo;<\/strong><\/a><\/li>\n\n\n\n<li><a href=\"https:\/\/www.bnews.com.br\/tags\/muriel-becker\"><strong>Muriel \u2013 em fim de contrato, o goleiro n\u00e3o ficar\u00e1 no elenco Rubro-negro;<\/strong><\/a><\/li>\n\n\n\n<li><a href=\"https:\/\/www.bnews.com.br\/tags\/yuri-sena\"><strong>Yuri \u2013 atleta da base do Vit\u00f3ria, o jovem arqueiro ser\u00e1 emprestado para o Guarani;<\/strong><\/a><\/li>\n\n\n\n<li><a href=\"https:\/\/www.bnews.com.br\/noticias\/esporte\/sem-espaco-no-vitoria-daniel-jr-e-yuri-sena-tem-destinos-revelados-por-fabio-mota-saiba-quais.html\"><strong>Daniel Jr.- meia volta de empr\u00e9stimo ao Am\u00e9rica-MG, mas ser\u00e1 emprestado ao Guarani em 2025;<\/strong><\/a><\/li>\n\n\n\n<li><a href=\"https:\/\/www.bnews.com.br\/tags\/willean-lepo\"><strong>Willean Lepo \u2013 se transferiu para o Goi\u00e1s, que disputa a S\u00e9rie B;<\/strong><\/a><\/li>\n\n\n\n<li><a href=\"https:\/\/www.bnews.com.br\/tags\/bruno-uvini\"><strong>Bruno Uvini \u2013 zagueiro tamb\u00e9m n\u00e3o permanecer\u00e1 no Le\u00e3o da Barra para o pr\u00f3ximo ano;<\/strong><\/a><\/li>\n\n\n\n<li><a href=\"https:\/\/www.bnews.com.br\/tags\/jean-mota\"><strong>Jean Mota \u2013 com contrato at\u00e9 2026, Vit\u00f3ria far\u00e1 um empr\u00e9stimo do meia para temporada 2025;<\/strong><\/a><\/li>\n\n\n\n<li><a href=\"https:\/\/www.bnews.com.br\/noticias\/esporte\/promessa-da-base-vitoria-deixa-o-clube-e-acerta-com-equipe-da-serie-c-saiba-detalhes.html\"><strong>Gabriel Santiago &#8211; o jovem meia deixou o Vit\u00f3ria e assinou com a equipe do Figueirense por duas temporadas;<\/strong><\/a><\/li>\n\n\n\n<li><a href=\"https:\/\/www.bnews.com.br\/noticias\/esporte\/vai-usar-saiba-o-futuro-dos-jogadores-que-estao-emprestados-pelo-vitoria.html\"><strong>Jo\u00e3o Victor &#8211; zagueiro volta de empr\u00e9stimo do Mirassol, por\u00e9m, n\u00e3o ser\u00e1 aproveitado no Le\u00e3o;<\/strong><\/a><\/li>\n\n\n\n<li><a href=\"https:\/\/www.bnews.com.br\/tags\/joao-pedro\"><strong>Jo\u00e3o Pedro &#8211; volante volta de empr\u00e9stimo do CRB, mas deve jogar no futebol japon\u00eas em 2025;<\/strong><\/a><\/li>\n\n\n\n<li><a href=\"https:\/\/www.bnews.com.br\/noticias\/esporte\/vai-fazer-falta-meia-do-vitoria-pode-estar-caminho-do-futebol-pernambucano.html\"><strong>Dudu Mira\u00edma &#8211; meia retorna de empr\u00e9stimo do CSA, mas pode ser emprestado para o Retr\u00f4-PE.<\/strong><\/a><\/li>\n\n\n\n<li><a href=\"https:\/\/www.bnews.com.br\/tags\/patric-calmon\"><strong>Patric Calmon \u2013 tamb\u00e9m n\u00e3o permanecer\u00e1 no Vit\u00f3ria para 2025, jogar\u00e1 no Remo.<\/strong><\/a><\/li>\n<\/ul>\n\n\n\n<h2 class=\"wp-block-heading\">\u2705 Renovaram<\/h2>\n\n\n\n<ul class=\"wp-block-list\">\n<li><a href=\"https:\/\/www.bnews.com.br\/noticias\/esporte\/vitoria-confirma-renovacao-de-contrato-com-thiago-carpini-ate-2025.html\"><strong>Thiago Carpini &#8211; o treinador renovou contrato at\u00e9 o dezembro de 2025;<\/strong><\/a><\/li>\n\n\n\n<li><a href=\"https:\/\/www.bnews.com.br\/noticias\/entretenimento\/vitoria-oficializa-renovacao-de-titular-absoluto-durante-arrancada-em-reta-final-do-brasileirao.html\"><strong>Ra\u00fal C\u00e1ceres \u2013 lateral-direito fica no Rubro-negro at\u00e9 o dezembro de 2025<\/strong><\/a><\/li>\n\n\n\n<li><a href=\"https:\/\/www.bnews.com.br\/tags\/willian-oliveira\"><strong>Willian Oliveira &#8211; volante tamb\u00e9m segue no clube em 2025;<\/strong><\/a><\/li>\n\n\n\n<li><strong>Ricardo Ryller &#8211; meia renovou contrato com o Vit\u00f3ria at\u00e9 dezembro de 2025;<\/strong><\/li>\n\n\n\n<li><strong>Carlos Eduardo &#8211; atacante segue no elenco Rubro-negro at\u00e9 o fim da pr\u00f3xima temporada;<\/strong><\/li>\n\n\n\n<li><a href=\"https:\/\/www.bnews.com.br\/noticias\/esporte\/fabio-mota-confirma-renovacao-com-jogador-do-vitoria-mas-revela-condicao-para-2025-saiba-qual.html\"><strong>Caio Vin\u00edcius &#8211; volante fica na Toca do Le\u00e3o at\u00e9 2025, mas atuar\u00e1 como zagueiro no time de Thiago Carpini.<\/strong><\/a><\/li>\n<\/ul>\n\n\n\n<h2 class=\"wp-block-heading\">\ud83d\udd19 Retornam de empr\u00e9stimo<\/h2>\n\n\n\n<ul class=\"wp-block-list\">\n<li>Felipe Vieira \u2013 lateral se recupera de les\u00e3o na Chapecoense;<\/li>\n\n\n\n<li><strong>Dion\u00edsio &#8211; volante retorna de empr\u00e9stimo do Brusque, e est\u00e1 entre os atletas que devem ser aproveitados no Baian\u00e3o 2025;<\/strong><\/li>\n\n\n\n<li>Marco Ant\u00f4nio \u2013 a diretoria do Vit\u00f3ria estuda um novo empr\u00e9stimo do zagueiro;<\/li>\n\n\n\n<li>Dudu \u2013 o meia ainda possui contrato com Novorizontino at\u00e9 a disputa do Campeonato Paulista, e segue com futuro indefinido;<\/li>\n\n\n\n<li>Alisson Santos \u2013 o atleta segue em Portugal at\u00e9 junho.<\/li>\n<\/ul>\n\n\n\n<h2 class=\"wp-block-heading\"><strong>\ud83d\udd19 Podem sair<\/strong><\/h2>\n\n\n\n<ul class=\"wp-block-list\">\n<li><a href=\"https:\/\/www.bnews.com.br\/noticias\/esporte\/vitoria-deve-receber-jogadores-do-fluminense-em-acordo-por-lucas-arcanjo-saiba-detalhes.html\"><strong>Lucas Arcanjo &#8211; arqueiro pode trocar o Vit\u00f3ria pelo Fluminense.<\/strong><\/a><\/li>\n<\/ul>\n\n\n\n<h2 class=\"wp-block-heading\">\ud83d\udc40 Poss\u00edveis refor\u00e7os<\/h2>\n\n\n\n<ul class=\"wp-block-list\">\n<li><a href=\"https:\/\/www.bnews.com.br\/tags\/ze-marcos\"><strong>Z\u00e9 Marcos &#8211; zagueiro tem pr\u00e9-contrato assinado com o Le\u00e3o;<\/strong><\/a><\/li>\n\n\n\n<li><a href=\"https:\/\/www.bnews.com.br\/noticias\/esporte\/presidente-de-criciuma-confirma-venda-de-lateral-para-o-vitoria.html\"><strong>Claudinho &#8211; Vit\u00f3ria possui acordo com lateral-direito;<\/strong><\/a><\/li>\n\n\n\n<li><strong>Ronald &#8211; Le\u00e3o fez um pr\u00e9-contrato com o volante que estava no Crici\u00fama;<\/strong><\/li>\n\n\n\n<li><strong>Ronaldo &#8211; volante recebeu proposta do Rubro-Negro, mas pode renovar com o Juventude;<\/strong><\/li>\n\n\n\n<li><a href=\"https:\/\/www.bnews.com.br\/noticias\/esporte\/atacante-assina-com-o-vitoria-para-2025-diz-setorista.html\"><strong>Wellington Rato &#8211; atacante do S\u00e3o Paulo acertou neg\u00f3cio com o Vit\u00f3ria;<\/strong><\/a><\/li>\n\n\n\n<li><a href=\"https:\/\/www.bnews.com.br\/noticias\/esporte\/vitoria-tem-acerto-encaminhado-com-dupla-de-jogadores-do-sao-paulo-saiba-mais.html\"><strong>L\u00e9o Cear\u00e1 &#8211; formado na base do Vit\u00f3ria, atacante pode ser repatriado;<\/strong><\/a><\/li>\n\n\n\n<li><strong>Fabr\u00edcio Santos &#8211; atacante que estava no Levante-ESP assina com o Le\u00e3o por duas temporadas;<\/strong><\/li>\n\n\n\n<li><strong>Bruno Xavier &#8211; atacante que estava na S\u00e9rie B, pelo Ituano, refor\u00e7a o ataque Rubro-negro;<\/strong><\/li>\n\n\n\n<li><strong>Thiaguinho &#8211; ap\u00f3s jogar pelo \u00c1gua Santa e Juventude, volante vai defender as cores do Vit\u00f3ria;<\/strong><\/li>\n\n\n\n<li><a href=\"https:\/\/www.bnews.com.br\/noticias\/esporte\/jornal-chileno-confirma-saida-de-gonzalo-tapia-da-universidad-catolica-destino-nao-e-revelado.html\"><strong>T\u00e1pia &#8211; atacante chileno negocia para desembarcar no futebol brasileiro, pelo Vit\u00f3ria;<\/strong><\/a><\/li>\n\n\n\n<li><a href=\"https:\/\/www.bnews.com.br\/noticias\/esporte\/pintou-reforco-vitoria-faz-proposta-para-zagueiro-do-botafogo-e-aguarda-retorno.html\"><strong>Lucas Halter &#8211; zagueiro do Botafogo recebe proposta do Le\u00e3o da Barra;<\/strong><\/a><\/li>\n\n\n\n<li><a href=\"https:\/\/www.bnews.com.br\/noticias\/esporte\/vitoria-fecha-com-atacante-e-goleiro-de-serie-como-os-primeiros-reforcos-de-2025-diz-setorista.html\"><strong>Gabriel Vasconcelos &#8211; goleiro destaque do Juventude deve refor\u00e7ar o gol Rubro-negro.<\/strong><\/a><\/li>\n<\/ul>\n\n\n\n<h2 class=\"wp-block-heading\"><strong>\u274c Melou<\/strong><\/h2>\n\n\n\n<ul class=\"wp-block-list\">\n<li><a href=\"https:\/\/www.bnews.com.br\/noticias\/esporte\/vitoria-sonda-meia-do-juventude-desejado-por-carpini-exigencia-atrapalha.html\"><strong>Jadson \u2013\u00a0 jogador renovou contrato com o Juventude.<\/strong><\/a><\/li>\n<\/ul>\n\n\n\n<p>bnews<\/p>\n","protected":false},"excerpt":{"rendered":"<p>O Vit\u00f3ria conseguiu alcan\u00e7ar seus objetivos na temporada 2024, como a perman\u00eancia no Brasileir\u00e3o e a classifica\u00e7\u00e3o para&nbsp;disputa da Copa Conmebol Sul-americana.&nbsp;Diante de grandes miss\u00f5es para o pr\u00f3ximo ano, o&nbsp;BNews&nbsp;re\u00fane as principais informa\u00e7\u00f5es sobre o&nbsp;Mercado da bola do Le\u00e3o da Barra. \u274c De sa\u00edda \u2705 Renovaram \ud83d\udd19 Retornam de empr\u00e9stimo \ud83d\udd19 Podem sair \ud83d\udc40 Poss\u00edveis [&hellip;]<\/p>\n","protected":false},"author":2,"featured_media":21201,"comment_status":"open","ping_status":"open","sticky":false,"template":"","format":"standard","meta":{"_jetpack_memberships_contains_paid_content":false,"footnotes":""},"categories":[20],"tags":[],"class_list":["post-21200","post","type-post","status-publish","format-standard","has-post-thumbnail","hentry","category-esporte"],"aioseo_notices":[],"jetpack_featured_media_url":"https:\/\/i0.wp.com\/minutobahia24h.com.br\/wp-content\/uploads\/2024\/12\/Sem-titulo-327.jpg?fit=800%2C450&ssl=1","jetpack_sharing_enabled":true,"_links":{"self":[{"href":"https:\/\/minutobahia24h.com.br\/index.php?rest_route=\/wp\/v2\/posts\/21200","targetHints":{"allow":["GET"]}}],"collection":[{"href":"https:\/\/minutobahia24h.com.br\/index.php?rest_route=\/wp\/v2\/posts"}],"about":[{"href":"https:\/\/minutobahia24h.com.br\/index.php?rest_route=\/wp\/v2\/types\/post"}],"author":[{"embeddable":true,"href":"https:\/\/minutobahia24h.com.br\/index.php?rest_route=\/wp\/v2\/users\/2"}],"replies":[{"embeddable":true,"href":"https:\/\/minutobahia24h.com.br\/index.php?rest_route=%2Fwp%2Fv2%2Fcomments&post=21200"}],"version-history":[{"count":1,"href":"https:\/\/minutobahia24h.com.br\/index.php?rest_route=\/wp\/v2\/posts\/21200\/revisions"}],"predecessor-version":[{"id":21202,"href":"https:\/\/minutobahia24h.com.br\/index.php?rest_route=\/wp\/v2\/posts\/21200\/revisions\/21202"}],"wp:featuredmedia":[{"embeddable":true,"href":"https:\/\/minutobahia24h.com.br\/index.php?rest_route=\/wp\/v2\/media\/21201"}],"wp:attachment":[{"href":"https:\/\/minutobahia24h.com.br\/index.php?rest_route=%2Fwp%2Fv2%2Fmedia&parent=21200"}],"wp:term":[{"taxonomy":"category","embeddable":true,"href":"https:\/\/minutobahia24h.com.br\/index.php?rest_route=%2Fwp%2Fv2%2Fcategories&post=21200"},{"taxonomy":"post_tag","embeddable":true,"href":"https:\/\/minutobahia24h.com.br\/index.php?rest_route=%2Fwp%2Fv2%2Ftags&post=21200"}],"curies":[{"name":"wp","href":"https:\/\/api.w.org\/{rel}","templated":true}]}}