{"id":21115,"date":"2024-12-20T07:34:32","date_gmt":"2024-12-20T10:34:32","guid":{"rendered":"https:\/\/minutobahia24h.com.br\/?p=21115"},"modified":"2024-12-20T07:34:33","modified_gmt":"2024-12-20T10:34:33","slug":"em-meio-a-disputa-interna-escolha-do-sucessor-de-elmar-na-lideranca-do-uniao-brasil","status":"publish","type":"post","link":"https:\/\/minutobahia24h.com.br\/?p=21115","title":{"rendered":"Em meio a disputa interna, escolha do sucessor de Elmar na lideran\u00e7a do Uni\u00e3o Brasil"},"content":{"rendered":"<div class=\"wp-block-image\">\n<figure class=\"aligncenter size-full\"><img data-recalc-dims=\"1\" fetchpriority=\"high\" decoding=\"async\" width=\"800\" height=\"461\" src=\"https:\/\/i0.wp.com\/minutobahia24h.com.br\/wp-content\/uploads\/2024\/12\/1-3.jpg?resize=800%2C461&#038;ssl=1\" alt=\"\" class=\"wp-image-21116\" srcset=\"https:\/\/i0.wp.com\/minutobahia24h.com.br\/wp-content\/uploads\/2024\/12\/1-3.jpg?w=1024&amp;ssl=1 1024w, https:\/\/i0.wp.com\/minutobahia24h.com.br\/wp-content\/uploads\/2024\/12\/1-3.jpg?resize=300%2C173&amp;ssl=1 300w, https:\/\/i0.wp.com\/minutobahia24h.com.br\/wp-content\/uploads\/2024\/12\/1-3.jpg?resize=768%2C443&amp;ssl=1 768w, https:\/\/i0.wp.com\/minutobahia24h.com.br\/wp-content\/uploads\/2024\/12\/1-3.jpg?resize=750%2C432&amp;ssl=1 750w\" sizes=\"(max-width: 800px) 100vw, 800px\" \/><\/figure>\n<\/div>\n\n\n<p>A bancada do Uni\u00e3o Brasil na C\u00e2mara Federal adiou para o dia 2 de fevereiro de 2025 a escolha do substituto do deputado baiano Elmar Nascimento na lideran\u00e7a do bloco. Mesmo com a retirada da candidatura do tamb\u00e9m baiano Arthur Maia, n\u00e3o houve consenso sobre o sucessor em reuni\u00e3o ocorrida na \u00faltima quarta-feira (18).<\/p>\n\n\n\n<p>Mantiveram-se irredut\u00edveis em suas candidaturas os deputados Mendon\u00e7a Filho (PE), Pedro Lucas Fernandes (MA) e Dami\u00e3o Feliciano (PB). O presidente nacional do Uni\u00e3o Brasil, Antonio Rueda, participou da reuni\u00e3o de ontem.<\/p>\n\n\n\n<p>Segundo apurou o&nbsp;<strong>Pol\u00edtica Livre<\/strong>&nbsp;com parlamentares da Bahia, a prefer\u00eancia de Elmar seria por Dami\u00e3o, que teria uma interlocu\u00e7\u00e3o com o governo Lula (PT). J\u00e1 Rueda e o vice-presidente nacional do Uni\u00e3o Brasil, ACM Neto, estariam inclinados a Mendon\u00e7a Filho, que tem um perfil mais oposicionista.<\/p>\n\n\n\n<p>A sa\u00edda de Elmar da lideran\u00e7a do Uni\u00e3o Brasil foi revelada pelo site esta semana. Com isso, o baiano fica ainda mais fragilizado politicamente diante de um futuro incerto.<\/p>\n\n\n\n<p>O deputado sofreu v\u00e1rios revezes nas \u00faltimas semanas: perdeu os apoios para tentar disputar a presid\u00eancia da C\u00e2mara; teve o primo, o vereador eleito de Campo Formoso Francisco Nascimento (Uni\u00e3o), preso na Opera\u00e7\u00e3o Overclean da Pol\u00edcia Federal, e v\u00ea as chances de virar ministro de Lula cada vez mais distantes.<\/p>\n\n\n\n<p>Nos bastidores, as informa\u00e7\u00f5es s\u00e3o de que Elmar tem como prioridade n\u00famero um manter o controle pol\u00edtico sobre a Codevasf nos planos nacional e estadual. Na C\u00e2mara, ele \u00e9 cotado para assumir a presid\u00eancia da Comiss\u00e3o de Constitui\u00e7\u00e3o e Justi\u00e7a (CCJ) ou a relatoria do or\u00e7amento de 2026, articula\u00e7\u00f5es que dependem, no entanto, do atual presidente da Casa, Arthur Lira (PP-AL), ex-amigo do parlamentar baiano.<\/p>\n\n\n\n<p>ivansilvanoticia<\/p>\n","protected":false},"excerpt":{"rendered":"<p>A bancada do Uni\u00e3o Brasil na C\u00e2mara Federal adiou para o dia 2 de fevereiro de 2025 a escolha do substituto do deputado baiano Elmar Nascimento na lideran\u00e7a do bloco. Mesmo com a retirada da candidatura do tamb\u00e9m baiano Arthur Maia, n\u00e3o houve consenso sobre o sucessor em reuni\u00e3o ocorrida na \u00faltima quarta-feira (18). Mantiveram-se [&hellip;]<\/p>\n","protected":false},"author":2,"featured_media":21116,"comment_status":"open","ping_status":"open","sticky":false,"template":"","format":"standard","meta":{"_jetpack_memberships_contains_paid_content":false,"footnotes":""},"categories":[39],"tags":[],"class_list":["post-21115","post","type-post","status-publish","format-standard","has-post-thumbnail","hentry","category-politica"],"aioseo_notices":[],"jetpack_featured_media_url":"https:\/\/i0.wp.com\/minutobahia24h.com.br\/wp-content\/uploads\/2024\/12\/1-3.jpg?fit=1024%2C590&ssl=1","jetpack_sharing_enabled":true,"_links":{"self":[{"href":"https:\/\/minutobahia24h.com.br\/index.php?rest_route=\/wp\/v2\/posts\/21115","targetHints":{"allow":["GET"]}}],"collection":[{"href":"https:\/\/minutobahia24h.com.br\/index.php?rest_route=\/wp\/v2\/posts"}],"about":[{"href":"https:\/\/minutobahia24h.com.br\/index.php?rest_route=\/wp\/v2\/types\/post"}],"author":[{"embeddable":true,"href":"https:\/\/minutobahia24h.com.br\/index.php?rest_route=\/wp\/v2\/users\/2"}],"replies":[{"embeddable":true,"href":"https:\/\/minutobahia24h.com.br\/index.php?rest_route=%2Fwp%2Fv2%2Fcomments&post=21115"}],"version-history":[{"count":1,"href":"https:\/\/minutobahia24h.com.br\/index.php?rest_route=\/wp\/v2\/posts\/21115\/revisions"}],"predecessor-version":[{"id":21117,"href":"https:\/\/minutobahia24h.com.br\/index.php?rest_route=\/wp\/v2\/posts\/21115\/revisions\/21117"}],"wp:featuredmedia":[{"embeddable":true,"href":"https:\/\/minutobahia24h.com.br\/index.php?rest_route=\/wp\/v2\/media\/21116"}],"wp:attachment":[{"href":"https:\/\/minutobahia24h.com.br\/index.php?rest_route=%2Fwp%2Fv2%2Fmedia&parent=21115"}],"wp:term":[{"taxonomy":"category","embeddable":true,"href":"https:\/\/minutobahia24h.com.br\/index.php?rest_route=%2Fwp%2Fv2%2Fcategories&post=21115"},{"taxonomy":"post_tag","embeddable":true,"href":"https:\/\/minutobahia24h.com.br\/index.php?rest_route=%2Fwp%2Fv2%2Ftags&post=21115"}],"curies":[{"name":"wp","href":"https:\/\/api.w.org\/{rel}","templated":true}]}}