{"id":21102,"date":"2024-12-20T07:18:59","date_gmt":"2024-12-20T10:18:59","guid":{"rendered":"https:\/\/minutobahia24h.com.br\/?p=21102"},"modified":"2024-12-20T07:19:01","modified_gmt":"2024-12-20T10:19:01","slug":"roberta-santana-deve-ser-anunciada-como-chefe-da-casa-civil-de-jeronimo-nesta-sexta","status":"publish","type":"post","link":"https:\/\/minutobahia24h.com.br\/?p=21102","title":{"rendered":"Roberta Santana deve ser anunciada como chefe da Casa Civil de Jer\u00f4nimo nesta sexta"},"content":{"rendered":"<div class=\"wp-block-image\">\n<figure class=\"aligncenter size-large\"><img data-recalc-dims=\"1\" fetchpriority=\"high\" decoding=\"async\" width=\"800\" height=\"420\" src=\"https:\/\/i0.wp.com\/minutobahia24h.com.br\/wp-content\/uploads\/2024\/12\/Sem-titulo-307-1024x538.jpg?resize=800%2C420&#038;ssl=1\" alt=\"\" class=\"wp-image-21103\" srcset=\"https:\/\/i0.wp.com\/minutobahia24h.com.br\/wp-content\/uploads\/2024\/12\/Sem-titulo-307.jpg?resize=1024%2C538&amp;ssl=1 1024w, https:\/\/i0.wp.com\/minutobahia24h.com.br\/wp-content\/uploads\/2024\/12\/Sem-titulo-307.jpg?resize=300%2C158&amp;ssl=1 300w, https:\/\/i0.wp.com\/minutobahia24h.com.br\/wp-content\/uploads\/2024\/12\/Sem-titulo-307.jpg?resize=768%2C403&amp;ssl=1 768w, https:\/\/i0.wp.com\/minutobahia24h.com.br\/wp-content\/uploads\/2024\/12\/Sem-titulo-307.jpg?resize=750%2C394&amp;ssl=1 750w, https:\/\/i0.wp.com\/minutobahia24h.com.br\/wp-content\/uploads\/2024\/12\/Sem-titulo-307.jpg?resize=1140%2C599&amp;ssl=1 1140w, https:\/\/i0.wp.com\/minutobahia24h.com.br\/wp-content\/uploads\/2024\/12\/Sem-titulo-307.jpg?w=1200&amp;ssl=1 1200w\" sizes=\"(max-width: 800px) 100vw, 800px\" \/><figcaption class=\"wp-element-caption\">Foto: Reprodu\u00e7\u00e3o \/ Sesab<br><\/figcaption><\/figure>\n<\/div>\n\n\n<p>A secret\u00e1ria estadual de Sa\u00fade (Sesab), Roberta Santana, deve ser anunciada como nova titular da Casa Civil do governador Jer\u00f4nimo Rodrigues (PT) nesta sexta-feira (20). De acordo com informa\u00e7\u00f5es obtidas pelo Bahia Not\u00edcias, a movimenta\u00e7\u00e3o deve ser confirmada ap\u00f3s negocia\u00e7\u00f5es realizadas na quinta-feira (19), quando ocorreu a confraterniza\u00e7\u00e3o de fim ano no Pal\u00e1cio de Ondina com lideran\u00e7as pol\u00edticas da Bahia.<\/p>\n\n\n\n<p>Uma fonte indicou \u00e0 reportagem que a movimenta\u00e7\u00e3o deve acontecer apesar da resist\u00eancia do atual titular, o deputado federal licenciado Afonso Florence (PT). At\u00e9 esta quinta, o atual chefe da Casa Civil de Jer\u00f4nimo tem se negado a \u201cabrir m\u00e3o\u201d do cargo e chegou a recusar ocupar outros postos.<\/p>\n\n\n\n<p>Segundo articuladores, foi oferecido o cargo de conselheiro do Tribunal de Contas do Estado da Bahia (TCE-BA), mas o deputado federal licenciado foi relutante em sua perman\u00eancia \u00e0 frente da Casa Civil. Ainda \u00e9 uma inc\u00f3gnita se o petista ir\u00e1 retornar aos trabalhos na C\u00e2mara dos Deputados ou se ir\u00e1 aceitar a proposta para chegar ao TCE-BA.<\/p>\n\n\n\n<p>Informa\u00e7\u00f5es foram repassadas por fontes ligadas \u00e0 Sesab informaram ao Bahia Not\u00edcias que Roberta Santana tem se articulado para ocupar a cadeira h\u00e1 um certo tempo. A secret\u00e1ria tem constru\u00eddo uma rela\u00e7\u00e3o s\u00f3lida e de \u201cconfian\u00e7a\u201d com o governador Jer\u00f4nimo desde que assumiu a titularidade da pasta, ap\u00f3s Ad\u00e9lia Pinheiro se licenciar do cargo para disputar a prefeitura de Ilh\u00e9us.<\/p>\n\n\n\n<p>Santana tamb\u00e9m teve forte atua\u00e7\u00e3o na campanha governista em Feira de Santana, com o deputado federal Z\u00e9 Neto (PT), participando de forma mais direta com a pol\u00edtica. Especula-se tamb\u00e9m que, com a sa\u00edda de Roberta Santana \u00e0 frente da Sesab, a Secretaria deve ter o retorno da Ad\u00e9lia Pinheiro para o cargo.<\/p>\n\n\n\n<p>Publicamente, a Santana tem se desviado de responder \u00e0s indaga\u00e7\u00f5es sobre a possibilidade de migrar de fun\u00e7\u00e3o no governo. Em novembro, quando questionada pelo Bahia Not\u00edcias, a atual chefe da sa\u00fade baiana\u00a0<a href=\"https:\/\/www.bahianoticias.com.br\/noticia\/298523-apesar-de-especulacao-roberta-santana-desconversa-ida-para-casa-civil-em-reforma-administrativa\" target=\"_blank\" rel=\"noreferrer noopener\">desconversou e afirmou estar preparada para seguir na Sesab<\/a>.\u00a0<\/p>\n\n\n\n<p>\u201cTer mala pronta, n\u00e3o. Eu continuo com a mala pronta dentro da Sesab, viajando todos os munic\u00edpios com o nosso governador. N\u00e3o tem nenhuma orienta\u00e7\u00e3o em rela\u00e7\u00e3o ainda a isso [&#8230;]\u201d, indicou.<\/p>\n\n\n\n<p>BN<\/p>\n\n\n\n<p><\/p>\n","protected":false},"excerpt":{"rendered":"<p>A secret\u00e1ria estadual de Sa\u00fade (Sesab), Roberta Santana, deve ser anunciada como nova titular da Casa Civil do governador Jer\u00f4nimo Rodrigues (PT) nesta sexta-feira (20). De acordo com informa\u00e7\u00f5es obtidas pelo Bahia Not\u00edcias, a movimenta\u00e7\u00e3o deve ser confirmada ap\u00f3s negocia\u00e7\u00f5es realizadas na quinta-feira (19), quando ocorreu a confraterniza\u00e7\u00e3o de fim ano no Pal\u00e1cio de Ondina [&hellip;]<\/p>\n","protected":false},"author":2,"featured_media":21103,"comment_status":"open","ping_status":"open","sticky":false,"template":"","format":"standard","meta":{"_jetpack_memberships_contains_paid_content":false,"footnotes":""},"categories":[21],"tags":[],"class_list":["post-21102","post","type-post","status-publish","format-standard","has-post-thumbnail","hentry","category-bahia"],"aioseo_notices":[],"jetpack_featured_media_url":"https:\/\/i0.wp.com\/minutobahia24h.com.br\/wp-content\/uploads\/2024\/12\/Sem-titulo-307.jpg?fit=1200%2C630&ssl=1","jetpack_sharing_enabled":true,"_links":{"self":[{"href":"https:\/\/minutobahia24h.com.br\/index.php?rest_route=\/wp\/v2\/posts\/21102","targetHints":{"allow":["GET"]}}],"collection":[{"href":"https:\/\/minutobahia24h.com.br\/index.php?rest_route=\/wp\/v2\/posts"}],"about":[{"href":"https:\/\/minutobahia24h.com.br\/index.php?rest_route=\/wp\/v2\/types\/post"}],"author":[{"embeddable":true,"href":"https:\/\/minutobahia24h.com.br\/index.php?rest_route=\/wp\/v2\/users\/2"}],"replies":[{"embeddable":true,"href":"https:\/\/minutobahia24h.com.br\/index.php?rest_route=%2Fwp%2Fv2%2Fcomments&post=21102"}],"version-history":[{"count":1,"href":"https:\/\/minutobahia24h.com.br\/index.php?rest_route=\/wp\/v2\/posts\/21102\/revisions"}],"predecessor-version":[{"id":21104,"href":"https:\/\/minutobahia24h.com.br\/index.php?rest_route=\/wp\/v2\/posts\/21102\/revisions\/21104"}],"wp:featuredmedia":[{"embeddable":true,"href":"https:\/\/minutobahia24h.com.br\/index.php?rest_route=\/wp\/v2\/media\/21103"}],"wp:attachment":[{"href":"https:\/\/minutobahia24h.com.br\/index.php?rest_route=%2Fwp%2Fv2%2Fmedia&parent=21102"}],"wp:term":[{"taxonomy":"category","embeddable":true,"href":"https:\/\/minutobahia24h.com.br\/index.php?rest_route=%2Fwp%2Fv2%2Fcategories&post=21102"},{"taxonomy":"post_tag","embeddable":true,"href":"https:\/\/minutobahia24h.com.br\/index.php?rest_route=%2Fwp%2Fv2%2Ftags&post=21102"}],"curies":[{"name":"wp","href":"https:\/\/api.w.org\/{rel}","templated":true}]}}