{"id":21048,"date":"2024-12-19T11:37:04","date_gmt":"2024-12-19T14:37:04","guid":{"rendered":"https:\/\/minutobahia24h.com.br\/?p=21048"},"modified":"2024-12-19T11:37:06","modified_gmt":"2024-12-19T14:37:06","slug":"vice-diretor-de-escola-no-oeste-baiano-e-preso-acusado-de-abuso-sexual","status":"publish","type":"post","link":"https:\/\/minutobahia24h.com.br\/?p=21048","title":{"rendered":"Vice-diretor de escola no Oeste baiano \u00e9 preso acusado de abuso sexual"},"content":{"rendered":"<div class=\"wp-block-image\">\n<figure class=\"aligncenter size-large\"><img data-recalc-dims=\"1\" fetchpriority=\"high\" decoding=\"async\" width=\"800\" height=\"420\" src=\"https:\/\/i0.wp.com\/minutobahia24h.com.br\/wp-content\/uploads\/2024\/12\/Sem-titulo-292-1024x538.jpg?resize=800%2C420&#038;ssl=1\" alt=\"\" class=\"wp-image-21049\" srcset=\"https:\/\/i0.wp.com\/minutobahia24h.com.br\/wp-content\/uploads\/2024\/12\/Sem-titulo-292.jpg?resize=1024%2C538&amp;ssl=1 1024w, https:\/\/i0.wp.com\/minutobahia24h.com.br\/wp-content\/uploads\/2024\/12\/Sem-titulo-292.jpg?resize=300%2C158&amp;ssl=1 300w, https:\/\/i0.wp.com\/minutobahia24h.com.br\/wp-content\/uploads\/2024\/12\/Sem-titulo-292.jpg?resize=768%2C403&amp;ssl=1 768w, https:\/\/i0.wp.com\/minutobahia24h.com.br\/wp-content\/uploads\/2024\/12\/Sem-titulo-292.jpg?resize=750%2C394&amp;ssl=1 750w, https:\/\/i0.wp.com\/minutobahia24h.com.br\/wp-content\/uploads\/2024\/12\/Sem-titulo-292.jpg?resize=1140%2C599&amp;ssl=1 1140w, https:\/\/i0.wp.com\/minutobahia24h.com.br\/wp-content\/uploads\/2024\/12\/Sem-titulo-292.jpg?w=1200&amp;ssl=1 1200w\" sizes=\"(max-width: 800px) 100vw, 800px\" \/><figcaption class=\"wp-element-caption\">Foto: Lay Amorim \/ Achei Sudoeste<br><\/figcaption><\/figure>\n<\/div>\n\n\n<p>O vice-diretor de um col\u00e9gio da rede estadual de&nbsp;<a href=\"https:\/\/www.bahianoticias.com.br\/tags\/riacho-de-santana\" target=\"_blank\" rel=\"noreferrer noopener\"><strong>Riacho de Santana<\/strong><\/a>, na regi\u00e3o do Velho Chico, Oeste baiano, foi preso acusado de abuso sexual de adolescentes. O mandado de pris\u00e3o preventiva foi cumprido nesta quarta-feira (18).<\/p>\n\n\n\n<p>Segundo o&nbsp;<a href=\"https:\/\/www.acheisudoeste.com.br\/noticias\/71353-2024\/12\/19\/vice-diretor-escolar-e-preso-acusado-de-exploracao-sexual-em-riacho-de-santana\" target=\"_blank\" rel=\"noreferrer noopener\"><strong>Achei Sudoeste<\/strong><\/a>, parceiro do Bahia Not\u00edcias, o vice-diretor, que n\u00e3o teve o nome informado, teria explorado v\u00edtimas, de 14 e 17 anos, por meio de pagamento em dinheiro, para em troca manter rela\u00e7\u00e3o sexual com as mesmas.<\/p>\n\n\n\n<p>Dentro do modus operandi, uma segunda pessoa o auxiliava fornecendo bebida alco\u00f3lica \u00e0s jovens para facilitar o crime. N\u00e3o h\u00e1 informa\u00e7\u00f5es sobre o que ocorreu \u00e0 pessoa acusada de participa\u00e7\u00e3o no crime. O vice-diretor segue preso \u00e0 disposi\u00e7\u00e3o da Justi\u00e7a.<\/p>\n\n\n\n<p>BN<\/p>\n","protected":false},"excerpt":{"rendered":"<p>O vice-diretor de um col\u00e9gio da rede estadual de&nbsp;Riacho de Santana, na regi\u00e3o do Velho Chico, Oeste baiano, foi preso acusado de abuso sexual de adolescentes. O mandado de pris\u00e3o preventiva foi cumprido nesta quarta-feira (18). Segundo o&nbsp;Achei Sudoeste, parceiro do Bahia Not\u00edcias, o vice-diretor, que n\u00e3o teve o nome informado, teria explorado v\u00edtimas, de [&hellip;]<\/p>\n","protected":false},"author":2,"featured_media":21049,"comment_status":"open","ping_status":"open","sticky":false,"template":"","format":"standard","meta":{"_jetpack_memberships_contains_paid_content":false,"footnotes":""},"categories":[46],"tags":[],"class_list":["post-21048","post","type-post","status-publish","format-standard","has-post-thumbnail","hentry","category-noticia"],"aioseo_notices":[],"jetpack_featured_media_url":"https:\/\/i0.wp.com\/minutobahia24h.com.br\/wp-content\/uploads\/2024\/12\/Sem-titulo-292.jpg?fit=1200%2C630&ssl=1","jetpack_sharing_enabled":true,"_links":{"self":[{"href":"https:\/\/minutobahia24h.com.br\/index.php?rest_route=\/wp\/v2\/posts\/21048","targetHints":{"allow":["GET"]}}],"collection":[{"href":"https:\/\/minutobahia24h.com.br\/index.php?rest_route=\/wp\/v2\/posts"}],"about":[{"href":"https:\/\/minutobahia24h.com.br\/index.php?rest_route=\/wp\/v2\/types\/post"}],"author":[{"embeddable":true,"href":"https:\/\/minutobahia24h.com.br\/index.php?rest_route=\/wp\/v2\/users\/2"}],"replies":[{"embeddable":true,"href":"https:\/\/minutobahia24h.com.br\/index.php?rest_route=%2Fwp%2Fv2%2Fcomments&post=21048"}],"version-history":[{"count":1,"href":"https:\/\/minutobahia24h.com.br\/index.php?rest_route=\/wp\/v2\/posts\/21048\/revisions"}],"predecessor-version":[{"id":21050,"href":"https:\/\/minutobahia24h.com.br\/index.php?rest_route=\/wp\/v2\/posts\/21048\/revisions\/21050"}],"wp:featuredmedia":[{"embeddable":true,"href":"https:\/\/minutobahia24h.com.br\/index.php?rest_route=\/wp\/v2\/media\/21049"}],"wp:attachment":[{"href":"https:\/\/minutobahia24h.com.br\/index.php?rest_route=%2Fwp%2Fv2%2Fmedia&parent=21048"}],"wp:term":[{"taxonomy":"category","embeddable":true,"href":"https:\/\/minutobahia24h.com.br\/index.php?rest_route=%2Fwp%2Fv2%2Fcategories&post=21048"},{"taxonomy":"post_tag","embeddable":true,"href":"https:\/\/minutobahia24h.com.br\/index.php?rest_route=%2Fwp%2Fv2%2Ftags&post=21048"}],"curies":[{"name":"wp","href":"https:\/\/api.w.org\/{rel}","templated":true}]}}