{"id":21010,"date":"2024-12-19T07:34:33","date_gmt":"2024-12-19T10:34:33","guid":{"rendered":"https:\/\/minutobahia24h.com.br\/?p=21010"},"modified":"2024-12-19T07:34:35","modified_gmt":"2024-12-19T10:34:35","slug":"ministerio-publico-denuncia-delegado-acusado-de-assedio-sexual-e-injuria-por-policiais-civis-na-bahia","status":"publish","type":"post","link":"https:\/\/minutobahia24h.com.br\/?p=21010","title":{"rendered":"Minist\u00e9rio P\u00fablico denuncia delegado acusado de ass\u00e9dio sexual e inj\u00faria por policiais civis na Bahia"},"content":{"rendered":"<div class=\"wp-block-image\">\n<figure class=\"aligncenter size-large\"><img data-recalc-dims=\"1\" fetchpriority=\"high\" decoding=\"async\" width=\"800\" height=\"405\" src=\"https:\/\/i0.wp.com\/minutobahia24h.com.br\/wp-content\/uploads\/2024\/12\/Sem-titulo-281-1024x519.jpg?resize=800%2C405&#038;ssl=1\" alt=\"\" class=\"wp-image-21011\" srcset=\"https:\/\/i0.wp.com\/minutobahia24h.com.br\/wp-content\/uploads\/2024\/12\/Sem-titulo-281.jpg?resize=1024%2C519&amp;ssl=1 1024w, https:\/\/i0.wp.com\/minutobahia24h.com.br\/wp-content\/uploads\/2024\/12\/Sem-titulo-281.jpg?resize=300%2C152&amp;ssl=1 300w, https:\/\/i0.wp.com\/minutobahia24h.com.br\/wp-content\/uploads\/2024\/12\/Sem-titulo-281.jpg?resize=768%2C389&amp;ssl=1 768w, https:\/\/i0.wp.com\/minutobahia24h.com.br\/wp-content\/uploads\/2024\/12\/Sem-titulo-281.jpg?resize=750%2C380&amp;ssl=1 750w, https:\/\/i0.wp.com\/minutobahia24h.com.br\/wp-content\/uploads\/2024\/12\/Sem-titulo-281.jpg?resize=1140%2C578&amp;ssl=1 1140w, https:\/\/i0.wp.com\/minutobahia24h.com.br\/wp-content\/uploads\/2024\/12\/Sem-titulo-281.jpg?w=1200&amp;ssl=1 1200w\" sizes=\"(max-width: 800px) 100vw, 800px\" \/><figcaption class=\"wp-element-caption\">Delegado Ant\u00f4nio Carlos Magalh\u00e3es foi denunciado por ass\u00e9dio sexual e inj\u00faria \u2014 Foto: Maiana Belo\/G1 BA<\/figcaption><\/figure>\n<\/div>\n\n\n<p>O Minist\u00e9rio P\u00fablico da Bahia (MP-BA) denunciou \u00e0 Justi\u00e7a o&nbsp;<strong>delegado Ant\u00f4nio Carlos Magalh\u00e3es<\/strong>, que \u00e9 acusado de&nbsp;<a class=\"\" href=\"https:\/\/g1.globo.com\/ba\/bahia\/noticia\/2024\/10\/01\/investigadoras-da-policia-civil-denunciam-delegado-por-assedio-sexual-na-bahia-secretaria-de-seguranca-publica-determina-apuracao-dos-casos.ghtml\">ass\u00e9dio sexual e inj\u00faria<\/a>&nbsp;por policiais civis que trabalharam com ele em&nbsp;<a class=\"\" href=\"https:\/\/g1.globo.com\/ba\/bahia\/cidade\/salvador\/\">Salvador<\/a>. A informa\u00e7\u00e3o foi divulgada nesta quarta-feira (18) pelo \u00f3rg\u00e3o.<\/p>\n\n\n\n<p>Quatro servidoras denunciaram o suspeito, por\u00e9m apenas duas s\u00e3o mencionadas: uma investigadora e uma escriv\u00e3, que relatam situa\u00e7\u00f5es ocorridas entre 15 de abril e 19 de setembro deste ano,&nbsp;<strong>dentro da 28\u00aa Delegacia Territorial (DT\/Nordeste de Amaralina) de Salvador<\/strong>. A unidade era comandada pelo delegado at\u00e9 setembro, quando ele&nbsp;foi exonerado por causa dos relatos.<\/p>\n\n\n\n<ul class=\"wp-block-list\">\n<li><strong>Toques nos corpos e convites para passeios de lancha:<\/strong>\u00a0<a class=\"\" href=\"https:\/\/g1.globo.com\/ba\/bahia\/noticia\/2024\/10\/01\/investigadoras-da-policia-civil-denunciam-delegado-por-assedio-sexual-na-bahia-secretaria-de-seguranca-publica-determina-apuracao-dos-casos.ghtml\">investigadoras da Pol\u00edcia Civil denunciam delegado por ass\u00e9dio sexual na Bahia<\/a><\/li>\n<\/ul>\n\n\n\n<p>Se a Justi\u00e7a aceitar a den\u00fancia, o delegado passar\u00e1 a ser r\u00e9u no processo. A primeira audi\u00eancia de instru\u00e7\u00e3o criminal est\u00e1 agendada para o final de janeiro. Tamb\u00e9m nesta quarta,&nbsp;foi decretado segredo judicial no processo da a\u00e7\u00e3o penal.<\/p>\n\n\n\n<p>O&nbsp;<a class=\"\" href=\"https:\/\/g1.globo.com\/ba\/bahia\/\">g1<\/a>&nbsp;procurou o delegado ACM, como \u00e9 conhecido, mas ele n\u00e3o se pronunciou sobre a situa\u00e7\u00e3o.<\/p>\n\n\n\n<h2 class=\"wp-block-heading\">Den\u00fancia mostra detalhes<\/h2>\n\n\n\n<figure class=\"wp-block-image\"><img data-recalc-dims=\"1\" decoding=\"async\" src=\"https:\/\/i0.wp.com\/s2-g1.glbimg.com\/31EUzVFd7Dd-6AoSW_N0C7ReeH8%3D\/0x0%3A1280x960\/984x0\/smart\/filters%3Astrip_icc%28%29\/i.s3.glbimg.com\/v1\/AUTH_59edd422c0c84a879bd37670ae4f538a\/internal_photos\/bs\/2017\/d\/G\/Ro7RRCRxWGNo9QnjV4qQ\/whatsapp-image-2017-05-15-at-10.20.32.jpeg?w=800&#038;ssl=1\" alt=\"28\u00aa Delegacia, no Nordeste de Amaralina, em Salvador \u2014 Foto: Juliana Almirante\/G1\"\/><\/figure>\n\n\n\n<p>28\u00aa Delegacia, no Nordeste de Amaralina, em Salvador \u2014 Foto: Juliana Almirante\/G1<\/p>\n\n\n\n<p>A den\u00fancia cita relatos de testemunhas para afirmar que o delegado usou da posi\u00e7\u00e3o hier\u00e1rquica para constranger as servidoras com&nbsp;&#8220;atos libidinosos, elogios inapropriados e ofensas verbais&#8221;.<\/p>\n\n\n\n<p>Contra uma das v\u00edtimas, Ant\u00f4nio Carlos teria praticado toques no corpo de uma das mulheres sem consentimento dela, e aproxima\u00e7\u00f5es invasivas, al\u00e9m de coment\u00e1rios ao p\u00e9 do ouvido, inclusive sobre a apar\u00eancia f\u00edsica,&nbsp;dizendo que ela era &#8220;linda e maravilhosa&#8221;.<\/p>\n\n\n\n<p>J\u00e1 contra a escriv\u00e3, conforme detalha a investiga\u00e7\u00e3o, o delegado \u00e9 acusado de inj\u00faria,&nbsp;por ofensas, como chamar a servidora de &#8220;burra&#8221;, e amea\u00e7as, ao falar que iria &#8220;marcar a vida&#8221; da mulher.<\/p>\n\n\n\n<p>As policiais&nbsp;<a class=\"\" href=\"https:\/\/g1.globo.com\/ba\/bahia\/noticia\/2024\/10\/23\/investigadoras-que-denunciaram-delegado-por-assedio-sexual-na-ba-sao-transferidas-de-delegacia-apos-fim-de-licenca-medica.ghtml\">foram transferidas para outra unidade em outubro<\/a>, ap\u00f3s per\u00edodo em licen\u00e7a m\u00e9dica. Elas est\u00e3o sob acompanhamento de psic\u00f3logos do Departamento de Gest\u00e3o de Pessoas, Sa\u00fade e Valoriza\u00e7\u00e3o Profissional (DPSV). J\u00e1 o delegado foi indiciado no m\u00eas passado, ap\u00f3s exonera\u00e7\u00e3o.<\/p>\n\n\n\n<h2 class=\"wp-block-heading\">O que j\u00e1 disse o delegado<\/h2>\n\n\n\n<p>Em nota enviada \u00e0 reportagem depois que o caso se tornou p\u00fablico,&nbsp;Ant\u00f4nio Carlos disse que as den\u00fancias s\u00e3o &#8220;inver\u00eddicas e de cunho pol\u00edtico&#8221; e partem de uma &#8220;ardilosa arma\u00e7\u00e3o&#8221; para manchar a imagem dele. O delegado havia ressaltado ainda que&nbsp;<strong>trabalha h\u00e1 25 anos na pol\u00edcia<\/strong>, enquanto as mulheres que o acusam estariam h\u00e1 apenas quatro meses na institui\u00e7\u00e3o.&nbsp;<strong><em>Veja a resposta completa abaixo:<\/em><\/strong><\/p>\n\n\n\n<p><em>&#8220;Eu trabalho na Pol\u00edcia h\u00e1 25 anos, e a Institui\u00e7\u00e3o sempre foi prioridade em minha vida, inclusive, por diversas vezes, acima da minha fam\u00edlia. As acusa\u00e7\u00f5es partiram de servidoras que est\u00e3o h\u00e1 apenas 04 meses de carreira policial. Ao longo da minha caminhada sempre preservei pelo profissionalismo e boa conduta.<\/em><\/p>\n\n\n\n<p><em>Toda delegacia por onde passei tive um grande desempenho que foi reconhecido pela Secretaria de Seguran\u00e7a P\u00fablica e principalmente pela comunidade local.<\/em><\/p>\n\n\n\n<p><em>N\u00e3o tenho d\u00favida que se trata de uma ardilosa arma\u00e7\u00e3o para manchar a minha imagem perante a Pol\u00edcia e a sociedade, mas confio na justi\u00e7a que n\u00e3o ser\u00e3o falsas acusa\u00e7\u00f5es de pessoas de pouco meses na Institui\u00e7\u00e3o que v\u00e3o depreciar a minha reputa\u00e7\u00e3o.<\/em><\/p>\n\n\n\n<p><em>O trabalho que eu cobro dos policiais \u00e9 o trabalho que eu fa\u00e7o, \u00e9 atender bem a popula\u00e7\u00e3o, fazer opera\u00e7\u00e3o na rua, garantir a seguran\u00e7a e paz, mas infelizmente nem todos querem fazer isto ou se comprometer 100% com a Pol\u00edcia, e quando s\u00e3o obrigados a trabalhar no que n\u00e3o desejam agem de total m\u00e1-f\u00e9, como est\u00e3o fazendo comigo.<\/em><\/p>\n\n\n\n<p><em>As acusa\u00e7\u00f5es contra mim s\u00e3o inver\u00eddicas e de cunho pol\u00edtico e ser\u00e3o devidamente recha\u00e7adas no momento oportuno com minhas declara\u00e7\u00f5es que ir\u00e3o apontar o real motivo destas, al\u00e9m de que no curso do procedimento ser\u00e1 provada a minha inoc\u00eancia.<\/em><\/p>\n\n\n\n<p><em>O inimigo pode estar de p\u00e9 agora, mas Deus \u00e9 a minha verdade e o meu escudo!&#8221;<\/em><\/p>\n","protected":false},"excerpt":{"rendered":"<p>O Minist\u00e9rio P\u00fablico da Bahia (MP-BA) denunciou \u00e0 Justi\u00e7a o&nbsp;delegado Ant\u00f4nio Carlos Magalh\u00e3es, que \u00e9 acusado de&nbsp;ass\u00e9dio sexual e inj\u00faria&nbsp;por policiais civis que trabalharam com ele em&nbsp;Salvador. A informa\u00e7\u00e3o foi divulgada nesta quarta-feira (18) pelo \u00f3rg\u00e3o. Quatro servidoras denunciaram o suspeito, por\u00e9m apenas duas s\u00e3o mencionadas: uma investigadora e uma escriv\u00e3, que relatam situa\u00e7\u00f5es ocorridas [&hellip;]<\/p>\n","protected":false},"author":2,"featured_media":21011,"comment_status":"open","ping_status":"open","sticky":false,"template":"","format":"standard","meta":{"_jetpack_memberships_contains_paid_content":false,"footnotes":""},"categories":[46],"tags":[],"class_list":["post-21010","post","type-post","status-publish","format-standard","has-post-thumbnail","hentry","category-noticia"],"aioseo_notices":[],"jetpack_featured_media_url":"https:\/\/i0.wp.com\/minutobahia24h.com.br\/wp-content\/uploads\/2024\/12\/Sem-titulo-281.jpg?fit=1200%2C608&ssl=1","jetpack_sharing_enabled":true,"_links":{"self":[{"href":"https:\/\/minutobahia24h.com.br\/index.php?rest_route=\/wp\/v2\/posts\/21010","targetHints":{"allow":["GET"]}}],"collection":[{"href":"https:\/\/minutobahia24h.com.br\/index.php?rest_route=\/wp\/v2\/posts"}],"about":[{"href":"https:\/\/minutobahia24h.com.br\/index.php?rest_route=\/wp\/v2\/types\/post"}],"author":[{"embeddable":true,"href":"https:\/\/minutobahia24h.com.br\/index.php?rest_route=\/wp\/v2\/users\/2"}],"replies":[{"embeddable":true,"href":"https:\/\/minutobahia24h.com.br\/index.php?rest_route=%2Fwp%2Fv2%2Fcomments&post=21010"}],"version-history":[{"count":1,"href":"https:\/\/minutobahia24h.com.br\/index.php?rest_route=\/wp\/v2\/posts\/21010\/revisions"}],"predecessor-version":[{"id":21012,"href":"https:\/\/minutobahia24h.com.br\/index.php?rest_route=\/wp\/v2\/posts\/21010\/revisions\/21012"}],"wp:featuredmedia":[{"embeddable":true,"href":"https:\/\/minutobahia24h.com.br\/index.php?rest_route=\/wp\/v2\/media\/21011"}],"wp:attachment":[{"href":"https:\/\/minutobahia24h.com.br\/index.php?rest_route=%2Fwp%2Fv2%2Fmedia&parent=21010"}],"wp:term":[{"taxonomy":"category","embeddable":true,"href":"https:\/\/minutobahia24h.com.br\/index.php?rest_route=%2Fwp%2Fv2%2Fcategories&post=21010"},{"taxonomy":"post_tag","embeddable":true,"href":"https:\/\/minutobahia24h.com.br\/index.php?rest_route=%2Fwp%2Fv2%2Ftags&post=21010"}],"curies":[{"name":"wp","href":"https:\/\/api.w.org\/{rel}","templated":true}]}}