{"id":21,"date":"2023-09-06T14:37:31","date_gmt":"2023-09-06T17:37:31","guid":{"rendered":"https:\/\/minutobahia24h.com.br\/?p=21"},"modified":"2023-09-06T14:37:31","modified_gmt":"2023-09-06T17:37:31","slug":"bonfinense-jeferson-muricy-e-eleito-presidente-do-tribunal-regional-do-trabalho-da-5a-regiao","status":"publish","type":"post","link":"https:\/\/minutobahia24h.com.br\/?p=21","title":{"rendered":"Bonfinense J\u00e9ferson Muricy \u00e9 eleito presidente do Tribunal Regional do Trabalho da 5\u00aa Regi\u00e3o"},"content":{"rendered":"\n<p>O Pleno do Tribunal Regional do Trabalho da 5\u00aa Regi\u00e3o (TRT-5) elegeu, na tarde desta segunda-feira (04), o desembargador J\u00e9ferson Alves Silva Muricy como o novo presidente da corte no bi\u00eanio 2023-2025. A desembargadora L\u00e9a Reis Nunes foi eleita vice-presidente por unanimidade.<\/p>\n\n\n\n<p>\u201cPara mim \u00e9 uma grande honra ter sido escolhido presidente pelos colegas, mas tamb\u00e9m uma grande responsabilidade. Espero ser um presidente \u00e0 altura da tradi\u00e7\u00e3o e hist\u00f3ria do TRT5. Trabalharei incansavelmente, cotidianamente, para honrar a confian\u00e7a dos votos recebidos\u201d, afirmou o desembargador J\u00e9ferson Muricy, filho de Senhor do Bonfim, que recebeu 24 dos 25 votos totais.<\/p>\n\n\n\n<figure class=\"wp-block-image\"><a href=\"https:\/\/i0.wp.com\/blogdoeloiltoncajuhy.com.br\/site\/wp-content\/uploads\/2023\/09\/Desembargador-Jeferson-Muricy_Divulgacao-TRT5.jpeg?ssl=1\"><img decoding=\"async\" src=\"https:\/\/i0.wp.com\/blogdoeloiltoncajuhy.com.br\/site\/wp-content\/uploads\/2023\/09\/Desembargador-Jeferson-Muricy_Divulgacao-TRT5.jpeg?resize=619%2C459&amp;ssl=1\" alt=\"\" class=\"wp-image-76385\"\/><\/a><figcaption class=\"wp-element-caption\"><sub>Foto: Divulga\u00e7\u00e3o\/TRT-5<\/sub><\/figcaption><\/figure>\n\n\n\n<p>Na sess\u00e3o ordin\u00e1ria tamb\u00e9m foram escolhidos os desembargadores que ocupar\u00e3o as vagas no \u00d3rg\u00e3o Especial, na Escola Judicial e na Corregedoria. Confira os eleitos:<\/p>\n\n\n\n<p>O \u00d3rg\u00e3o Especial \u00e9 composto por 13 desembargadores, sendo eleitos nas vagas destinadas aos magistrados de carreira as desembargadoras Ana Paola e Eloina Machado, junto com os suplentes Edilton Meireles e Maria Elisa.<\/p>\n\n\n\n<p>Diretor da Escola Judicial \u2013 Desembargadora Ana Paola Machado Diniz<\/p>\n\n\n\n<p>Vice-diretor- Desembargador Edilton Meireles<\/p>\n\n\n\n<p>Corregedor Regional \u2013 Desembargadora Ivana M\u00e9rcia Nilo de Magaldi<\/p>\n\n\n\n<p>Corregedor Regional Adjunto \u2013 Desembargadora Suzana In\u00e1cio<\/p>\n","protected":false},"excerpt":{"rendered":"<p>O Pleno do Tribunal Regional do Trabalho da 5\u00aa Regi\u00e3o (TRT-5) elegeu, na tarde desta segunda-feira (04), o desembargador J\u00e9ferson Alves Silva Muricy como o novo presidente da corte no bi\u00eanio 2023-2025. A desembargadora L\u00e9a Reis Nunes foi eleita vice-presidente por unanimidade. \u201cPara mim \u00e9 uma grande honra ter sido escolhido presidente pelos colegas, mas [&hellip;]<\/p>\n","protected":false},"author":1,"featured_media":22,"comment_status":"open","ping_status":"open","sticky":false,"template":"","format":"standard","meta":{"_jetpack_memberships_contains_paid_content":false,"footnotes":""},"categories":[3],"tags":[],"class_list":["post-21","post","type-post","status-publish","format-standard","has-post-thumbnail","hentry","category-regional"],"aioseo_notices":[],"jetpack_featured_media_url":"https:\/\/i0.wp.com\/minutobahia24h.com.br\/wp-content\/uploads\/2023\/09\/Desembargador-Jeferson-Muricy_Divulgacao-TRT5.webp?fit=854%2C633&ssl=1","jetpack_sharing_enabled":true,"_links":{"self":[{"href":"https:\/\/minutobahia24h.com.br\/index.php?rest_route=\/wp\/v2\/posts\/21","targetHints":{"allow":["GET"]}}],"collection":[{"href":"https:\/\/minutobahia24h.com.br\/index.php?rest_route=\/wp\/v2\/posts"}],"about":[{"href":"https:\/\/minutobahia24h.com.br\/index.php?rest_route=\/wp\/v2\/types\/post"}],"author":[{"embeddable":true,"href":"https:\/\/minutobahia24h.com.br\/index.php?rest_route=\/wp\/v2\/users\/1"}],"replies":[{"embeddable":true,"href":"https:\/\/minutobahia24h.com.br\/index.php?rest_route=%2Fwp%2Fv2%2Fcomments&post=21"}],"version-history":[{"count":1,"href":"https:\/\/minutobahia24h.com.br\/index.php?rest_route=\/wp\/v2\/posts\/21\/revisions"}],"predecessor-version":[{"id":23,"href":"https:\/\/minutobahia24h.com.br\/index.php?rest_route=\/wp\/v2\/posts\/21\/revisions\/23"}],"wp:featuredmedia":[{"embeddable":true,"href":"https:\/\/minutobahia24h.com.br\/index.php?rest_route=\/wp\/v2\/media\/22"}],"wp:attachment":[{"href":"https:\/\/minutobahia24h.com.br\/index.php?rest_route=%2Fwp%2Fv2%2Fmedia&parent=21"}],"wp:term":[{"taxonomy":"category","embeddable":true,"href":"https:\/\/minutobahia24h.com.br\/index.php?rest_route=%2Fwp%2Fv2%2Fcategories&post=21"},{"taxonomy":"post_tag","embeddable":true,"href":"https:\/\/minutobahia24h.com.br\/index.php?rest_route=%2Fwp%2Fv2%2Ftags&post=21"}],"curies":[{"name":"wp","href":"https:\/\/api.w.org\/{rel}","templated":true}]}}