{"id":20952,"date":"2024-12-18T15:24:12","date_gmt":"2024-12-18T18:24:12","guid":{"rendered":"https:\/\/minutobahia24h.com.br\/?p=20952"},"modified":"2024-12-18T15:24:14","modified_gmt":"2024-12-18T18:24:14","slug":"if-baiano-senhor-do-bonfim-lanca-edital-de-ingresso-para-cursos-superiores-de-administracao-e-licenciatura-em-quimica","status":"publish","type":"post","link":"https:\/\/minutobahia24h.com.br\/?p=20952","title":{"rendered":"IF Baiano Senhor do Bonfim lan\u00e7a edital de ingresso para Cursos Superiores de Administra\u00e7\u00e3o e Licenciatura em Qu\u00edmica"},"content":{"rendered":"\n<figure class=\"wp-block-gallery has-nested-images columns-default is-cropped wp-block-gallery-1 is-layout-flex wp-block-gallery-is-layout-flex\">\n<figure class=\"wp-block-image size-large\"><img data-recalc-dims=\"1\" fetchpriority=\"high\" decoding=\"async\" width=\"514\" height=\"641\" data-id=\"20954\" src=\"https:\/\/i0.wp.com\/minutobahia24h.com.br\/wp-content\/uploads\/2024\/12\/Sem-titulo-266.jpg?resize=514%2C641&#038;ssl=1\" alt=\"\" class=\"wp-image-20954\" srcset=\"https:\/\/i0.wp.com\/minutobahia24h.com.br\/wp-content\/uploads\/2024\/12\/Sem-titulo-266.jpg?w=514&amp;ssl=1 514w, https:\/\/i0.wp.com\/minutobahia24h.com.br\/wp-content\/uploads\/2024\/12\/Sem-titulo-266.jpg?resize=241%2C300&amp;ssl=1 241w\" sizes=\"(max-width: 514px) 100vw, 514px\" \/><\/figure>\n\n\n\n<figure class=\"wp-block-image size-large\"><img data-recalc-dims=\"1\" decoding=\"async\" width=\"564\" height=\"799\" data-id=\"20953\" src=\"https:\/\/i0.wp.com\/minutobahia24h.com.br\/wp-content\/uploads\/2024\/12\/Sem-titulo1.jpg?resize=564%2C799&#038;ssl=1\" alt=\"\" class=\"wp-image-20953\" srcset=\"https:\/\/i0.wp.com\/minutobahia24h.com.br\/wp-content\/uploads\/2024\/12\/Sem-titulo1.jpg?w=564&amp;ssl=1 564w, https:\/\/i0.wp.com\/minutobahia24h.com.br\/wp-content\/uploads\/2024\/12\/Sem-titulo1.jpg?resize=212%2C300&amp;ssl=1 212w\" sizes=\"(max-width: 564px) 100vw, 564px\" \/><\/figure>\n<\/figure>\n\n\n\n<p>O Instituto Federal Baiano (IF Baiano), Campus Senhor do Bonfim, acaba de lan\u00e7ar o edital para o Processo Seletivo Local destinado ao ingresso de estudantes em dois novos cursos superiores: *Bacharelado em Administra\u00e7\u00e3o e Licenciatura em Qu\u00edmica*. As primeiras turmas ter\u00e3o in\u00edcio em mar\u00e7o de 2025, marcando uma nova etapa na hist\u00f3ria da institui\u00e7\u00e3o.<\/p>\n\n\n\n<p>Os cursos ser\u00e3o ofertados em duas modalidades de sele\u00e7\u00e3o:<\/p>\n\n\n\n<p>1. *Processo Seletivo* Local, com an\u00e1lise curricular e prova de reda\u00e7\u00e3o (carta de inten\u00e7\u00f5es) para Administra\u00e7\u00e3o \/ An\u00e1lise curricular e entrevista para Licenciatura em Qu\u00edmica.<\/p>\n\n\n\n<p>2. *SiSU &#8211; Sistema de Sele\u00e7\u00e3o Unificada*, destinado aos candidatos que realizaram a prova do ENEM 2024.<\/p>\n\n\n\n<p>*Vagas e pol\u00edtica de cotas*<\/p>\n\n\n\n<p>\u2022 *Bacharelado em Administra\u00e7\u00e3o:* 40 vagas, sendo 23 pelo SiSU e 17 pelo Processo Seletivo Local.<\/p>\n\n\n\n<p>\u2022 *Licenciatura em Qu\u00edmica:* 35 vagas, sendo 18 pelo SiSU e 17 pelo Processo Seletivo Local.<\/p>\n\n\n\n<p>Os editais seguem a Pol\u00edtica de Cotas, reservando vagas para estudantes oriundos de escolas p\u00fablicas, autodeclarados pretos, pardos e ind\u00edgenas, pessoas com defici\u00eancia e membros de comunidades quilombolas, conforme a legisla\u00e7\u00e3o vigente.<\/p>\n\n\n\n<p>*Inscri\u00e7\u00f5es gratuitas e acesso F\u00e1cil*<\/p>\n\n\n\n<p>As inscri\u00e7\u00f5es para o Processo Seletivo Local s\u00e3o gratuitas e estar\u00e3o abertas de *21 de dezembro de 2024 a 12 de janeiro de 2025*, atrav\u00e9s do site oficial do campus:<\/p>\n\n\n\n<p>\ud83d\udc49&nbsp;<a href=\"https:\/\/www.ifbaiano.edu.br\/unidades\/bonfim\/ingresso\/\">https:\/\/www.ifbaiano.edu.br\/unidades\/bonfim\/ingresso\/<\/a><\/p>\n\n\n\n<p>*Detalhes dos Cursos*<\/p>\n\n\n\n<p>\u2022 Dura\u00e7\u00e3o: 4 anos<\/p>\n\n\n\n<p>\u2022 Per\u00edodo: Noturno<\/p>\n\n\n\n<p>\u2022 Investimento: Gratuito<\/p>\n\n\n\n<p>\u2022 Modalidade: Presencial<\/p>\n\n\n\n<p>Vale ressaltar que as vagas pelo Sisu ser\u00e3o ofertadas de acordo com o calend\u00e1rio do Minist\u00e9rio da Educa\u00e7\u00e3o, no per\u00edodo previsto de *17 a 21 de janeiro de 2025*, para os candidatos que participaram da edi\u00e7\u00e3o vigente do Enem.<\/p>\n\n\n\n<p>Essa \u00e9 uma oportunidade para quem deseja ingressar em cursos de qualidade em uma institui\u00e7\u00e3o reconhecida para construir uma carreira s\u00f3lida nas \u00e1reas de Administra\u00e7\u00e3o ou Qu\u00edmica. Fique atento \u00e0s datas e participe.<\/p>\n\n\n\n<figure class=\"wp-block-gallery has-nested-images columns-default is-cropped wp-block-gallery-2 is-layout-flex wp-block-gallery-is-layout-flex\">\n<figure class=\"wp-block-image size-large\"><img data-recalc-dims=\"1\" decoding=\"async\" width=\"721\" height=\"1024\" data-id=\"20956\" src=\"https:\/\/i0.wp.com\/minutobahia24h.com.br\/wp-content\/uploads\/2024\/12\/Sem-titulo-267-721x1024.jpg?resize=721%2C1024&#038;ssl=1\" alt=\"\" class=\"wp-image-20956\" srcset=\"https:\/\/i0.wp.com\/minutobahia24h.com.br\/wp-content\/uploads\/2024\/12\/Sem-titulo-267.jpg?resize=721%2C1024&amp;ssl=1 721w, https:\/\/i0.wp.com\/minutobahia24h.com.br\/wp-content\/uploads\/2024\/12\/Sem-titulo-267.jpg?resize=211%2C300&amp;ssl=1 211w, https:\/\/i0.wp.com\/minutobahia24h.com.br\/wp-content\/uploads\/2024\/12\/Sem-titulo-267.jpg?resize=768%2C1090&amp;ssl=1 768w, https:\/\/i0.wp.com\/minutobahia24h.com.br\/wp-content\/uploads\/2024\/12\/Sem-titulo-267.jpg?resize=1082%2C1536&amp;ssl=1 1082w, https:\/\/i0.wp.com\/minutobahia24h.com.br\/wp-content\/uploads\/2024\/12\/Sem-titulo-267.jpg?resize=750%2C1065&amp;ssl=1 750w, https:\/\/i0.wp.com\/minutobahia24h.com.br\/wp-content\/uploads\/2024\/12\/Sem-titulo-267.jpg?w=1127&amp;ssl=1 1127w\" sizes=\"(max-width: 721px) 100vw, 721px\" \/><\/figure>\n\n\n\n<figure class=\"wp-block-image size-large\"><img data-recalc-dims=\"1\" loading=\"lazy\" decoding=\"async\" width=\"721\" height=\"1024\" data-id=\"20955\" src=\"https:\/\/i0.wp.com\/minutobahia24h.com.br\/wp-content\/uploads\/2024\/12\/Sem-titulo1-1-721x1024.jpg?resize=721%2C1024&#038;ssl=1\" alt=\"\" class=\"wp-image-20955\" srcset=\"https:\/\/i0.wp.com\/minutobahia24h.com.br\/wp-content\/uploads\/2024\/12\/Sem-titulo1-1.jpg?resize=721%2C1024&amp;ssl=1 721w, https:\/\/i0.wp.com\/minutobahia24h.com.br\/wp-content\/uploads\/2024\/12\/Sem-titulo1-1.jpg?resize=211%2C300&amp;ssl=1 211w, https:\/\/i0.wp.com\/minutobahia24h.com.br\/wp-content\/uploads\/2024\/12\/Sem-titulo1-1.jpg?resize=768%2C1090&amp;ssl=1 768w, https:\/\/i0.wp.com\/minutobahia24h.com.br\/wp-content\/uploads\/2024\/12\/Sem-titulo1-1.jpg?resize=1082%2C1536&amp;ssl=1 1082w, https:\/\/i0.wp.com\/minutobahia24h.com.br\/wp-content\/uploads\/2024\/12\/Sem-titulo1-1.jpg?resize=750%2C1065&amp;ssl=1 750w, https:\/\/i0.wp.com\/minutobahia24h.com.br\/wp-content\/uploads\/2024\/12\/Sem-titulo1-1.jpg?w=1127&amp;ssl=1 1127w\" sizes=\"(max-width: 721px) 100vw, 721px\" \/><\/figure>\n<\/figure>\n","protected":false},"excerpt":{"rendered":"<p>O Instituto Federal Baiano (IF Baiano), Campus Senhor do Bonfim, acaba de lan\u00e7ar o edital para o Processo Seletivo Local destinado ao ingresso de estudantes em dois novos cursos superiores: *Bacharelado em Administra\u00e7\u00e3o e Licenciatura em Qu\u00edmica*. As primeiras turmas ter\u00e3o in\u00edcio em mar\u00e7o de 2025, marcando uma nova etapa na hist\u00f3ria da institui\u00e7\u00e3o. Os [&hellip;]<\/p>\n","protected":false},"author":2,"featured_media":20954,"comment_status":"open","ping_status":"open","sticky":false,"template":"","format":"standard","meta":{"_jetpack_memberships_contains_paid_content":false,"footnotes":""},"categories":[3],"tags":[],"class_list":["post-20952","post","type-post","status-publish","format-standard","has-post-thumbnail","hentry","category-regional"],"aioseo_notices":[],"jetpack_featured_media_url":"https:\/\/i0.wp.com\/minutobahia24h.com.br\/wp-content\/uploads\/2024\/12\/Sem-titulo-266.jpg?fit=514%2C641&ssl=1","jetpack_sharing_enabled":true,"_links":{"self":[{"href":"https:\/\/minutobahia24h.com.br\/index.php?rest_route=\/wp\/v2\/posts\/20952","targetHints":{"allow":["GET"]}}],"collection":[{"href":"https:\/\/minutobahia24h.com.br\/index.php?rest_route=\/wp\/v2\/posts"}],"about":[{"href":"https:\/\/minutobahia24h.com.br\/index.php?rest_route=\/wp\/v2\/types\/post"}],"author":[{"embeddable":true,"href":"https:\/\/minutobahia24h.com.br\/index.php?rest_route=\/wp\/v2\/users\/2"}],"replies":[{"embeddable":true,"href":"https:\/\/minutobahia24h.com.br\/index.php?rest_route=%2Fwp%2Fv2%2Fcomments&post=20952"}],"version-history":[{"count":1,"href":"https:\/\/minutobahia24h.com.br\/index.php?rest_route=\/wp\/v2\/posts\/20952\/revisions"}],"predecessor-version":[{"id":20957,"href":"https:\/\/minutobahia24h.com.br\/index.php?rest_route=\/wp\/v2\/posts\/20952\/revisions\/20957"}],"wp:featuredmedia":[{"embeddable":true,"href":"https:\/\/minutobahia24h.com.br\/index.php?rest_route=\/wp\/v2\/media\/20954"}],"wp:attachment":[{"href":"https:\/\/minutobahia24h.com.br\/index.php?rest_route=%2Fwp%2Fv2%2Fmedia&parent=20952"}],"wp:term":[{"taxonomy":"category","embeddable":true,"href":"https:\/\/minutobahia24h.com.br\/index.php?rest_route=%2Fwp%2Fv2%2Fcategories&post=20952"},{"taxonomy":"post_tag","embeddable":true,"href":"https:\/\/minutobahia24h.com.br\/index.php?rest_route=%2Fwp%2Fv2%2Ftags&post=20952"}],"curies":[{"name":"wp","href":"https:\/\/api.w.org\/{rel}","templated":true}]}}