{"id":2095,"date":"2023-10-11T07:11:28","date_gmt":"2023-10-11T10:11:28","guid":{"rendered":"https:\/\/minutobahia24h.com.br\/?p=2095"},"modified":"2023-10-11T07:11:29","modified_gmt":"2023-10-11T10:11:29","slug":"vereador-ary-urbano-passa-a-integrar-o-forum-municipal-de-educacao","status":"publish","type":"post","link":"https:\/\/minutobahia24h.com.br\/?p=2095","title":{"rendered":"Vereador Ary urbano passa a integrar o F\u00f3rum Municipal de Educa\u00e7\u00e3o"},"content":{"rendered":"<div class=\"wp-block-image\">\n<figure class=\"aligncenter size-full\"><img data-recalc-dims=\"1\" fetchpriority=\"high\" decoding=\"async\" width=\"800\" height=\"600\" src=\"https:\/\/i0.wp.com\/minutobahia24h.com.br\/wp-content\/uploads\/2023\/10\/WhatsApp-Image-2023-10-10-at-14.11.38.jpeg?resize=800%2C600&#038;ssl=1\" alt=\"\" class=\"wp-image-2097\" srcset=\"https:\/\/i0.wp.com\/minutobahia24h.com.br\/wp-content\/uploads\/2023\/10\/WhatsApp-Image-2023-10-10-at-14.11.38.jpeg?w=1024&amp;ssl=1 1024w, https:\/\/i0.wp.com\/minutobahia24h.com.br\/wp-content\/uploads\/2023\/10\/WhatsApp-Image-2023-10-10-at-14.11.38.jpeg?resize=300%2C225&amp;ssl=1 300w, https:\/\/i0.wp.com\/minutobahia24h.com.br\/wp-content\/uploads\/2023\/10\/WhatsApp-Image-2023-10-10-at-14.11.38.jpeg?resize=768%2C576&amp;ssl=1 768w, https:\/\/i0.wp.com\/minutobahia24h.com.br\/wp-content\/uploads\/2023\/10\/WhatsApp-Image-2023-10-10-at-14.11.38.jpeg?resize=750%2C563&amp;ssl=1 750w\" sizes=\"(max-width: 800px) 100vw, 800px\" \/><\/figure>\n<\/div>\n\n\n<p>Atendendo \u00e0 solicita\u00e7\u00e3o da Secretaria Municipal de Educa\u00e7\u00e3o com base no artigo 7\u00ba da Lei Municipal 1353\/2015, o vereador Ary Urbano, passa a integrar o quadro de membros titulares do F\u00f3rum Municipal de Educa\u00e7\u00e3o. Vale destacar que al\u00e9m de possibilitar o encontro entre sociedade civil e o poder p\u00fablico, o F\u00f3rum de Educa\u00e7\u00e3o ser\u00e1 respons\u00e1vel por coordenar as confer\u00eancias de educa\u00e7\u00e3o bem como efetuar o acompanhamento da execu\u00e7\u00e3o do PNE e dos respectivos Planos de Educa\u00e7\u00e3o.<\/p>\n\n\n\n<p>\u201cMe sinto honrado por fazer parte deste grupo que conduzir\u00e1 as diretrizes da educa\u00e7\u00e3o municipal. A responsabilidade \u00e9 grande, principalmente por ser o representante do Poder Legislativo no F\u00f3rum de Educa\u00e7\u00e3o. Essa \u00e9 mais uma miss\u00e3o dada a mim e que abra\u00e7arei com todo carinho para que a educa\u00e7\u00e3o do nosso munic\u00edpio melhore a cada dia\u201d, pontuou o vereador Ary Urbano.<\/p>\n","protected":false},"excerpt":{"rendered":"<p>Atendendo \u00e0 solicita\u00e7\u00e3o da Secretaria Municipal de Educa\u00e7\u00e3o com base no artigo 7\u00ba da Lei Municipal 1353\/2015, o vereador Ary Urbano, passa a integrar o quadro de membros titulares do F\u00f3rum Municipal de Educa\u00e7\u00e3o. Vale destacar que al\u00e9m de possibilitar o encontro entre sociedade civil e o poder p\u00fablico, o F\u00f3rum de Educa\u00e7\u00e3o ser\u00e1 respons\u00e1vel [&hellip;]<\/p>\n","protected":false},"author":2,"featured_media":2097,"comment_status":"open","ping_status":"open","sticky":false,"template":"","format":"standard","meta":{"_jetpack_memberships_contains_paid_content":false,"footnotes":""},"categories":[17],"tags":[],"class_list":["post-2095","post","type-post","status-publish","format-standard","has-post-thumbnail","hentry","category-senhor-do-bonfim"],"aioseo_notices":[],"jetpack_featured_media_url":"https:\/\/i0.wp.com\/minutobahia24h.com.br\/wp-content\/uploads\/2023\/10\/WhatsApp-Image-2023-10-10-at-14.11.38.jpeg?fit=1024%2C768&ssl=1","jetpack_sharing_enabled":true,"_links":{"self":[{"href":"https:\/\/minutobahia24h.com.br\/index.php?rest_route=\/wp\/v2\/posts\/2095","targetHints":{"allow":["GET"]}}],"collection":[{"href":"https:\/\/minutobahia24h.com.br\/index.php?rest_route=\/wp\/v2\/posts"}],"about":[{"href":"https:\/\/minutobahia24h.com.br\/index.php?rest_route=\/wp\/v2\/types\/post"}],"author":[{"embeddable":true,"href":"https:\/\/minutobahia24h.com.br\/index.php?rest_route=\/wp\/v2\/users\/2"}],"replies":[{"embeddable":true,"href":"https:\/\/minutobahia24h.com.br\/index.php?rest_route=%2Fwp%2Fv2%2Fcomments&post=2095"}],"version-history":[{"count":1,"href":"https:\/\/minutobahia24h.com.br\/index.php?rest_route=\/wp\/v2\/posts\/2095\/revisions"}],"predecessor-version":[{"id":2098,"href":"https:\/\/minutobahia24h.com.br\/index.php?rest_route=\/wp\/v2\/posts\/2095\/revisions\/2098"}],"wp:featuredmedia":[{"embeddable":true,"href":"https:\/\/minutobahia24h.com.br\/index.php?rest_route=\/wp\/v2\/media\/2097"}],"wp:attachment":[{"href":"https:\/\/minutobahia24h.com.br\/index.php?rest_route=%2Fwp%2Fv2%2Fmedia&parent=2095"}],"wp:term":[{"taxonomy":"category","embeddable":true,"href":"https:\/\/minutobahia24h.com.br\/index.php?rest_route=%2Fwp%2Fv2%2Fcategories&post=2095"},{"taxonomy":"post_tag","embeddable":true,"href":"https:\/\/minutobahia24h.com.br\/index.php?rest_route=%2Fwp%2Fv2%2Ftags&post=2095"}],"curies":[{"name":"wp","href":"https:\/\/api.w.org\/{rel}","templated":true}]}}