{"id":20934,"date":"2024-12-18T10:28:32","date_gmt":"2024-12-18T13:28:32","guid":{"rendered":"https:\/\/minutobahia24h.com.br\/?p=20934"},"modified":"2024-12-18T10:28:34","modified_gmt":"2024-12-18T13:28:34","slug":"stf-retoma-julgamento-sobre-responsabilizacao-de-redes-sociais","status":"publish","type":"post","link":"https:\/\/minutobahia24h.com.br\/?p=20934","title":{"rendered":"STF retoma julgamento sobre responsabiliza\u00e7\u00e3o de redes sociais"},"content":{"rendered":"<div class=\"wp-block-image\">\n<figure class=\"aligncenter size-full\"><img data-recalc-dims=\"1\" fetchpriority=\"high\" decoding=\"async\" width=\"600\" height=\"421\" src=\"https:\/\/i0.wp.com\/minutobahia24h.com.br\/wp-content\/uploads\/2024\/12\/Sem-titulo-261.jpg?resize=600%2C421&#038;ssl=1\" alt=\"\" class=\"wp-image-20935\" srcset=\"https:\/\/i0.wp.com\/minutobahia24h.com.br\/wp-content\/uploads\/2024\/12\/Sem-titulo-261.jpg?w=600&amp;ssl=1 600w, https:\/\/i0.wp.com\/minutobahia24h.com.br\/wp-content\/uploads\/2024\/12\/Sem-titulo-261.jpg?resize=300%2C211&amp;ssl=1 300w\" sizes=\"(max-width: 600px) 100vw, 600px\" \/><figcaption class=\"wp-element-caption\">Foto: Rosinei Coutinho\/SCO\/STF<br><\/figcaption><\/figure>\n<\/div>\n\n\n<p>O Supremo Tribunal Federal (STF) retoma nesta quarta-feira (18) o julgamento sobre a responsabiliza\u00e7\u00e3o civil das redes sociais pelos conte\u00fados ilegais postados pelos usu\u00e1rios. At\u00e9 o momento, o placar do caso \u00e9 de 2 votos a 0 pela responsabiliza\u00e7\u00e3o das plataformas.<\/p>\n\n\n\n<p>O julgamento come\u00e7ou no dia 27 de novembro e se estende por seis sess\u00f5es consecutivas. Na sess\u00e3o de hoje, o presidente da Corte, Lu\u00eds Roberto Barroso, vai ler seu voto sobre a quest\u00e3o.<\/p>\n\n\n\n<p>O Supremo julga a constitucionalidade do Artigo 19 do Marco Civil da Internet (Lei 12.965\/2014), norma que estabeleceu os direitos e deveres para o uso da internet no Brasil.<\/p>\n\n\n\n<p>De acordo com o Artigo 19, \u201ccom o intuito de assegurar a liberdade de express\u00e3o e impedir a censura\u201d, as plataformas s\u00f3 podem ser responsabilizadas pelas postagens de seus usu\u00e1rios se, ap\u00f3s ordem judicial, n\u00e3o tomarem provid\u00eancias para retirar o conte\u00fado.<\/p>\n\n\n\n<p>Os ministros Dias Toffoli e Luiz Fux j\u00e1 votaram a favor da responsabiliza\u00e7\u00e3o. De acordo com os ministros, as plataformas devem retirar, ap\u00f3s notifica\u00e7\u00e3o extrajudicial, conte\u00fados considerados ilegais, como mensagens com ataques \u00e0 democracia, incita\u00e7\u00e3o \u00e0 viol\u00eancia, racismo, entre outras.<\/p>\n\n\n\n<p>Se o entendimento prevalecer, as redes sociais dever\u00e3o retirar os conte\u00fados ap\u00f3s serem notificadas diretamente pelos citados nas postagens, ou seja, sem aguardar uma decis\u00e3o da Justi\u00e7a.<\/p>\n\n\n\n<p>Faltam os votos de nove ministros. A expectativa \u00e9 de que o julgamento n\u00e3o seja conclu\u00eddo neste ano. Devido ao per\u00edodo de recesso, que come\u00e7a em 20 de dezembro, o julgamento deve ser retomado em 2025.<\/p>\n\n\n\n<p>Nas primeiras sess\u00f5es do julgamento, representantes das redes sociais defenderam a manuten\u00e7\u00e3o da responsabilidade somente ap\u00f3s o descumprimento de decis\u00e3o judicial, como ocorre atualmente. As redes socais sustentaram que j\u00e1 realizam a retirada de conte\u00fados ilegais de forma extrajudicial e que o eventual monitoramento pr\u00e9vio configuraria censura.<\/p>\n\n\n\n<p><strong>Entenda<\/strong><br>O plen\u00e1rio do STF julga dois processos que discutem a constitucionalidade do Artigo 19 do Marco Civil da Internet.<\/p>\n\n\n\n<p>Na a\u00e7\u00e3o relatada pelo ministro Dias Toffoli, o tribunal julga a validade da regra que exige ordem judicial pr\u00e9via para responsabiliza\u00e7\u00e3o dos provedores por atos il\u00edcitos. O caso trata de um recurso do Facebook para derrubar decis\u00e3o judicial que condenou a plataforma por danos morais pela cria\u00e7\u00e3o de perfil falso de um usu\u00e1rio.<\/p>\n\n\n\n<p>No processo relatado pelo ministro Luiz Fux, o STF discute se uma empresa que hospeda um site na internet deve fiscalizar conte\u00fados ofensivos e retir\u00e1-los do ar sem interven\u00e7\u00e3o judicial. O recurso foi protocolado pelo Google.<\/p>\n\n\n\n<p>Bahia.ba<\/p>\n\n\n\n<p><\/p>\n","protected":false},"excerpt":{"rendered":"<p>O Supremo Tribunal Federal (STF) retoma nesta quarta-feira (18) o julgamento sobre a responsabiliza\u00e7\u00e3o civil das redes sociais pelos conte\u00fados ilegais postados pelos usu\u00e1rios. At\u00e9 o momento, o placar do caso \u00e9 de 2 votos a 0 pela responsabiliza\u00e7\u00e3o das plataformas. O julgamento come\u00e7ou no dia 27 de novembro e se estende por seis sess\u00f5es [&hellip;]<\/p>\n","protected":false},"author":2,"featured_media":20935,"comment_status":"open","ping_status":"open","sticky":false,"template":"","format":"standard","meta":{"_jetpack_memberships_contains_paid_content":false,"footnotes":""},"categories":[23],"tags":[],"class_list":["post-20934","post","type-post","status-publish","format-standard","has-post-thumbnail","hentry","category-justica"],"aioseo_notices":[],"jetpack_featured_media_url":"https:\/\/i0.wp.com\/minutobahia24h.com.br\/wp-content\/uploads\/2024\/12\/Sem-titulo-261.jpg?fit=600%2C421&ssl=1","jetpack_sharing_enabled":true,"_links":{"self":[{"href":"https:\/\/minutobahia24h.com.br\/index.php?rest_route=\/wp\/v2\/posts\/20934","targetHints":{"allow":["GET"]}}],"collection":[{"href":"https:\/\/minutobahia24h.com.br\/index.php?rest_route=\/wp\/v2\/posts"}],"about":[{"href":"https:\/\/minutobahia24h.com.br\/index.php?rest_route=\/wp\/v2\/types\/post"}],"author":[{"embeddable":true,"href":"https:\/\/minutobahia24h.com.br\/index.php?rest_route=\/wp\/v2\/users\/2"}],"replies":[{"embeddable":true,"href":"https:\/\/minutobahia24h.com.br\/index.php?rest_route=%2Fwp%2Fv2%2Fcomments&post=20934"}],"version-history":[{"count":1,"href":"https:\/\/minutobahia24h.com.br\/index.php?rest_route=\/wp\/v2\/posts\/20934\/revisions"}],"predecessor-version":[{"id":20936,"href":"https:\/\/minutobahia24h.com.br\/index.php?rest_route=\/wp\/v2\/posts\/20934\/revisions\/20936"}],"wp:featuredmedia":[{"embeddable":true,"href":"https:\/\/minutobahia24h.com.br\/index.php?rest_route=\/wp\/v2\/media\/20935"}],"wp:attachment":[{"href":"https:\/\/minutobahia24h.com.br\/index.php?rest_route=%2Fwp%2Fv2%2Fmedia&parent=20934"}],"wp:term":[{"taxonomy":"category","embeddable":true,"href":"https:\/\/minutobahia24h.com.br\/index.php?rest_route=%2Fwp%2Fv2%2Fcategories&post=20934"},{"taxonomy":"post_tag","embeddable":true,"href":"https:\/\/minutobahia24h.com.br\/index.php?rest_route=%2Fwp%2Fv2%2Ftags&post=20934"}],"curies":[{"name":"wp","href":"https:\/\/api.w.org\/{rel}","templated":true}]}}